{"id":21813,"date":"2022-03-28T07:20:00","date_gmt":"2022-03-28T05:20:00","guid":{"rendered":"http:\/\/sp1.kielce.eu\/?p=21813"},"modified":"2022-03-27T20:21:01","modified_gmt":"2022-03-27T18:21:01","slug":"xxi-serce-jozefa-dla-hospicjum","status":"publish","type":"post","link":"https:\/\/sp1.kielce.eu\/index.php\/2022\/03\/28\/xxi-serce-jozefa-dla-hospicjum\/","title":{"rendered":"\u201eXXI Serce J\u00f3zefa\u201d dla Hospicjum!"},"content":{"rendered":"\n<p>Ogromna <strong>wdzi\u0119czno\u015b\u0107 dla Wszystkich Eko-ofiarodawc\u00f3w<\/strong> nakr\u0119tek celem wspierania naszego kieleckiego Hospicjum.<\/p>\n\n\n\n<p>Kolejne, \u201eXXI&nbsp;Serce J\u00f3zefa\u201d <strong>dzi\u0119ki naszym Wolontariuszom<\/strong> zosta\u0142o opr\u00f3\u017cnione, spakowane w&nbsp;worki i&nbsp;przekazane do Magazynu Caritas (ul.&nbsp;Ch\u0142opska&nbsp;20a).<\/p>\n\n\n\n<p><strong>Gratulujemy! Dzi\u0119kujemy! B\u00d3G ZAP\u0141A\u0106!<\/strong><\/p>\n\n\n\n<p><strong>Nape\u0142nieni dobrem dalej nape\u0142niajmy serca-pojemniki nakr\u0119tkami!<\/strong> <\/p>\n\n\n\n<p class=\"has-text-align-right\">ks. Konrad Walerczak,<br>ks. Dariusz W\u0119grzyn,<br>p. Krystyna Banasik<\/p>\n","protected":false},"excerpt":{"rendered":"<p>Ogromna wdzi\u0119czno\u015b\u0107 dla Wszystkich Eko-ofiarodawc\u00f3w nakr\u0119tek celem wspierania naszego kieleckiego Hospicjum. Kolejne, \u201eXXI&nbsp;Serce J\u00f3zefa\u201d dzi\u0119ki [&hellip;]<\/p>\n","protected":false},"author":13,"featured_media":21814,"comment_status":"closed","ping_status":"","sticky":false,"template":"","format":"standard","meta":{"footnotes":""},"categories":[163,23],"tags":[],"class_list":["post-21813","post","type-post","status-publish","format-standard","has-post-thumbnail","hentry","category-skw","category-charytatywne"],"_links":{"self":[{"href":"https:\/\/sp1.kielce.eu\/index.php\/wp-json\/wp\/v2\/posts\/21813","targetHints":{"allow":["GET"]}}],"collection":[{"href":"https:\/\/sp1.kielce.eu\/index.php\/wp-json\/wp\/v2\/posts"}],"about":[{"href":"https:\/\/sp1.kielce.eu\/index.php\/wp-json\/wp\/v2\/types\/post"}],"author":[{"embeddable":true,"href":"https:\/\/sp1.kielce.eu\/index.php\/wp-json\/wp\/v2\/users\/13"}],"replies":[{"embeddable":true,"href":"https:\/\/sp1.kielce.eu\/index.php\/wp-json\/wp\/v2\/comments?post=21813"}],"version-history":[{"count":2,"href":"https:\/\/sp1.kielce.eu\/index.php\/wp-json\/wp\/v2\/posts\/21813\/revisions"}],"predecessor-version":[{"id":21817,"href":"https:\/\/sp1.kielce.eu\/index.php\/wp-json\/wp\/v2\/posts\/21813\/revisions\/21817"}],"wp:featuredmedia":[{"embeddable":true,"href":"https:\/\/sp1.kielce.eu\/index.php\/wp-json\/wp\/v2\/media\/21814"}],"wp:attachment":[{"href":"https:\/\/sp1.kielce.eu\/index.php\/wp-json\/wp\/v2\/media?parent=21813"}],"wp:term":[{"taxonomy":"category","embeddable":true,"href":"https:\/\/sp1.kielce.eu\/index.php\/wp-json\/wp\/v2\/categories?post=21813"},{"taxonomy":"post_tag","embeddable":true,"href":"https:\/\/sp1.kielce.eu\/index.php\/wp-json\/wp\/v2\/tags?post=21813"}],"curies":[{"name":"wp","href":"https:\/\/api.w.org\/{rel}","templated":true}]}}