{"id":21791,"date":"2022-03-22T23:26:19","date_gmt":"2022-03-22T22:26:19","guid":{"rendered":"http:\/\/sp1.kielce.eu\/?p=21791"},"modified":"2022-03-22T23:26:19","modified_gmt":"2022-03-22T22:26:19","slug":"klasa-1b-w-poszukiwaniu-oznak-wiosny","status":"publish","type":"post","link":"https:\/\/sp1.kielce.eu\/index.php\/2022\/03\/22\/klasa-1b-w-poszukiwaniu-oznak-wiosny\/","title":{"rendered":"Klasa 1B w poszukiwaniu oznak wiosny"},"content":{"rendered":"\n<p>Dnia 22.03.2022r. klasa 1B wybra\u0142a si\u0119 na spacer w&nbsp;poszukiwaniu pierwszych oznak wiosny. Dzieci z&nbsp;du\u017cym zaanga\u017cowaniem obserwowa\u0142y budz\u0105c\u0105 si\u0119 do \u017cycia przyrod\u0119. Podziwia\u0142y pi\u0119kne krokusy, p\u0105ki pojawiaj\u0105ce si\u0119 na drzewach i&nbsp;krzewach. Czas na spacerze umila\u0142y dzieciom przelatuj\u0105ce obok motyle a&nbsp;s\u0142o\u0144ce zach\u0119ca\u0142o do sp\u0119dzania czasu wolnego na \u015bwie\u017cym powietrzu.<\/p>\n\n\n\n<p class=\"has-text-align-right\">Marta Okopie\u0144<\/p>\n\n\n\n<figure class=\"wp-block-gallery has-nested-images columns-default is-cropped wp-block-gallery-1 is-layout-flex wp-block-gallery-is-layout-flex\">\n<figure class=\"wp-block-image size-large\"><a href=\"http:\/\/sp1.kielce.eu\/wp-content\/uploads\/2022\/03\/20220322_112354-Copy.jpg\"><img loading=\"lazy\" decoding=\"async\" width=\"675\" height=\"900\" data-id=\"21792\" src=\"http:\/\/sp1.kielce.eu\/wp-content\/uploads\/2022\/03\/20220322_112354-Copy.jpg\" alt=\"\" class=\"wp-image-21792\" srcset=\"https:\/\/sp1.kielce.eu\/wp-content\/uploads\/2022\/03\/20220322_112354-Copy.jpg 675w, https:\/\/sp1.kielce.eu\/wp-content\/uploads\/2022\/03\/20220322_112354-Copy-225x300.jpg 225w\" sizes=\"auto, (max-width: 675px) 100vw, 675px\" \/><\/a><\/figure>\n\n\n\n<figure class=\"wp-block-image size-large\"><a href=\"http:\/\/sp1.kielce.eu\/wp-content\/uploads\/2022\/03\/20220322_112518-Copy.jpg\"><img loading=\"lazy\" decoding=\"async\" width=\"1200\" height=\"900\" data-id=\"21793\" src=\"http:\/\/sp1.kielce.eu\/wp-content\/uploads\/2022\/03\/20220322_112518-Copy.jpg\" alt=\"\" class=\"wp-image-21793\" srcset=\"https:\/\/sp1.kielce.eu\/wp-content\/uploads\/2022\/03\/20220322_112518-Copy.jpg 1200w, https:\/\/sp1.kielce.eu\/wp-content\/uploads\/2022\/03\/20220322_112518-Copy-300x225.jpg 300w, https:\/\/sp1.kielce.eu\/wp-content\/uploads\/2022\/03\/20220322_112518-Copy-768x576.jpg 768w, https:\/\/sp1.kielce.eu\/wp-content\/uploads\/2022\/03\/20220322_112518-Copy-820x615.jpg 820w\" sizes=\"auto, (max-width: 1200px) 100vw, 1200px\" \/><\/a><\/figure>\n\n\n\n<figure class=\"wp-block-image size-large\"><a href=\"http:\/\/sp1.kielce.eu\/wp-content\/uploads\/2022\/03\/20220322_113202-Copy.jpg\"><img loading=\"lazy\" decoding=\"async\" width=\"1200\" height=\"900\" data-id=\"21794\" src=\"http:\/\/sp1.kielce.eu\/wp-content\/uploads\/2022\/03\/20220322_113202-Copy.jpg\" alt=\"\" class=\"wp-image-21794\" srcset=\"https:\/\/sp1.kielce.eu\/wp-content\/uploads\/2022\/03\/20220322_113202-Copy.jpg 1200w, https:\/\/sp1.kielce.eu\/wp-content\/uploads\/2022\/03\/20220322_113202-Copy-300x225.jpg 300w, https:\/\/sp1.kielce.eu\/wp-content\/uploads\/2022\/03\/20220322_113202-Copy-768x576.jpg 768w, https:\/\/sp1.kielce.eu\/wp-content\/uploads\/2022\/03\/20220322_113202-Copy-820x615.jpg 820w\" sizes=\"auto, (max-width: 1200px) 100vw, 1200px\" \/><\/a><\/figure>\n<\/figure>\n","protected":false},"excerpt":{"rendered":"<p>Dnia 22.03.2022r. klasa 1B wybra\u0142a si\u0119 na spacer w&nbsp;poszukiwaniu pierwszych oznak wiosny. Dzieci z&nbsp;du\u017cym zaanga\u017cowaniem [&hellip;]<\/p>\n","protected":false},"author":13,"featured_media":21795,"comment_status":"closed","ping_status":"","sticky":false,"template":"","format":"standard","meta":{"footnotes":""},"categories":[3],"tags":[],"class_list":["post-21791","post","type-post","status-publish","format-standard","has-post-thumbnail","hentry","category-wycieczki"],"_links":{"self":[{"href":"https:\/\/sp1.kielce.eu\/index.php\/wp-json\/wp\/v2\/posts\/21791","targetHints":{"allow":["GET"]}}],"collection":[{"href":"https:\/\/sp1.kielce.eu\/index.php\/wp-json\/wp\/v2\/posts"}],"about":[{"href":"https:\/\/sp1.kielce.eu\/index.php\/wp-json\/wp\/v2\/types\/post"}],"author":[{"embeddable":true,"href":"https:\/\/sp1.kielce.eu\/index.php\/wp-json\/wp\/v2\/users\/13"}],"replies":[{"embeddable":true,"href":"https:\/\/sp1.kielce.eu\/index.php\/wp-json\/wp\/v2\/comments?post=21791"}],"version-history":[{"count":1,"href":"https:\/\/sp1.kielce.eu\/index.php\/wp-json\/wp\/v2\/posts\/21791\/revisions"}],"predecessor-version":[{"id":21796,"href":"https:\/\/sp1.kielce.eu\/index.php\/wp-json\/wp\/v2\/posts\/21791\/revisions\/21796"}],"wp:featuredmedia":[{"embeddable":true,"href":"https:\/\/sp1.kielce.eu\/index.php\/wp-json\/wp\/v2\/media\/21795"}],"wp:attachment":[{"href":"https:\/\/sp1.kielce.eu\/index.php\/wp-json\/wp\/v2\/media?parent=21791"}],"wp:term":[{"taxonomy":"category","embeddable":true,"href":"https:\/\/sp1.kielce.eu\/index.php\/wp-json\/wp\/v2\/categories?post=21791"},{"taxonomy":"post_tag","embeddable":true,"href":"https:\/\/sp1.kielce.eu\/index.php\/wp-json\/wp\/v2\/tags?post=21791"}],"curies":[{"name":"wp","href":"https:\/\/api.w.org\/{rel}","templated":true}]}}