{"id":21761,"date":"2022-03-21T21:21:31","date_gmt":"2022-03-21T20:21:31","guid":{"rendered":"http:\/\/sp1.kielce.eu\/?p=21761"},"modified":"2022-03-21T21:21:31","modified_gmt":"2022-03-21T20:21:31","slug":"pragniemy-nasladowac-swietego-jozefa","status":"publish","type":"post","link":"https:\/\/sp1.kielce.eu\/index.php\/2022\/03\/21\/pragniemy-nasladowac-swietego-jozefa\/","title":{"rendered":"Pragniemy na\u015bladowa\u0107 \u015awi\u0119tego J\u00f3zefa"},"content":{"rendered":"\n<p>&nbsp;&nbsp;&nbsp;&nbsp;&nbsp;&nbsp;&nbsp;&nbsp;&nbsp;&nbsp;&nbsp; Ka\u017cdy dzie\u0144 marca, w&nbsp;szczeg\u00f3lny spos\u00f3b po\u015bwi\u0119cony jest \u015bwi\u0119temu J\u00f3zefowi.<\/p>\n\n\n\n<p>Dla patrona naszej Parafii przygotowali\u015bmy wystaw\u0119 prac plastycznych wykonanych przez uczni\u00f3w z&nbsp;klas pierwszych, drugich i&nbsp;trzecich.<\/p>\n\n\n\n<p>Opr\u00f3cz kolorowanek dzieci, w&nbsp;ramach konkursu, wykona\u0142y prace samodzielnie zaprojektowane. Najciekawsze portrety \u015bwi\u0119tego J\u00f3zefa zaprezentowa\u0142a klasa 2b.<\/p>\n\n\n\n<p>Niezawodny Opiekun \u015awi\u0119tej Rodziny uczy nas pracowito\u015bci, odpowiedzialno\u015bci i&nbsp;mi\u0142o\u015bci. \u015awi\u0119tego J\u00f3zefa mo\u017cemy na\u015bladowa\u0107 w&nbsp;naszym codziennym \u017cyciu pomagaj\u0105c innym i&nbsp;zawsze ufaj\u0105c Bogu.<\/p>\n\n\n\n<p class=\"has-text-align-right\"><em>s. Faustyna Czajkowska<\/em><\/p>\n\n\n\n<figure class=\"wp-block-gallery has-nested-images columns-4 is-cropped wp-block-gallery-1 is-layout-flex wp-block-gallery-is-layout-flex\">\n<figure class=\"wp-block-image size-large\"><a href=\"http:\/\/sp1.kielce.eu\/wp-content\/uploads\/2022\/03\/J1-Copy.jpg\"><img loading=\"lazy\" decoding=\"async\" width=\"1200\" height=\"675\" data-id=\"21762\" src=\"http:\/\/sp1.kielce.eu\/wp-content\/uploads\/2022\/03\/J1-Copy.jpg\" alt=\"\" class=\"wp-image-21762\" srcset=\"https:\/\/sp1.kielce.eu\/wp-content\/uploads\/2022\/03\/J1-Copy.jpg 1200w, https:\/\/sp1.kielce.eu\/wp-content\/uploads\/2022\/03\/J1-Copy-300x169.jpg 300w, https:\/\/sp1.kielce.eu\/wp-content\/uploads\/2022\/03\/J1-Copy-768x432.jpg 768w, https:\/\/sp1.kielce.eu\/wp-content\/uploads\/2022\/03\/J1-Copy-820x461.jpg 820w\" sizes=\"auto, (max-width: 1200px) 100vw, 1200px\" \/><\/a><\/figure>\n\n\n\n<figure class=\"wp-block-image size-large\"><a href=\"http:\/\/sp1.kielce.eu\/wp-content\/uploads\/2022\/03\/J2-Copy.jpg\"><img loading=\"lazy\" decoding=\"async\" width=\"1200\" height=\"675\" data-id=\"21765\" src=\"http:\/\/sp1.kielce.eu\/wp-content\/uploads\/2022\/03\/J2-Copy.jpg\" alt=\"\" class=\"wp-image-21765\" srcset=\"https:\/\/sp1.kielce.eu\/wp-content\/uploads\/2022\/03\/J2-Copy.jpg 1200w, https:\/\/sp1.kielce.eu\/wp-content\/uploads\/2022\/03\/J2-Copy-300x169.jpg 300w, https:\/\/sp1.kielce.eu\/wp-content\/uploads\/2022\/03\/J2-Copy-768x432.jpg 768w, https:\/\/sp1.kielce.eu\/wp-content\/uploads\/2022\/03\/J2-Copy-820x461.jpg 820w\" sizes=\"auto, (max-width: 1200px) 100vw, 1200px\" \/><\/a><\/figure>\n\n\n\n<figure class=\"wp-block-image size-large\"><a href=\"http:\/\/sp1.kielce.eu\/wp-content\/uploads\/2022\/03\/J3-Copy.jpg\"><img loading=\"lazy\" decoding=\"async\" width=\"1200\" height=\"675\" data-id=\"21764\" src=\"http:\/\/sp1.kielce.eu\/wp-content\/uploads\/2022\/03\/J3-Copy.jpg\" alt=\"\" class=\"wp-image-21764\" srcset=\"https:\/\/sp1.kielce.eu\/wp-content\/uploads\/2022\/03\/J3-Copy.jpg 1200w, https:\/\/sp1.kielce.eu\/wp-content\/uploads\/2022\/03\/J3-Copy-300x169.jpg 300w, https:\/\/sp1.kielce.eu\/wp-content\/uploads\/2022\/03\/J3-Copy-768x432.jpg 768w, https:\/\/sp1.kielce.eu\/wp-content\/uploads\/2022\/03\/J3-Copy-820x461.jpg 820w\" sizes=\"auto, (max-width: 1200px) 100vw, 1200px\" \/><\/a><\/figure>\n\n\n\n<figure class=\"wp-block-image size-large\"><a href=\"http:\/\/sp1.kielce.eu\/wp-content\/uploads\/2022\/03\/J4-Copy.jpg\"><img loading=\"lazy\" decoding=\"async\" width=\"1200\" height=\"675\" data-id=\"21763\" src=\"http:\/\/sp1.kielce.eu\/wp-content\/uploads\/2022\/03\/J4-Copy.jpg\" alt=\"\" class=\"wp-image-21763\" srcset=\"https:\/\/sp1.kielce.eu\/wp-content\/uploads\/2022\/03\/J4-Copy.jpg 1200w, https:\/\/sp1.kielce.eu\/wp-content\/uploads\/2022\/03\/J4-Copy-300x169.jpg 300w, https:\/\/sp1.kielce.eu\/wp-content\/uploads\/2022\/03\/J4-Copy-768x432.jpg 768w, https:\/\/sp1.kielce.eu\/wp-content\/uploads\/2022\/03\/J4-Copy-820x461.jpg 820w\" sizes=\"auto, (max-width: 1200px) 100vw, 1200px\" \/><\/a><\/figure>\n<\/figure>\n","protected":false},"excerpt":{"rendered":"<p>&nbsp;&nbsp;&nbsp;&nbsp;&nbsp;&nbsp;&nbsp;&nbsp;&nbsp;&nbsp;&nbsp; Ka\u017cdy dzie\u0144 marca, w&nbsp;szczeg\u00f3lny spos\u00f3b po\u015bwi\u0119cony jest \u015bwi\u0119temu J\u00f3zefowi. Dla patrona naszej Parafii przygotowali\u015bmy [&hellip;]<\/p>\n","protected":false},"author":13,"featured_media":21766,"comment_status":"closed","ping_status":"","sticky":false,"template":"","format":"standard","meta":{"footnotes":""},"categories":[36],"tags":[],"class_list":["post-21761","post","type-post","status-publish","format-standard","has-post-thumbnail","hentry","category-wydarzenia"],"_links":{"self":[{"href":"https:\/\/sp1.kielce.eu\/index.php\/wp-json\/wp\/v2\/posts\/21761","targetHints":{"allow":["GET"]}}],"collection":[{"href":"https:\/\/sp1.kielce.eu\/index.php\/wp-json\/wp\/v2\/posts"}],"about":[{"href":"https:\/\/sp1.kielce.eu\/index.php\/wp-json\/wp\/v2\/types\/post"}],"author":[{"embeddable":true,"href":"https:\/\/sp1.kielce.eu\/index.php\/wp-json\/wp\/v2\/users\/13"}],"replies":[{"embeddable":true,"href":"https:\/\/sp1.kielce.eu\/index.php\/wp-json\/wp\/v2\/comments?post=21761"}],"version-history":[{"count":1,"href":"https:\/\/sp1.kielce.eu\/index.php\/wp-json\/wp\/v2\/posts\/21761\/revisions"}],"predecessor-version":[{"id":21767,"href":"https:\/\/sp1.kielce.eu\/index.php\/wp-json\/wp\/v2\/posts\/21761\/revisions\/21767"}],"wp:featuredmedia":[{"embeddable":true,"href":"https:\/\/sp1.kielce.eu\/index.php\/wp-json\/wp\/v2\/media\/21766"}],"wp:attachment":[{"href":"https:\/\/sp1.kielce.eu\/index.php\/wp-json\/wp\/v2\/media?parent=21761"}],"wp:term":[{"taxonomy":"category","embeddable":true,"href":"https:\/\/sp1.kielce.eu\/index.php\/wp-json\/wp\/v2\/categories?post=21761"},{"taxonomy":"post_tag","embeddable":true,"href":"https:\/\/sp1.kielce.eu\/index.php\/wp-json\/wp\/v2\/tags?post=21761"}],"curies":[{"name":"wp","href":"https:\/\/api.w.org\/{rel}","templated":true}]}}