{"id":21754,"date":"2022-03-21T21:19:47","date_gmt":"2022-03-21T20:19:47","guid":{"rendered":"http:\/\/sp1.kielce.eu\/?p=21754"},"modified":"2022-03-21T21:19:47","modified_gmt":"2022-03-21T20:19:47","slug":"mali-polacy-pozdrawiaja-ukraine","status":"publish","type":"post","link":"https:\/\/sp1.kielce.eu\/index.php\/2022\/03\/21\/mali-polacy-pozdrawiaja-ukraine\/","title":{"rendered":"Mali Polacy pozdrawiaj\u0105 UKRAIN\u0118!"},"content":{"rendered":"\n<p>&nbsp;&nbsp;&nbsp;&nbsp;&nbsp;&nbsp;&nbsp;&nbsp;&nbsp;&nbsp;&nbsp; Uczniowie klas pierwszych, drugich i&nbsp;trzecich, pod kierunkiem katechetki \u2013 s.&nbsp;Faustyny Czajkowskiej, przygotowali prace plastyczne. Przez modlitw\u0119, dobre s\u0142owa i&nbsp;kolorowe kwiaty wyrazili \u017cyczliwo\u015b\u0107 i&nbsp;wsparcie dla narodu Ukrai\u0144skiego.<\/p>\n\n\n\n<p>Mali Polacy, z&nbsp;pomoc\u0105 koleg\u00f3w i&nbsp;kole\u017canek z&nbsp;Ukrainy uczyli si\u0119 odczytywa\u0107 w&nbsp;j\u0119zyku ukrai\u0144skim has\u0142a, kt\u00f3re nast\u0119pnie udekorowali na kartkach papieru.<\/p>\n\n\n\n<p><em>Z ca\u0142ego serca &#8211; Witamy was, Witamy was!<\/em><em><\/em><\/p>\n\n\n\n<p><strong>\u0412\u0456\u0434 \u0449\u0438\u0440\u043e\u0433\u043e \u0441\u0435\u0440\u0446\u044f &#8211; \u0412\u0456\u0442\u0430\u0454\u043c\u043e \u0412\u0430\u0441, \u0412\u0456\u0442\u0430\u0454\u043c\u043e \u0412\u0430\u0441 !<\/strong><\/p>\n\n\n\n<p><em>Bracia i siostry z Polski jednocz\u0105 si\u0119 z Tob\u0105 Ukraino!<\/em><em><\/em><\/p>\n\n\n\n<p><em>Nie jeste\u015b Sama!<\/em><\/p>\n\n\n\n<p><strong>\u0411\u0440\u0430\u0442\u0438 \u0456 \u0441\u0435\u0441\u0442\u0440\u0438 \u0437 \u041f\u043e\u043b\u044c\u0449\u0456 \u0454\u0434\u043d\u0430\u044e\u0442\u044c\u0441\u044f \u0437 \u0422\u043e\u0431\u043e\u044e \u0423\u043a\u0440\u0430\u0457\u043d\u043e!<\/strong><strong><\/strong><\/p>\n\n\n\n<p><strong>\u0422\u0438 \u043d\u0435 \u0421\u0430\u043c\u0430!<\/strong><\/p>\n\n\n\n<p><em>Wyci\u0105gamy r\u0119ce i \u017cyczymy wszystkiego najlepszego naszemu s\u0105siadowi!<\/em><\/p>\n\n\n\n<p><strong>\u041f\u0440\u043e\u0442\u044f\u0433\u0443\u0454\u043c\u043e \u043d\u0430\u0448\u0456 \u0440\u0443\u043a\u0438 \u0456 \u0411\u0430\u0436\u0454\u043c\u043e \u0432\u0441\u044c\u043e\u0433\u043e \u043d\u0430\u0439\u043a\u0440\u0430\u0449\u043e\u0433\u043e \u041d\u0430\u0448\u0438\u043c \u0441\u0443\u0441\u0456\u0434a\u043c!<\/strong><\/p>\n\n\n\n<p><em>Witamy, otwieramy nasze r\u0119ce i nasze serca!<\/em><\/p>\n\n\n\n<p><strong>\u0412\u0456\u0442\u0430\u0439\u0442\u0435, \u0412\u0456\u0434\u043a\u0440\u0438\u0432\u0430\u0454\u043c\u043e \u041d\u0430\u0448\u0456 \u0440\u0443\u043a\u0438 \u0456 \u041d\u0430\u0448\u0456 \u0421\u0435\u0440\u0446\u044f!<\/strong><\/p>\n\n\n\n<p><em>Chwa\u0142a Ukrainie! Chwa\u0142a bohaterom!<\/em><\/p>\n\n\n\n<p><strong>\u0421\u043b\u0430\u0432\u0430 \u0423\u043a\u0440\u0430\u0457\u043d\u0456 ! \u0413\u0435\u0440\u043e\u044f\u043c \u0421\u043b\u0430\u0432\u0430!<\/strong><\/p>\n\n\n\n<p><em>Pok\u00f3j dla Ukrainy!<\/em><\/p>\n\n\n\n<p><strong>\u041c\u0438\u0440 \u0434\u043b\u044f \u0423\u043a\u0440\u0430\u0457\u043d\u0438!<\/strong><\/p>\n\n\n\n<p class=\"has-text-align-right\"><em>s. Faustyna Czajkowska<\/em><\/p>\n\n\n\n<figure class=\"wp-block-gallery has-nested-images columns-4 is-cropped wp-block-gallery-1 is-layout-flex wp-block-gallery-is-layout-flex\">\n<figure class=\"wp-block-image size-large\"><a href=\"http:\/\/sp1.kielce.eu\/wp-content\/uploads\/2022\/03\/U1-Copy.jpg\"><img loading=\"lazy\" decoding=\"async\" width=\"1200\" height=\"675\" data-id=\"21757\" src=\"http:\/\/sp1.kielce.eu\/wp-content\/uploads\/2022\/03\/U1-Copy.jpg\" alt=\"\" class=\"wp-image-21757\" srcset=\"https:\/\/sp1.kielce.eu\/wp-content\/uploads\/2022\/03\/U1-Copy.jpg 1200w, https:\/\/sp1.kielce.eu\/wp-content\/uploads\/2022\/03\/U1-Copy-300x169.jpg 300w, https:\/\/sp1.kielce.eu\/wp-content\/uploads\/2022\/03\/U1-Copy-768x432.jpg 768w, https:\/\/sp1.kielce.eu\/wp-content\/uploads\/2022\/03\/U1-Copy-820x461.jpg 820w\" sizes=\"auto, (max-width: 1200px) 100vw, 1200px\" \/><\/a><\/figure>\n\n\n\n<figure class=\"wp-block-image size-large\"><a href=\"http:\/\/sp1.kielce.eu\/wp-content\/uploads\/2022\/03\/U2-Copy.jpg\"><img loading=\"lazy\" decoding=\"async\" width=\"1200\" height=\"675\" data-id=\"21758\" src=\"http:\/\/sp1.kielce.eu\/wp-content\/uploads\/2022\/03\/U2-Copy.jpg\" alt=\"\" class=\"wp-image-21758\" srcset=\"https:\/\/sp1.kielce.eu\/wp-content\/uploads\/2022\/03\/U2-Copy.jpg 1200w, https:\/\/sp1.kielce.eu\/wp-content\/uploads\/2022\/03\/U2-Copy-300x169.jpg 300w, https:\/\/sp1.kielce.eu\/wp-content\/uploads\/2022\/03\/U2-Copy-768x432.jpg 768w, https:\/\/sp1.kielce.eu\/wp-content\/uploads\/2022\/03\/U2-Copy-820x461.jpg 820w\" sizes=\"auto, (max-width: 1200px) 100vw, 1200px\" \/><\/a><\/figure>\n\n\n\n<figure class=\"wp-block-image size-large\"><a href=\"http:\/\/sp1.kielce.eu\/wp-content\/uploads\/2022\/03\/U3-Copy.jpg\"><img loading=\"lazy\" decoding=\"async\" width=\"1200\" height=\"675\" data-id=\"21756\" src=\"http:\/\/sp1.kielce.eu\/wp-content\/uploads\/2022\/03\/U3-Copy.jpg\" alt=\"\" class=\"wp-image-21756\" srcset=\"https:\/\/sp1.kielce.eu\/wp-content\/uploads\/2022\/03\/U3-Copy.jpg 1200w, https:\/\/sp1.kielce.eu\/wp-content\/uploads\/2022\/03\/U3-Copy-300x169.jpg 300w, https:\/\/sp1.kielce.eu\/wp-content\/uploads\/2022\/03\/U3-Copy-768x432.jpg 768w, https:\/\/sp1.kielce.eu\/wp-content\/uploads\/2022\/03\/U3-Copy-820x461.jpg 820w\" sizes=\"auto, (max-width: 1200px) 100vw, 1200px\" \/><\/a><\/figure>\n\n\n\n<figure class=\"wp-block-image size-large\"><a href=\"http:\/\/sp1.kielce.eu\/wp-content\/uploads\/2022\/03\/U4-Copy.jpg\"><img loading=\"lazy\" decoding=\"async\" width=\"1200\" height=\"675\" data-id=\"21755\" src=\"http:\/\/sp1.kielce.eu\/wp-content\/uploads\/2022\/03\/U4-Copy.jpg\" alt=\"\" class=\"wp-image-21755\" srcset=\"https:\/\/sp1.kielce.eu\/wp-content\/uploads\/2022\/03\/U4-Copy.jpg 1200w, https:\/\/sp1.kielce.eu\/wp-content\/uploads\/2022\/03\/U4-Copy-300x169.jpg 300w, https:\/\/sp1.kielce.eu\/wp-content\/uploads\/2022\/03\/U4-Copy-768x432.jpg 768w, https:\/\/sp1.kielce.eu\/wp-content\/uploads\/2022\/03\/U4-Copy-820x461.jpg 820w\" sizes=\"auto, (max-width: 1200px) 100vw, 1200px\" \/><\/a><\/figure>\n<\/figure>\n","protected":false},"excerpt":{"rendered":"<p>&nbsp;&nbsp;&nbsp;&nbsp;&nbsp;&nbsp;&nbsp;&nbsp;&nbsp;&nbsp;&nbsp; Uczniowie klas pierwszych, drugich i&nbsp;trzecich, pod kierunkiem katechetki \u2013 s.&nbsp;Faustyny Czajkowskiej, przygotowali prace plastyczne. [&hellip;]<\/p>\n","protected":false},"author":13,"featured_media":21759,"comment_status":"closed","ping_status":"","sticky":false,"template":"","format":"standard","meta":{"footnotes":""},"categories":[36],"tags":[],"class_list":["post-21754","post","type-post","status-publish","format-standard","has-post-thumbnail","hentry","category-wydarzenia"],"_links":{"self":[{"href":"https:\/\/sp1.kielce.eu\/index.php\/wp-json\/wp\/v2\/posts\/21754","targetHints":{"allow":["GET"]}}],"collection":[{"href":"https:\/\/sp1.kielce.eu\/index.php\/wp-json\/wp\/v2\/posts"}],"about":[{"href":"https:\/\/sp1.kielce.eu\/index.php\/wp-json\/wp\/v2\/types\/post"}],"author":[{"embeddable":true,"href":"https:\/\/sp1.kielce.eu\/index.php\/wp-json\/wp\/v2\/users\/13"}],"replies":[{"embeddable":true,"href":"https:\/\/sp1.kielce.eu\/index.php\/wp-json\/wp\/v2\/comments?post=21754"}],"version-history":[{"count":1,"href":"https:\/\/sp1.kielce.eu\/index.php\/wp-json\/wp\/v2\/posts\/21754\/revisions"}],"predecessor-version":[{"id":21760,"href":"https:\/\/sp1.kielce.eu\/index.php\/wp-json\/wp\/v2\/posts\/21754\/revisions\/21760"}],"wp:featuredmedia":[{"embeddable":true,"href":"https:\/\/sp1.kielce.eu\/index.php\/wp-json\/wp\/v2\/media\/21759"}],"wp:attachment":[{"href":"https:\/\/sp1.kielce.eu\/index.php\/wp-json\/wp\/v2\/media?parent=21754"}],"wp:term":[{"taxonomy":"category","embeddable":true,"href":"https:\/\/sp1.kielce.eu\/index.php\/wp-json\/wp\/v2\/categories?post=21754"},{"taxonomy":"post_tag","embeddable":true,"href":"https:\/\/sp1.kielce.eu\/index.php\/wp-json\/wp\/v2\/tags?post=21754"}],"curies":[{"name":"wp","href":"https:\/\/api.w.org\/{rel}","templated":true}]}}