{"id":21723,"date":"2022-03-21T11:15:08","date_gmt":"2022-03-21T10:15:08","guid":{"rendered":"http:\/\/sp1.kielce.eu\/?p=21723"},"modified":"2022-03-21T11:15:08","modified_gmt":"2022-03-21T10:15:08","slug":"regulamin-szkolnego-konkursu-upowszechniajacegozasady-savoir-vivreusztuka-pieknego-zycia","status":"publish","type":"post","link":"https:\/\/sp1.kielce.eu\/index.php\/2022\/03\/21\/regulamin-szkolnego-konkursu-upowszechniajacegozasady-savoir-vivreusztuka-pieknego-zycia\/","title":{"rendered":"<strong>Regulamin szkolnego Konkursu upowszechniaj\u0105cegozasady savoir-vivre\u2019u<\/strong><strong>\u201eSZTUKA PI\u0118KNEGO \u017bYCIA\u201d.<\/strong>"},"content":{"rendered":"\n<p><strong>Organizatorem konkursu jest Szko\u0142a Podstawowa nr 1 im. Stanis\u0142awa Staszica<br>w Kielcach.<\/strong><\/p>\n\n\n\n<p><strong><em>Przy opracowywaniu has\u0142a, prezentacji, pyta\u0144 konkursowych oraz &nbsp;pomocy dydaktycznych zw. z organizacj\u0105 i przeprowadzeniem konkursu wykorzystano opracowanie Ks. Janusza Sta\u0144czuka oraz ilustracje autorstwa p. Anety Fontner-Doro\u017cy\u0144skiej umieszczone w publikacji pt. \u201eSavoir-vivre dla dzieci. Poradnik o dobrym wychowaniu\u201d, ks. Janusz Sta\u0144czyk, opracowanie graficzne Agnieszka i Bogdan Id\u017akowscy, red. Izabella Jarocka. Wyd. Si\u00f3str Loretanek, Warszawa 2016. &nbsp;<\/em><\/strong><\/p>\n\n\n\n<p><strong>Regulamin okre\u015bla cele konkursu, jego uczestnik\u00f3w, zadania konkursowe i ich tematyk\u0119 oraz zasady nagradzania i prezentacji osi\u0105gni\u0119\u0107 konkursu.<\/strong><\/p>\n\n\n\n<p><strong>\u00a7 1. Cele konkursu:<\/strong><\/p>\n\n\n\n<ol class=\"wp-block-list\" type=\"1\"><li>Promowanie w\u015br\u00f3d uczni\u00f3w zasad dobrego wychowania.<\/li><li>Kszta\u0142towanie kultury osobistej i kultury j\u0119zyka oraz szacunku wobec innych ludzi.<\/li><li>Rozwijanie umiej\u0119tno\u015bci wykorzystania nowych technologii do promowania kultury osobistej.<\/li><li>Kszta\u0142towanie umiej\u0119tno\u015bci pracy w grupach.<\/li><\/ol>\n\n\n\n<p><strong>\u00a7 2. Uczestnicy konkursu:<\/strong><\/p>\n\n\n\n<p>Konkurs jest skierowany do wszystkich uczni\u00f3w Szko\u0142y Podstawowej nr 1 im. Stanis\u0142awa Staszicaw Kielcach.<\/p>\n\n\n\n<p><strong>\u00a7 3. Zadania konkursowe:<\/strong><\/p>\n\n\n\n<p><strong>I FORMU\u0141A KONKURSU<br><\/strong>(dla wszystkich uczni\u00f3w)<\/p>\n\n\n\n<ol class=\"wp-block-list\" type=\"1\"><li><strong>Etap I klasowy<\/strong> &#8211; prezentacja podstawowych zasad savoir-vivre\u2019u na godzinach wychowawczych w ka\u017cdej klasie (1-8). Dodatkowo w klasach 4-8 na koniec lekcji wszyscy uczniowie rozwi\u0105zuj\u0105 test (oddzielnie dla klas 4-6 i 7-8). 3 najlepszych uczni\u00f3w, kt\u00f3rzy osi\u0105gn\u0105 najwi\u0119cej punkt\u00f3w, zostanie wytypowanych jako przedstawicieli klasy do udzia\u0142u w II etapie konkursu.<\/li><li><strong>Etap II szkolny<\/strong> \u2013 rozwi\u0105zanie testu \u2013 quizu przez uczni\u00f3w, kt\u00f3rzy zwyci\u0119\u017cyli etap klasowy (dwa warianty testu: dla klas 4-6 i 7-8) w formie papierowej.<\/li><\/ol>\n\n\n\n<p><strong>II FORMU\u0141A KONKURSU<br><\/strong>(dla ch\u0119tnych)<\/p>\n\n\n\n<ol class=\"wp-block-list\" type=\"1\"><li><strong>Klasy 1-3<\/strong> \u2013 nauka i recytacja rymowanek \u2013 hase\u0142 na temat dobrych manier lub ich zobrazowanie przedstawienie w formie pracy plastycznej.&nbsp;<\/li><li><strong>Klasy 4-6<\/strong> \u2013 wykonywanie plakat\u00f3w lub grafik komputerowych o tematyce savoir-vivre\u2019u.<\/li><li><strong>Klasy 7-8<\/strong> \u2013 przygotowanie kr\u00f3tkometra\u017cowego filmu (3-6 minut) promuj\u0105cego zasady savoir-vivre\u2019u.<\/li><\/ol>\n\n\n\n<p>Przyk\u0142adowe tematy: zachowanie w miejscach publicznych \u2013 komunikacja publiczna, kino,&nbsp; teatr, sklep, szko\u0142a, restauracja, podr\u00f3\u017ce, wakacje i savoir-vivre za granic\u0105, ubi\u00f3r, kultura dnia codziennego, netykieta, kontakty damsko-m\u0119skie, kontakty mi\u0119dzy pokoleniami, inne zagadnienia savoir vivre\u2019u dotycz\u0105ce przestrzenie publicznej.<\/p>\n\n\n\n<p><strong>\u00a7 4. Terminy<\/strong><\/p>\n\n\n\n<p><strong>I Formu\u0142a konkursu:<\/strong><\/p>\n\n\n\n<p><strong>I etap<\/strong> \u2013 prezentacje zostan\u0105 przedstawione na lekcjach wychowawczych we wszystkich klasach w okresie od 21 marca do 31 marca 2022 r.<\/p>\n\n\n\n<p><strong>II etap<\/strong> \u2013 test zostanie przeprowadzony 1 &#8211; 12 kwietnia 2022 r.<\/p>\n\n\n\n<p><strong>II Formu\u0142a konkursu:<\/strong><\/p>\n\n\n\n<p>Przygotowane prace plastyczne oraz nagrane filmy b\u0119dzie mo\u017cna oddawa\u0107 wychowawcy klasy.<\/p>\n\n\n\n<p>Recytacja wierszyk\u00f3w dla uczni\u00f3w z klas 1-3 oraz prezentacja prac plastycznych (klasy 4-6)<br>i przygotowanych film\u00f3w (klasy 7-8) odb\u0119dzie si\u0119 w dniu 22 kwietnia 2022 r.<\/p>\n\n\n\n<p><strong>\u00a7 5. Zasady nagradzania<\/strong><\/p>\n\n\n\n<ol class=\"wp-block-list\" type=\"1\"><li>Organizatorzy konkursu dokonaj\u0105 podsumowania quiz\u00f3w w klasach oraz testu szkolnego i wy\u0142oni\u0105 zwyci\u0119zc\u00f3w.<\/li><li>Ocen\u0119 zaprezentowanych prac oraz wyrecytowanych wierszy dokona profesjonalne, niezale\u017cne jury.<\/li><li>Zwyci\u0119zcy obydw\u00f3ch form konkursu otrzymaj\u0105 nagrody i dyplomy, oraz dodatkowe punkty z zachowania.<\/li><\/ol>\n\n\n\n<p><strong>Organizatorzy:&nbsp;&nbsp;&nbsp;&nbsp;&nbsp;&nbsp;&nbsp;&nbsp;&nbsp;&nbsp;&nbsp;&nbsp;&nbsp;&nbsp;&nbsp;&nbsp;&nbsp;&nbsp;&nbsp;&nbsp;&nbsp;&nbsp;&nbsp;&nbsp;&nbsp;&nbsp;&nbsp;&nbsp;&nbsp;&nbsp;&nbsp;&nbsp;&nbsp;&nbsp;&nbsp;&nbsp;&nbsp;&nbsp;&nbsp;&nbsp;&nbsp;&nbsp;&nbsp;&nbsp;&nbsp;&nbsp;&nbsp;&nbsp;&nbsp;&nbsp;&nbsp;&nbsp;&nbsp;&nbsp;&nbsp;&nbsp;&nbsp;&nbsp;&nbsp;&nbsp;&nbsp;&nbsp;&nbsp;&nbsp;&nbsp;&nbsp;&nbsp;&nbsp;&nbsp;&nbsp;&nbsp;&nbsp;&nbsp;&nbsp;&nbsp;&nbsp;&nbsp;&nbsp;&nbsp;&nbsp;&nbsp; Dyrektor:<\/strong><\/p>\n\n\n\n<p><strong>ks. Dariusz W\u0119grzyn \u2013 koordynator&nbsp;&nbsp;&nbsp;&nbsp;&nbsp;&nbsp;&nbsp;&nbsp;&nbsp;&nbsp;&nbsp;&nbsp;&nbsp;&nbsp;&nbsp;&nbsp;&nbsp;&nbsp;&nbsp;&nbsp;&nbsp;&nbsp;&nbsp;&nbsp;&nbsp;&nbsp;&nbsp;&nbsp;&nbsp;&nbsp;&nbsp;&nbsp;&nbsp;&nbsp;&nbsp;&nbsp;&nbsp;&nbsp;&nbsp;&nbsp;&nbsp;&nbsp;&nbsp;&nbsp;&nbsp;&nbsp;&nbsp;&nbsp;&nbsp;&nbsp;&nbsp;&nbsp;&nbsp;&nbsp;&nbsp;&nbsp;&nbsp;&nbsp; \u017baneta Szczepaniak<\/strong><\/p>\n\n\n\n<p><strong>Iwona M\u0142ynarczyk-Halicka kl. 4-8<\/strong><\/p>\n\n\n\n<p><strong>Ewa Nowak \u00a0\u00a0 kl. 1-3<\/strong><\/p>\n\n\n\n<div class=\"wp-block-file\"><a id=\"wp-block-file--media-d43d93d9-21c7-4019-b595-268d1e5d77d9\" href=\"http:\/\/sp1.kielce.eu\/wp-content\/uploads\/2022\/03\/Prezentacja-SP-1-im-S-Staszica-KLASY-4-6-CZ\u00a6sU\u00a6c-PIERWSZA-SZTUKA-PI\u00a6sKNEGO-\u00acYCIA.pptx\">Prezentacja SP 1 im S Staszica KLASY 4-6 CZ\u00a6\u015b+\u00dc\u00a6\u0107 PIERWSZA SZTUKA PI\u00a6\u015bKNEGO +\u00acYCIA<\/a><a href=\"http:\/\/sp1.kielce.eu\/wp-content\/uploads\/2022\/03\/Prezentacja-SP-1-im-S-Staszica-KLASY-4-6-CZ\u00a6sU\u00a6c-PIERWSZA-SZTUKA-PI\u00a6sKNEGO-\u00acYCIA.pptx\" class=\"wp-block-file__button\" download aria-describedby=\"wp-block-file--media-d43d93d9-21c7-4019-b595-268d1e5d77d9\">Pobierz<\/a><\/div>\n\n\n\n<div class=\"wp-block-file\"><a id=\"wp-block-file--media-dd40ff0b-1e82-46ee-b26d-b5f7c0b4fa1d\" href=\"http:\/\/sp1.kielce.eu\/wp-content\/uploads\/2022\/03\/Prezentacja-SP-1-im-S-Staszica-KLASY-4-6-CZ\u00a6sU\u00a6c-DRUGA-SZTUKA-PI\u00a6sKNEGO-\u00acYCIA.pptx\">Prezentacja SP 1 im S Staszica KLASY 4-6 CZ\u00a6\u015b+\u00dc\u00a6\u0107 DRUGA SZTUKA PI\u00a6\u015bKNEGO +\u00acYCIA<\/a><a href=\"http:\/\/sp1.kielce.eu\/wp-content\/uploads\/2022\/03\/Prezentacja-SP-1-im-S-Staszica-KLASY-4-6-CZ\u00a6sU\u00a6c-DRUGA-SZTUKA-PI\u00a6sKNEGO-\u00acYCIA.pptx\" class=\"wp-block-file__button\" download aria-describedby=\"wp-block-file--media-dd40ff0b-1e82-46ee-b26d-b5f7c0b4fa1d\">Pobierz<\/a><\/div>\n\n\n\n<p><\/p>\n","protected":false},"excerpt":{"rendered":"<p>Organizatorem konkursu jest Szko\u0142a Podstawowa nr 1 im. Stanis\u0142awa Staszicaw Kielcach. Przy opracowywaniu has\u0142a, prezentacji, [&hellip;]<\/p>\n","protected":false},"author":5,"featured_media":21726,"comment_status":"closed","ping_status":"","sticky":false,"template":"","format":"standard","meta":{"footnotes":""},"categories":[36],"tags":[],"class_list":["post-21723","post","type-post","status-publish","format-standard","has-post-thumbnail","hentry","category-wydarzenia"],"_links":{"self":[{"href":"https:\/\/sp1.kielce.eu\/index.php\/wp-json\/wp\/v2\/posts\/21723","targetHints":{"allow":["GET"]}}],"collection":[{"href":"https:\/\/sp1.kielce.eu\/index.php\/wp-json\/wp\/v2\/posts"}],"about":[{"href":"https:\/\/sp1.kielce.eu\/index.php\/wp-json\/wp\/v2\/types\/post"}],"author":[{"embeddable":true,"href":"https:\/\/sp1.kielce.eu\/index.php\/wp-json\/wp\/v2\/users\/5"}],"replies":[{"embeddable":true,"href":"https:\/\/sp1.kielce.eu\/index.php\/wp-json\/wp\/v2\/comments?post=21723"}],"version-history":[{"count":1,"href":"https:\/\/sp1.kielce.eu\/index.php\/wp-json\/wp\/v2\/posts\/21723\/revisions"}],"predecessor-version":[{"id":21727,"href":"https:\/\/sp1.kielce.eu\/index.php\/wp-json\/wp\/v2\/posts\/21723\/revisions\/21727"}],"wp:featuredmedia":[{"embeddable":true,"href":"https:\/\/sp1.kielce.eu\/index.php\/wp-json\/wp\/v2\/media\/21726"}],"wp:attachment":[{"href":"https:\/\/sp1.kielce.eu\/index.php\/wp-json\/wp\/v2\/media?parent=21723"}],"wp:term":[{"taxonomy":"category","embeddable":true,"href":"https:\/\/sp1.kielce.eu\/index.php\/wp-json\/wp\/v2\/categories?post=21723"},{"taxonomy":"post_tag","embeddable":true,"href":"https:\/\/sp1.kielce.eu\/index.php\/wp-json\/wp\/v2\/tags?post=21723"}],"curies":[{"name":"wp","href":"https:\/\/api.w.org\/{rel}","templated":true}]}}