{"id":21698,"date":"2022-03-18T17:59:30","date_gmt":"2022-03-18T16:59:30","guid":{"rendered":"http:\/\/sp1.kielce.eu\/?p=21698"},"modified":"2022-03-18T17:59:30","modified_gmt":"2022-03-18T16:59:30","slug":"viii-i-ix-pomoc-jedynki-dla-ukrainy-dziekujemy-jeszcze-raz-aktualne-informacje-o-potrzebach-linki","status":"publish","type":"post","link":"https:\/\/sp1.kielce.eu\/index.php\/2022\/03\/18\/viii-i-ix-pomoc-jedynki-dla-ukrainy-dziekujemy-jeszcze-raz-aktualne-informacje-o-potrzebach-linki\/","title":{"rendered":"<strong>VIII i IX Pomoc JEDYNKI dla Ukrainy! Dzi\u0119kujemy!<\/strong> <strong>Jeszcze raz aktualne informacje o potrzebach &#8211; linki!<\/strong>"},"content":{"rendered":"\n<p>&nbsp;&nbsp;&nbsp;&nbsp;&nbsp;&nbsp;&nbsp;&nbsp; Dzi\u0119kujemy za sta\u0142\u0105 pomoc dla uchod\u017ac\u00f3w z&nbsp;Ukrainy. Dop\u00f3ki trwa wojna na Ukrainie i&nbsp;nie wiemy kiedy si\u0119 wreszcie zako\u0144czy \u2013 wszelka konkretna pomoc jest nagl\u0105ca. Dzi\u0119kujemy Wszystkim darczy\u0144com za ka\u017cdy dar dla potrzebuj\u0105cych uchod\u017ac\u00f3w i&nbsp;pozostaj\u0105cych w&nbsp;Ukrainie, walcz\u0105cych dzielnie o&nbsp;swoj\u0105 wolno\u015b\u0107.<\/p>\n\n\n\n<p>Do\u0142\u0105czamy jeszcze raz oficjalne linki do instytucji rz\u0105dowych i&nbsp;pozarz\u0105dowych, z&nbsp;kt\u00f3rymi jako SP&nbsp;nr&nbsp;1&nbsp;wsp\u00f3\u0142pracujemy na rzecz nagl\u0105cej pomocy dla Ukrainy (pod kt\u00f3rymi na bie\u017c\u0105co, mo\u017cemy zobaczy\u0107 aktualne potrzeby):<\/p>\n\n\n\n<p><a href=\"https:\/\/www.pomagamukrainie.gov.pl\/?fbclid=IwAR2KFkay6UoaWVZYqBZL85GhnLoiwSvxfB4rNK9QS-dzUZl0mMRhzo4b69E\">https:\/\/www.pomagamukrainie.gov.pl\/?fbclid=IwAR2KFkay6UoaWVZYqBZL85GhnLoiwSvxfB4rNK9QS-dzUZl0mMRhzo4b69E<\/a><\/p>\n\n\n\n<p><a href=\"https:\/\/caritas.pl\/ukraina\/\">https:\/\/caritas.pl\/ukraina\/<\/a><\/p>\n\n\n\n<p><a href=\"https:\/\/caritas.pl\/wp-content\/uploads\/2022\/03\/paczka-lista-produktow.pdf\">https:\/\/caritas.pl\/wp-content\/uploads\/2022\/03\/paczka-lista-produktow.pdf<\/a><\/p>\n\n\n\n<p><strong>Dzi\u0119kujemy za w\u0142\u0105czenie si\u0119 poszczeg\u00f3lnych klas naszej Szko\u0142y w&nbsp;akcj\u0119 \u201ePaczka dla Ukrainy\u201d, za przygotowanie gotowych paczek dla Ukrainy<\/strong> z&nbsp;proponowanymi przez Caritas Polska produktami (lista).<\/p>\n\n\n\n<p><a href=\"https:\/\/pck.pl\/zbiorka-darow-rzeczowych-dla-uchodzcow-z-ukrainy\/\">https:\/\/pck.pl\/zbiorka-darow-rzeczowych-dla-uchodzcow-z-ukrainy\/<\/a><\/p>\n\n\n\n<p><a href=\"https:\/\/pck.pl\/kontakt\/swietokrzyski-oddzial-okregowy-pck\/\">https:\/\/pck.pl\/kontakt\/swietokrzyski-oddzial-okregowy-pck\/<\/a><\/p>\n\n\n\n<p><strong>\u015awi\u0119tokrzyski Oddzia\u0142 PCK w&nbsp;Kielcach sk\u0142ada serdeczne podzi\u0119kowanie za zaanga\u017cowanie naszej spo\u0142eczno\u015bci szkolnej<\/strong> w&nbsp;zbi\u00f3rk\u0119 dar\u00f3w rzeczowych pod has\u0142em <strong>#NaPomocUkrainie.<\/strong><\/p>\n\n\n\n<p>&nbsp;&nbsp;&nbsp;&nbsp;&nbsp;&nbsp;&nbsp;&nbsp;&nbsp;&nbsp;&nbsp;&nbsp;&nbsp;&nbsp;&nbsp; Dzi\u0119kujemy Wszystkim za ka\u017cd\u0105 pomoc, szczeg\u00f3lnie dzi\u0119kuj\u0105c naszym Wolontariuszom, kt\u00f3rzy sprawnie, na bie\u017c\u0105co, przekazuj\u0105 zebrane dary rzeczowe, czy to <strong>do Punktu Informacyjnego dla Cudzoziemc\u00f3w<\/strong>, czy jak ostatnio <strong>do Polskiego Czerwonego Krzy\u017ca (PCK) w Kielcach<\/strong>.<\/p>\n\n\n\n<p><strong>B\u00d3G ZAP\u0141A\u0106!<\/strong><\/p>\n\n\n\n<p class=\"has-text-align-right\">Ks. Konrad Walerczak, ks. Dariusz W\u0119grzyn,<br>p. Agnieszka Rycombel, p. Ma\u0142gorzata Wojciechowska, p. Paulina Kondracka,<br>Szkolne Ko\u0142o Wolontariatu \u201eJEDYNKA\u201d,<br>Du\u017cy i Ma\u0142y Samorz\u0105d Uczniowski<\/p>\n\n\n\n<figure class=\"wp-block-gallery has-nested-images columns-5 is-cropped wp-block-gallery-1 is-layout-flex wp-block-gallery-is-layout-flex\">\n<figure class=\"wp-block-image size-large\"><a href=\"http:\/\/sp1.kielce.eu\/wp-content\/uploads\/2022\/03\/20220301-155735-1-Copy-1.jpg\"><img loading=\"lazy\" decoding=\"async\" width=\"1200\" height=\"900\" data-id=\"21703\" src=\"http:\/\/sp1.kielce.eu\/wp-content\/uploads\/2022\/03\/20220301-155735-1-Copy-1.jpg\" alt=\"\" class=\"wp-image-21703\" srcset=\"https:\/\/sp1.kielce.eu\/wp-content\/uploads\/2022\/03\/20220301-155735-1-Copy-1.jpg 1200w, https:\/\/sp1.kielce.eu\/wp-content\/uploads\/2022\/03\/20220301-155735-1-Copy-1-300x225.jpg 300w, https:\/\/sp1.kielce.eu\/wp-content\/uploads\/2022\/03\/20220301-155735-1-Copy-1-768x576.jpg 768w, https:\/\/sp1.kielce.eu\/wp-content\/uploads\/2022\/03\/20220301-155735-1-Copy-1-820x615.jpg 820w\" sizes=\"auto, (max-width: 1200px) 100vw, 1200px\" \/><\/a><\/figure>\n\n\n\n<figure class=\"wp-block-image size-large\"><a href=\"http:\/\/sp1.kielce.eu\/wp-content\/uploads\/2022\/03\/20220308_1000080-Copy.jpg\"><img loading=\"lazy\" decoding=\"async\" width=\"675\" height=\"900\" data-id=\"21702\" src=\"http:\/\/sp1.kielce.eu\/wp-content\/uploads\/2022\/03\/20220308_1000080-Copy.jpg\" alt=\"\" class=\"wp-image-21702\" srcset=\"https:\/\/sp1.kielce.eu\/wp-content\/uploads\/2022\/03\/20220308_1000080-Copy.jpg 675w, https:\/\/sp1.kielce.eu\/wp-content\/uploads\/2022\/03\/20220308_1000080-Copy-225x300.jpg 225w\" sizes=\"auto, (max-width: 675px) 100vw, 675px\" \/><\/a><\/figure>\n\n\n\n<figure class=\"wp-block-image size-large\"><a href=\"http:\/\/sp1.kielce.eu\/wp-content\/uploads\/2022\/03\/20220308_104720-Copy.jpg\"><img loading=\"lazy\" decoding=\"async\" width=\"675\" height=\"900\" data-id=\"21704\" src=\"http:\/\/sp1.kielce.eu\/wp-content\/uploads\/2022\/03\/20220308_104720-Copy.jpg\" alt=\"\" class=\"wp-image-21704\" srcset=\"https:\/\/sp1.kielce.eu\/wp-content\/uploads\/2022\/03\/20220308_104720-Copy.jpg 675w, https:\/\/sp1.kielce.eu\/wp-content\/uploads\/2022\/03\/20220308_104720-Copy-225x300.jpg 225w\" sizes=\"auto, (max-width: 675px) 100vw, 675px\" \/><\/a><\/figure>\n\n\n\n<figure class=\"wp-block-image size-large\"><a href=\"http:\/\/sp1.kielce.eu\/wp-content\/uploads\/2022\/03\/20220310_094345-Copy.jpg\"><img loading=\"lazy\" decoding=\"async\" width=\"675\" height=\"900\" data-id=\"21700\" src=\"http:\/\/sp1.kielce.eu\/wp-content\/uploads\/2022\/03\/20220310_094345-Copy.jpg\" alt=\"\" class=\"wp-image-21700\" srcset=\"https:\/\/sp1.kielce.eu\/wp-content\/uploads\/2022\/03\/20220310_094345-Copy.jpg 675w, https:\/\/sp1.kielce.eu\/wp-content\/uploads\/2022\/03\/20220310_094345-Copy-225x300.jpg 225w\" sizes=\"auto, (max-width: 675px) 100vw, 675px\" \/><\/a><\/figure>\n\n\n\n<figure class=\"wp-block-image size-large\"><a href=\"http:\/\/sp1.kielce.eu\/wp-content\/uploads\/2022\/03\/20220310_094640-Copy.jpg\"><img loading=\"lazy\" decoding=\"async\" width=\"1200\" height=\"884\" data-id=\"21701\" src=\"http:\/\/sp1.kielce.eu\/wp-content\/uploads\/2022\/03\/20220310_094640-Copy.jpg\" alt=\"\" class=\"wp-image-21701\" srcset=\"https:\/\/sp1.kielce.eu\/wp-content\/uploads\/2022\/03\/20220310_094640-Copy.jpg 1200w, https:\/\/sp1.kielce.eu\/wp-content\/uploads\/2022\/03\/20220310_094640-Copy-300x221.jpg 300w, https:\/\/sp1.kielce.eu\/wp-content\/uploads\/2022\/03\/20220310_094640-Copy-768x566.jpg 768w, https:\/\/sp1.kielce.eu\/wp-content\/uploads\/2022\/03\/20220310_094640-Copy-820x604.jpg 820w\" sizes=\"auto, (max-width: 1200px) 100vw, 1200px\" \/><\/a><\/figure>\n\n\n\n<figure class=\"wp-block-image size-large\"><a href=\"http:\/\/sp1.kielce.eu\/wp-content\/uploads\/2022\/03\/20220310_0947420-Copy.jpg\"><img loading=\"lazy\" decoding=\"async\" width=\"675\" height=\"900\" data-id=\"21699\" src=\"http:\/\/sp1.kielce.eu\/wp-content\/uploads\/2022\/03\/20220310_0947420-Copy.jpg\" alt=\"\" class=\"wp-image-21699\" srcset=\"https:\/\/sp1.kielce.eu\/wp-content\/uploads\/2022\/03\/20220310_0947420-Copy.jpg 675w, https:\/\/sp1.kielce.eu\/wp-content\/uploads\/2022\/03\/20220310_0947420-Copy-225x300.jpg 225w\" sizes=\"auto, (max-width: 675px) 100vw, 675px\" \/><\/a><\/figure>\n\n\n\n<figure class=\"wp-block-image size-large\"><a href=\"http:\/\/sp1.kielce.eu\/wp-content\/uploads\/2022\/03\/20220315-100139-Copy.jpg\"><img loading=\"lazy\" decoding=\"async\" width=\"635\" height=\"900\" data-id=\"21706\" src=\"http:\/\/sp1.kielce.eu\/wp-content\/uploads\/2022\/03\/20220315-100139-Copy.jpg\" alt=\"\" class=\"wp-image-21706\" srcset=\"https:\/\/sp1.kielce.eu\/wp-content\/uploads\/2022\/03\/20220315-100139-Copy.jpg 635w, https:\/\/sp1.kielce.eu\/wp-content\/uploads\/2022\/03\/20220315-100139-Copy-212x300.jpg 212w\" sizes=\"auto, (max-width: 635px) 100vw, 635px\" \/><\/a><\/figure>\n\n\n\n<figure class=\"wp-block-image size-large\"><a href=\"http:\/\/sp1.kielce.eu\/wp-content\/uploads\/2022\/03\/Picsart_22-03-09_00-06-47-530-Copy.jpg\"><img loading=\"lazy\" decoding=\"async\" width=\"900\" height=\"900\" data-id=\"21705\" src=\"http:\/\/sp1.kielce.eu\/wp-content\/uploads\/2022\/03\/Picsart_22-03-09_00-06-47-530-Copy.jpg\" alt=\"\" class=\"wp-image-21705\" srcset=\"https:\/\/sp1.kielce.eu\/wp-content\/uploads\/2022\/03\/Picsart_22-03-09_00-06-47-530-Copy.jpg 900w, https:\/\/sp1.kielce.eu\/wp-content\/uploads\/2022\/03\/Picsart_22-03-09_00-06-47-530-Copy-300x300.jpg 300w, https:\/\/sp1.kielce.eu\/wp-content\/uploads\/2022\/03\/Picsart_22-03-09_00-06-47-530-Copy-150x150.jpg 150w, https:\/\/sp1.kielce.eu\/wp-content\/uploads\/2022\/03\/Picsart_22-03-09_00-06-47-530-Copy-768x768.jpg 768w, https:\/\/sp1.kielce.eu\/wp-content\/uploads\/2022\/03\/Picsart_22-03-09_00-06-47-530-Copy-820x820.jpg 820w\" sizes=\"auto, (max-width: 900px) 100vw, 900px\" \/><\/a><\/figure>\n\n\n\n<figure class=\"wp-block-image size-large\"><a href=\"http:\/\/sp1.kielce.eu\/wp-content\/uploads\/2022\/03\/Picsart_22-03-13_23-30-56-367-Copy.jpg\"><img loading=\"lazy\" decoding=\"async\" width=\"900\" height=\"900\" data-id=\"21707\" src=\"http:\/\/sp1.kielce.eu\/wp-content\/uploads\/2022\/03\/Picsart_22-03-13_23-30-56-367-Copy.jpg\" alt=\"\" class=\"wp-image-21707\" srcset=\"https:\/\/sp1.kielce.eu\/wp-content\/uploads\/2022\/03\/Picsart_22-03-13_23-30-56-367-Copy.jpg 900w, https:\/\/sp1.kielce.eu\/wp-content\/uploads\/2022\/03\/Picsart_22-03-13_23-30-56-367-Copy-300x300.jpg 300w, https:\/\/sp1.kielce.eu\/wp-content\/uploads\/2022\/03\/Picsart_22-03-13_23-30-56-367-Copy-150x150.jpg 150w, https:\/\/sp1.kielce.eu\/wp-content\/uploads\/2022\/03\/Picsart_22-03-13_23-30-56-367-Copy-768x768.jpg 768w, https:\/\/sp1.kielce.eu\/wp-content\/uploads\/2022\/03\/Picsart_22-03-13_23-30-56-367-Copy-820x820.jpg 820w\" sizes=\"auto, (max-width: 900px) 100vw, 900px\" \/><\/a><\/figure>\n<\/figure>\n","protected":false},"excerpt":{"rendered":"<p>&nbsp;&nbsp;&nbsp;&nbsp;&nbsp;&nbsp;&nbsp;&nbsp; Dzi\u0119kujemy za sta\u0142\u0105 pomoc dla uchod\u017ac\u00f3w z&nbsp;Ukrainy. Dop\u00f3ki trwa wojna na Ukrainie i&nbsp;nie wiemy [&hellip;]<\/p>\n","protected":false},"author":13,"featured_media":21708,"comment_status":"closed","ping_status":"","sticky":false,"template":"","format":"standard","meta":{"footnotes":""},"categories":[163,23],"tags":[],"class_list":["post-21698","post","type-post","status-publish","format-standard","has-post-thumbnail","hentry","category-skw","category-charytatywne"],"_links":{"self":[{"href":"https:\/\/sp1.kielce.eu\/index.php\/wp-json\/wp\/v2\/posts\/21698","targetHints":{"allow":["GET"]}}],"collection":[{"href":"https:\/\/sp1.kielce.eu\/index.php\/wp-json\/wp\/v2\/posts"}],"about":[{"href":"https:\/\/sp1.kielce.eu\/index.php\/wp-json\/wp\/v2\/types\/post"}],"author":[{"embeddable":true,"href":"https:\/\/sp1.kielce.eu\/index.php\/wp-json\/wp\/v2\/users\/13"}],"replies":[{"embeddable":true,"href":"https:\/\/sp1.kielce.eu\/index.php\/wp-json\/wp\/v2\/comments?post=21698"}],"version-history":[{"count":1,"href":"https:\/\/sp1.kielce.eu\/index.php\/wp-json\/wp\/v2\/posts\/21698\/revisions"}],"predecessor-version":[{"id":21709,"href":"https:\/\/sp1.kielce.eu\/index.php\/wp-json\/wp\/v2\/posts\/21698\/revisions\/21709"}],"wp:featuredmedia":[{"embeddable":true,"href":"https:\/\/sp1.kielce.eu\/index.php\/wp-json\/wp\/v2\/media\/21708"}],"wp:attachment":[{"href":"https:\/\/sp1.kielce.eu\/index.php\/wp-json\/wp\/v2\/media?parent=21698"}],"wp:term":[{"taxonomy":"category","embeddable":true,"href":"https:\/\/sp1.kielce.eu\/index.php\/wp-json\/wp\/v2\/categories?post=21698"},{"taxonomy":"post_tag","embeddable":true,"href":"https:\/\/sp1.kielce.eu\/index.php\/wp-json\/wp\/v2\/tags?post=21698"}],"curies":[{"name":"wp","href":"https:\/\/api.w.org\/{rel}","templated":true}]}}