{"id":21657,"date":"2022-03-18T09:37:05","date_gmt":"2022-03-18T08:37:05","guid":{"rendered":"http:\/\/sp1.kielce.eu\/?p=21657"},"modified":"2022-03-18T09:37:05","modified_gmt":"2022-03-18T08:37:05","slug":"igrzyska-mlodziezy-szkolnej-mistrzostwa-kielc-w-druzynowym-tenisie-stolowym-chlopcow-rocznik-2007-2008","status":"publish","type":"post","link":"https:\/\/sp1.kielce.eu\/index.php\/2022\/03\/18\/igrzyska-mlodziezy-szkolnej-mistrzostwa-kielc-w-druzynowym-tenisie-stolowym-chlopcow-rocznik-2007-2008\/","title":{"rendered":"Igrzyska m\u0142odzie\u017cy szkolnej Mistrzostwa Kielc\u00a0w dru\u017cynowym Tenisie sto\u0142owym ch\u0142opc\u00f3w rocznik 2007-2008"},"content":{"rendered":"\n<p>W dniu 15.03.2022 w SP nr 15 rozegrane zosta\u0142y zawody w tenisie sto\u0142owym ch\u0142opc\u00f3w. Nasz\u0105 szko\u0142\u0119 reprezentowali uczniowie z klas \u00f3smych w sk\u0142adzie : Hawrylczuk Mi\u0142osz ucze\u0144 klasy VIII \u201ec\u201d oraz Zdrojewski Wiktor ucze\u0144 klasy VIII \u201ea\u201d . Po zaci\u0119tych meczach w fazie eliminacyjnej rozgrywek reprezentacja szko\u0142y awansowa\u0142a do dalszego etapu rozgrywek. Podczas zawod\u00f3w panowa\u0142a mi\u0142a sportowa atmosfera mecze by\u0142y rozgrywane z zachowaniem zasad fair play . Naszym zawodnikom \u017cycz\u0119 dalszych sukces\u00f3w w nast\u0119pnej fazie zawod\u00f3w w rundzie fina\u0142owej.<\/p>\n\n\n\n<p>Nauczyciel Wychowania Fizycznego<\/p>\n\n\n\n<p>Remigiusz Krzywda<\/p>\n\n\n\n<figure class=\"wp-block-gallery has-nested-images columns-default is-cropped wp-block-gallery-1 is-layout-flex wp-block-gallery-is-layout-flex\">\n<figure class=\"wp-block-image size-large\"><a href=\"http:\/\/sp1.kielce.eu\/wp-content\/uploads\/2022\/03\/20220315_124718-Medium.jpg\"><img loading=\"lazy\" decoding=\"async\" width=\"1365\" height=\"768\" data-id=\"21658\" src=\"http:\/\/sp1.kielce.eu\/wp-content\/uploads\/2022\/03\/20220315_124718-Medium.jpg\" alt=\"\" class=\"wp-image-21658\" srcset=\"https:\/\/sp1.kielce.eu\/wp-content\/uploads\/2022\/03\/20220315_124718-Medium.jpg 1365w, https:\/\/sp1.kielce.eu\/wp-content\/uploads\/2022\/03\/20220315_124718-Medium-300x169.jpg 300w, https:\/\/sp1.kielce.eu\/wp-content\/uploads\/2022\/03\/20220315_124718-Medium-768x432.jpg 768w, https:\/\/sp1.kielce.eu\/wp-content\/uploads\/2022\/03\/20220315_124718-Medium-820x461.jpg 820w\" sizes=\"auto, (max-width: 1365px) 100vw, 1365px\" \/><\/a><\/figure>\n\n\n\n<figure class=\"wp-block-image size-large\"><a href=\"http:\/\/sp1.kielce.eu\/wp-content\/uploads\/2022\/03\/20220315_124745-Medium-rotated.jpg\"><img loading=\"lazy\" decoding=\"async\" width=\"768\" height=\"1365\" data-id=\"21659\" src=\"http:\/\/sp1.kielce.eu\/wp-content\/uploads\/2022\/03\/20220315_124745-Medium-rotated.jpg\" alt=\"\" class=\"wp-image-21659\" srcset=\"https:\/\/sp1.kielce.eu\/wp-content\/uploads\/2022\/03\/20220315_124745-Medium-rotated.jpg 768w, https:\/\/sp1.kielce.eu\/wp-content\/uploads\/2022\/03\/20220315_124745-Medium-169x300.jpg 169w, https:\/\/sp1.kielce.eu\/wp-content\/uploads\/2022\/03\/20220315_124745-Medium-506x900.jpg 506w\" sizes=\"auto, (max-width: 768px) 100vw, 768px\" \/><\/a><\/figure>\n\n\n\n<figure class=\"wp-block-image size-large\"><a href=\"http:\/\/sp1.kielce.eu\/wp-content\/uploads\/2022\/03\/20220315_125606-1-Medium-rotated.jpg\"><img loading=\"lazy\" decoding=\"async\" width=\"768\" height=\"1024\" data-id=\"21660\" src=\"http:\/\/sp1.kielce.eu\/wp-content\/uploads\/2022\/03\/20220315_125606-1-Medium-rotated.jpg\" alt=\"\" class=\"wp-image-21660\" srcset=\"https:\/\/sp1.kielce.eu\/wp-content\/uploads\/2022\/03\/20220315_125606-1-Medium-rotated.jpg 768w, https:\/\/sp1.kielce.eu\/wp-content\/uploads\/2022\/03\/20220315_125606-1-Medium-225x300.jpg 225w, https:\/\/sp1.kielce.eu\/wp-content\/uploads\/2022\/03\/20220315_125606-1-Medium-675x900.jpg 675w\" sizes=\"auto, (max-width: 768px) 100vw, 768px\" \/><\/a><\/figure>\n\n\n\n<figure class=\"wp-block-image size-large\"><a href=\"http:\/\/sp1.kielce.eu\/wp-content\/uploads\/2022\/03\/20220315_125606-Medium-rotated.jpg\"><img loading=\"lazy\" decoding=\"async\" width=\"768\" height=\"1024\" data-id=\"21661\" src=\"http:\/\/sp1.kielce.eu\/wp-content\/uploads\/2022\/03\/20220315_125606-Medium-rotated.jpg\" alt=\"\" class=\"wp-image-21661\" srcset=\"https:\/\/sp1.kielce.eu\/wp-content\/uploads\/2022\/03\/20220315_125606-Medium-rotated.jpg 768w, https:\/\/sp1.kielce.eu\/wp-content\/uploads\/2022\/03\/20220315_125606-Medium-225x300.jpg 225w, https:\/\/sp1.kielce.eu\/wp-content\/uploads\/2022\/03\/20220315_125606-Medium-675x900.jpg 675w\" sizes=\"auto, (max-width: 768px) 100vw, 768px\" \/><\/a><\/figure>\n<\/figure>\n","protected":false},"excerpt":{"rendered":"<p>W dniu 15.03.2022 w SP nr 15 rozegrane zosta\u0142y zawody w tenisie sto\u0142owym ch\u0142opc\u00f3w. Nasz\u0105 [&hellip;]<\/p>\n","protected":false},"author":5,"featured_media":21658,"comment_status":"closed","ping_status":"","sticky":false,"template":"","format":"standard","meta":{"footnotes":""},"categories":[36],"tags":[],"class_list":["post-21657","post","type-post","status-publish","format-standard","has-post-thumbnail","hentry","category-wydarzenia"],"_links":{"self":[{"href":"https:\/\/sp1.kielce.eu\/index.php\/wp-json\/wp\/v2\/posts\/21657","targetHints":{"allow":["GET"]}}],"collection":[{"href":"https:\/\/sp1.kielce.eu\/index.php\/wp-json\/wp\/v2\/posts"}],"about":[{"href":"https:\/\/sp1.kielce.eu\/index.php\/wp-json\/wp\/v2\/types\/post"}],"author":[{"embeddable":true,"href":"https:\/\/sp1.kielce.eu\/index.php\/wp-json\/wp\/v2\/users\/5"}],"replies":[{"embeddable":true,"href":"https:\/\/sp1.kielce.eu\/index.php\/wp-json\/wp\/v2\/comments?post=21657"}],"version-history":[{"count":1,"href":"https:\/\/sp1.kielce.eu\/index.php\/wp-json\/wp\/v2\/posts\/21657\/revisions"}],"predecessor-version":[{"id":21662,"href":"https:\/\/sp1.kielce.eu\/index.php\/wp-json\/wp\/v2\/posts\/21657\/revisions\/21662"}],"wp:featuredmedia":[{"embeddable":true,"href":"https:\/\/sp1.kielce.eu\/index.php\/wp-json\/wp\/v2\/media\/21658"}],"wp:attachment":[{"href":"https:\/\/sp1.kielce.eu\/index.php\/wp-json\/wp\/v2\/media?parent=21657"}],"wp:term":[{"taxonomy":"category","embeddable":true,"href":"https:\/\/sp1.kielce.eu\/index.php\/wp-json\/wp\/v2\/categories?post=21657"},{"taxonomy":"post_tag","embeddable":true,"href":"https:\/\/sp1.kielce.eu\/index.php\/wp-json\/wp\/v2\/tags?post=21657"}],"curies":[{"name":"wp","href":"https:\/\/api.w.org\/{rel}","templated":true}]}}