{"id":21618,"date":"2022-03-18T09:21:54","date_gmt":"2022-03-18T08:21:54","guid":{"rendered":"http:\/\/sp1.kielce.eu\/?p=21618"},"modified":"2022-03-18T09:21:54","modified_gmt":"2022-03-18T08:21:54","slug":"podsumowanie-konkursu-patron-mojej-szkoly-portret-stanislawa-staszica","status":"publish","type":"post","link":"https:\/\/sp1.kielce.eu\/index.php\/2022\/03\/18\/podsumowanie-konkursu-patron-mojej-szkoly-portret-stanislawa-staszica\/","title":{"rendered":"Podsumowanie konkursu \u201ePatron mojej szko\u0142y &#8211; portret Stanis\u0142awa Staszica\u201d"},"content":{"rendered":"\n<p>W ramach dni patrona szko\u0142ymogli\u015bmy podziwia\u0107 wystaw\u0119 portret\u00f3w Stanis\u0142awa Staszica wykonanych przez finalist\u00f3w konkursu. Spo\u015br\u00f3d nich wy\u0142onili\u015bmy zwyci\u0119zc\u00f3w w dw\u00f3ch kategoriach:<\/p>\n\n\n\n<p><strong>Klasy 4-5:<\/strong><\/p>\n\n\n\n<p>1 miejsce \u2013 Piotr Bujak, kl. 5a<\/p>\n\n\n\n<p>2 miejsce \u2013 Jakub Saletra, kl. 5b<\/p>\n\n\n\n<p>3 miejsce \u2013 ex aequo: Daria Wijas, kl. 4a, Nina Kozak, kl. 4a<\/p>\n\n\n\n<p>Wyr\u00f3\u017cnienia: Karol Sacha, kl. 5b, Igor Zatelmajer, kl. 5b<\/p>\n\n\n\n<p><strong>Klasy 6-8:<\/strong><\/p>\n\n\n\n<p>1 miejsce \u2013 Bartosz Lisowski, kl. 7c<\/p>\n\n\n\n<p>2 miejsce\u2013 ex aequo:Karolina Plech, kl. 7b, Karolina Wi\u015bniewska, kl. 6a<\/p>\n\n\n\n<p>3 miejsce &#8211; AmeliaBednarska, kl. 8c<\/p>\n\n\n\n<p>Wyr\u00f3\u017cnienia: Gabriela Adler, kl. 7b, Hanna B\u00f3rzy\u0144ska, kl. 6a<\/p>\n\n\n\n<p>Wszyscy finali\u015bci otrzymali pami\u0105tkowe dyplomy, a uczniowie nagrodzeni i wyr\u00f3\u017cnieni \u2013 nagrody ksi\u0105\u017ckowe. Uczestnikom konkursu serdecznie dzi\u0119kujemy i gratulujemy!<\/p>\n\n\n\n<p>Marzena Kwiecie\u0144<\/p>\n\n\n\n<p>Renata Kozie\u0142<\/p>\n\n\n\n<figure class=\"wp-block-gallery has-nested-images columns-default is-cropped wp-block-gallery-1 is-layout-flex wp-block-gallery-is-layout-flex\">\n<figure class=\"wp-block-image size-large\"><a href=\"http:\/\/sp1.kielce.eu\/wp-content\/uploads\/2022\/03\/konkurs_plast_staszic-Medium.jpg\"><img loading=\"lazy\" decoding=\"async\" width=\"1257\" height=\"768\" data-id=\"21619\" src=\"http:\/\/sp1.kielce.eu\/wp-content\/uploads\/2022\/03\/konkurs_plast_staszic-Medium.jpg\" alt=\"\" class=\"wp-image-21619\" srcset=\"https:\/\/sp1.kielce.eu\/wp-content\/uploads\/2022\/03\/konkurs_plast_staszic-Medium.jpg 1257w, https:\/\/sp1.kielce.eu\/wp-content\/uploads\/2022\/03\/konkurs_plast_staszic-Medium-300x183.jpg 300w, https:\/\/sp1.kielce.eu\/wp-content\/uploads\/2022\/03\/konkurs_plast_staszic-Medium-768x469.jpg 768w, https:\/\/sp1.kielce.eu\/wp-content\/uploads\/2022\/03\/konkurs_plast_staszic-Medium-820x501.jpg 820w\" sizes=\"auto, (max-width: 1257px) 100vw, 1257px\" \/><\/a><\/figure>\n\n\n\n<figure class=\"wp-block-image size-large\"><a href=\"http:\/\/sp1.kielce.eu\/wp-content\/uploads\/2022\/03\/konkurs_plast_staszic-6-Medium.jpg\"><img loading=\"lazy\" decoding=\"async\" width=\"991\" height=\"768\" data-id=\"21620\" src=\"http:\/\/sp1.kielce.eu\/wp-content\/uploads\/2022\/03\/konkurs_plast_staszic-6-Medium.jpg\" alt=\"\" class=\"wp-image-21620\" srcset=\"https:\/\/sp1.kielce.eu\/wp-content\/uploads\/2022\/03\/konkurs_plast_staszic-6-Medium.jpg 991w, https:\/\/sp1.kielce.eu\/wp-content\/uploads\/2022\/03\/konkurs_plast_staszic-6-Medium-300x232.jpg 300w, https:\/\/sp1.kielce.eu\/wp-content\/uploads\/2022\/03\/konkurs_plast_staszic-6-Medium-768x595.jpg 768w, https:\/\/sp1.kielce.eu\/wp-content\/uploads\/2022\/03\/konkurs_plast_staszic-6-Medium-820x635.jpg 820w\" sizes=\"auto, (max-width: 991px) 100vw, 991px\" \/><\/a><\/figure>\n\n\n\n<figure class=\"wp-block-image size-large\"><a href=\"http:\/\/sp1.kielce.eu\/wp-content\/uploads\/2022\/03\/konkurs_plast_staszic1-Medium.jpg\"><img loading=\"lazy\" decoding=\"async\" width=\"841\" height=\"768\" data-id=\"21621\" src=\"http:\/\/sp1.kielce.eu\/wp-content\/uploads\/2022\/03\/konkurs_plast_staszic1-Medium.jpg\" alt=\"\" class=\"wp-image-21621\" srcset=\"https:\/\/sp1.kielce.eu\/wp-content\/uploads\/2022\/03\/konkurs_plast_staszic1-Medium.jpg 841w, https:\/\/sp1.kielce.eu\/wp-content\/uploads\/2022\/03\/konkurs_plast_staszic1-Medium-300x274.jpg 300w, https:\/\/sp1.kielce.eu\/wp-content\/uploads\/2022\/03\/konkurs_plast_staszic1-Medium-768x701.jpg 768w, https:\/\/sp1.kielce.eu\/wp-content\/uploads\/2022\/03\/konkurs_plast_staszic1-Medium-820x749.jpg 820w\" sizes=\"auto, (max-width: 841px) 100vw, 841px\" \/><\/a><\/figure>\n\n\n\n<figure class=\"wp-block-image size-large\"><a href=\"http:\/\/sp1.kielce.eu\/wp-content\/uploads\/2022\/03\/konkurs_plast_staszic2-Medium.jpg\"><img loading=\"lazy\" decoding=\"async\" width=\"1040\" height=\"768\" data-id=\"21622\" src=\"http:\/\/sp1.kielce.eu\/wp-content\/uploads\/2022\/03\/konkurs_plast_staszic2-Medium.jpg\" alt=\"\" class=\"wp-image-21622\" srcset=\"https:\/\/sp1.kielce.eu\/wp-content\/uploads\/2022\/03\/konkurs_plast_staszic2-Medium.jpg 1040w, https:\/\/sp1.kielce.eu\/wp-content\/uploads\/2022\/03\/konkurs_plast_staszic2-Medium-300x222.jpg 300w, https:\/\/sp1.kielce.eu\/wp-content\/uploads\/2022\/03\/konkurs_plast_staszic2-Medium-768x567.jpg 768w, https:\/\/sp1.kielce.eu\/wp-content\/uploads\/2022\/03\/konkurs_plast_staszic2-Medium-820x606.jpg 820w\" sizes=\"auto, (max-width: 1040px) 100vw, 1040px\" \/><\/a><\/figure>\n\n\n\n<figure class=\"wp-block-image size-large\"><a href=\"http:\/\/sp1.kielce.eu\/wp-content\/uploads\/2022\/03\/konkurs_plast_staszic3-Medium.jpg\"><img loading=\"lazy\" decoding=\"async\" width=\"874\" height=\"768\" data-id=\"21623\" src=\"http:\/\/sp1.kielce.eu\/wp-content\/uploads\/2022\/03\/konkurs_plast_staszic3-Medium.jpg\" alt=\"\" class=\"wp-image-21623\" srcset=\"https:\/\/sp1.kielce.eu\/wp-content\/uploads\/2022\/03\/konkurs_plast_staszic3-Medium.jpg 874w, https:\/\/sp1.kielce.eu\/wp-content\/uploads\/2022\/03\/konkurs_plast_staszic3-Medium-300x264.jpg 300w, https:\/\/sp1.kielce.eu\/wp-content\/uploads\/2022\/03\/konkurs_plast_staszic3-Medium-768x675.jpg 768w, https:\/\/sp1.kielce.eu\/wp-content\/uploads\/2022\/03\/konkurs_plast_staszic3-Medium-820x721.jpg 820w\" sizes=\"auto, (max-width: 874px) 100vw, 874px\" \/><\/a><\/figure>\n\n\n\n<figure class=\"wp-block-image size-large\"><a href=\"http:\/\/sp1.kielce.eu\/wp-content\/uploads\/2022\/03\/konkurs_plast_staszic4-Medium.jpg\"><img loading=\"lazy\" decoding=\"async\" width=\"1036\" height=\"768\" data-id=\"21624\" src=\"http:\/\/sp1.kielce.eu\/wp-content\/uploads\/2022\/03\/konkurs_plast_staszic4-Medium.jpg\" alt=\"\" class=\"wp-image-21624\" srcset=\"https:\/\/sp1.kielce.eu\/wp-content\/uploads\/2022\/03\/konkurs_plast_staszic4-Medium.jpg 1036w, https:\/\/sp1.kielce.eu\/wp-content\/uploads\/2022\/03\/konkurs_plast_staszic4-Medium-300x222.jpg 300w, https:\/\/sp1.kielce.eu\/wp-content\/uploads\/2022\/03\/konkurs_plast_staszic4-Medium-768x569.jpg 768w, https:\/\/sp1.kielce.eu\/wp-content\/uploads\/2022\/03\/konkurs_plast_staszic4-Medium-820x608.jpg 820w\" sizes=\"auto, (max-width: 1036px) 100vw, 1036px\" \/><\/a><\/figure>\n\n\n\n<figure class=\"wp-block-image size-large\"><a href=\"http:\/\/sp1.kielce.eu\/wp-content\/uploads\/2022\/03\/konkurs_plast_staszic5-Medium.jpg\"><img loading=\"lazy\" decoding=\"async\" width=\"821\" height=\"768\" data-id=\"21625\" src=\"http:\/\/sp1.kielce.eu\/wp-content\/uploads\/2022\/03\/konkurs_plast_staszic5-Medium.jpg\" alt=\"\" class=\"wp-image-21625\" srcset=\"https:\/\/sp1.kielce.eu\/wp-content\/uploads\/2022\/03\/konkurs_plast_staszic5-Medium.jpg 821w, https:\/\/sp1.kielce.eu\/wp-content\/uploads\/2022\/03\/konkurs_plast_staszic5-Medium-300x281.jpg 300w, https:\/\/sp1.kielce.eu\/wp-content\/uploads\/2022\/03\/konkurs_plast_staszic5-Medium-768x718.jpg 768w\" sizes=\"auto, (max-width: 821px) 100vw, 821px\" \/><\/a><\/figure>\n<\/figure>\n","protected":false},"excerpt":{"rendered":"<p>W ramach dni patrona szko\u0142ymogli\u015bmy podziwia\u0107 wystaw\u0119 portret\u00f3w Stanis\u0142awa Staszica wykonanych przez finalist\u00f3w konkursu. Spo\u015br\u00f3d [&hellip;]<\/p>\n","protected":false},"author":5,"featured_media":21620,"comment_status":"closed","ping_status":"","sticky":false,"template":"","format":"standard","meta":{"footnotes":""},"categories":[36],"tags":[],"class_list":["post-21618","post","type-post","status-publish","format-standard","has-post-thumbnail","hentry","category-wydarzenia"],"_links":{"self":[{"href":"https:\/\/sp1.kielce.eu\/index.php\/wp-json\/wp\/v2\/posts\/21618","targetHints":{"allow":["GET"]}}],"collection":[{"href":"https:\/\/sp1.kielce.eu\/index.php\/wp-json\/wp\/v2\/posts"}],"about":[{"href":"https:\/\/sp1.kielce.eu\/index.php\/wp-json\/wp\/v2\/types\/post"}],"author":[{"embeddable":true,"href":"https:\/\/sp1.kielce.eu\/index.php\/wp-json\/wp\/v2\/users\/5"}],"replies":[{"embeddable":true,"href":"https:\/\/sp1.kielce.eu\/index.php\/wp-json\/wp\/v2\/comments?post=21618"}],"version-history":[{"count":1,"href":"https:\/\/sp1.kielce.eu\/index.php\/wp-json\/wp\/v2\/posts\/21618\/revisions"}],"predecessor-version":[{"id":21626,"href":"https:\/\/sp1.kielce.eu\/index.php\/wp-json\/wp\/v2\/posts\/21618\/revisions\/21626"}],"wp:featuredmedia":[{"embeddable":true,"href":"https:\/\/sp1.kielce.eu\/index.php\/wp-json\/wp\/v2\/media\/21620"}],"wp:attachment":[{"href":"https:\/\/sp1.kielce.eu\/index.php\/wp-json\/wp\/v2\/media?parent=21618"}],"wp:term":[{"taxonomy":"category","embeddable":true,"href":"https:\/\/sp1.kielce.eu\/index.php\/wp-json\/wp\/v2\/categories?post=21618"},{"taxonomy":"post_tag","embeddable":true,"href":"https:\/\/sp1.kielce.eu\/index.php\/wp-json\/wp\/v2\/tags?post=21618"}],"curies":[{"name":"wp","href":"https:\/\/api.w.org\/{rel}","templated":true}]}}