{"id":21614,"date":"2022-03-18T09:18:28","date_gmt":"2022-03-18T08:18:28","guid":{"rendered":"http:\/\/sp1.kielce.eu\/?p=21614"},"modified":"2022-03-18T09:18:28","modified_gmt":"2022-03-18T08:18:28","slug":"w-poszukiwaniu-autorytetow","status":"publish","type":"post","link":"https:\/\/sp1.kielce.eu\/index.php\/2022\/03\/18\/w-poszukiwaniu-autorytetow\/","title":{"rendered":",,W poszukiwaniu autorytet\u00f3w\u201d"},"content":{"rendered":"\n<p>W <strong>Jubileuszowym Tygodniu Kultury J\u0119zyka<\/strong> chcemy skupi\u0107 uwag\u0119 uczni\u00f3w na autorytetach. Dzi\u0119ki nim mo\u017cna odkrywa\u0107 siebie, swoje potrzeby i d\u0105\u017cenia; by czerpi\u0105c z do\u015bwiadcze\u0144 i osi\u0105gni\u0119\u0107 innych, kszta\u0142towa\u0107 w\u0142asn\u0105 to\u017csamo\u015b\u0107 i kreowa\u0107 swoj\u0105 przysz\u0142o\u015b\u0107.<\/p>\n\n\n\n<p>Czy potrafiliby\u015bcie wskaza\u0107 kogo\u015b, kogo bardzo cenicie? Rodzica, nauczyciela, przyjaciela, znanego naukowca, dzia\u0142acza spo\u0142ecznego lub artyst\u0119? Tak\u0105 osob\u0119 mo\u017cna nazwa\u0107 autorytetem, czyli kim\u015b ciesz\u0105cym si\u0119 w\u015br\u00f3d ludzi szczeg\u00f3lnym uznaniem, szacunkiem, powa\u017caniem ze wzgl\u0119du na swoj\u0105 wiedz\u0119 lub zachowanie.&nbsp;<a href=\"void(0);\">Autorytet<\/a>&nbsp;cz\u0119sto stawiany jest za wz\u00f3r do&nbsp;na\u015bladowania dzi\u0119ki swojej wysokiej inteligencji, prawdom\u00f3wno\u015bci, uczciwo\u015bci, odwadze. Cz\u0119sto si\u0119 zdarza, \u017ce cechy przyw\u00f3dcze i&nbsp;charyzma takiej osoby maj\u0105 ogromy wp\u0142yw na innych.<\/p>\n\n\n\n<p>Zach\u0119cam do obejrzenia wywiadu z Janem Mel\u0105 na temat autorytet\u00f3w<\/p>\n\n\n\n<figure class=\"wp-block-embed is-type-video is-provider-youtube wp-block-embed-youtube wp-embed-aspect-16-9 wp-has-aspect-ratio\"><div class=\"wp-block-embed__wrapper\">\n<iframe loading=\"lazy\" title=\"Autorytet.org - Wywiad z Jaskiem Mel\u0105\" width=\"1160\" height=\"653\" src=\"https:\/\/www.youtube.com\/embed\/4bNmajlFSnI?feature=oembed\" frameborder=\"0\" allow=\"accelerometer; autoplay; clipboard-write; encrypted-media; gyroscope; picture-in-picture\" allowfullscreen><\/iframe>\n<\/div><\/figure>\n\n\n\n<p><strong>\u201eB\u0105d\u017a poszukiwaczem autorytetu\u201d\u2013nagraj wywiad z osob\u0105, kt\u00f3r\u0105 uwa\u017caj\u0105 za wz\u00f3r do na\u015bladowania, autorytet. Nagranie wideo nie mo\u017ce przekracza\u0107 czasu 5 minut i musi pojawi\u0107 si\u0119 w nim uczestnik konkursu. Prze\u015blij nagranie do swojego polonisty do 20 marca. &nbsp;&nbsp;Stw\u00f3rzmy wsp\u00f3lnie Galeri\u0119 Autorytet\u00f3w.<\/strong><\/p>\n\n\n\n<p>\u00a0\u00a0\u00a0\u00a0\u00a0\u00a0\u00a0\u00a0\u00a0\u00a0\u00a0\u00a0\u00a0\u00a0\u00a0\u00a0\u00a0\u00a0\u00a0\u00a0\u00a0\u00a0\u00a0\u00a0\u00a0\u00a0\u00a0\u00a0\u00a0\u00a0\u00a0\u00a0\u00a0\u00a0\u00a0\u00a0\u00a0\u00a0\u00a0\u00a0\u00a0\u00a0\u00a0\u00a0\u00a0\u00a0\u00a0\u00a0\u00a0\u00a0\u00a0\u00a0\u00a0\u00a0\u00a0\u00a0\u00a0\u00a0\u00a0\u00a0\u00a0\u00a0\u00a0\u00a0\u00a0\u00a0\u00a0\u00a0\u00a0\u00a0\u00a0\u00a0\u00a0\u00a0\u00a0\u00a0\u00a0\u00a0\u00a0\u00a0\u00a0\u00a0\u00a0\u00a0\u00a0\u00a0\u00a0\u00a0\u00a0\u00a0\u00a0\u00a0\u00a0\u00a0\u00a0\u00a0\u00a0\u00a0\u00a0\u00a0\u00a0\u00a0\u00a0\u00a0\u00a0\u00a0 Dorota Broni\u015b \u2013 nauczyciel j. polskiego<\/p>\n\n\n\n<figure class=\"wp-block-gallery has-nested-images columns-default is-cropped wp-block-gallery-1 is-layout-flex wp-block-gallery-is-layout-flex\">\n<figure class=\"wp-block-image size-large\"><a href=\"http:\/\/sp1.kielce.eu\/wp-content\/uploads\/2022\/03\/autorytet-zdj\u00a6Ocie.jpg\"><img loading=\"lazy\" decoding=\"async\" width=\"285\" height=\"177\" data-id=\"21615\" src=\"http:\/\/sp1.kielce.eu\/wp-content\/uploads\/2022\/03\/autorytet-zdj\u00a6Ocie.jpg\" alt=\"\" class=\"wp-image-21615\" \/><\/a><\/figure>\n\n\n\n<figure class=\"wp-block-image size-large\"><a href=\"http:\/\/sp1.kielce.eu\/wp-content\/uploads\/2022\/03\/Bez-tytulu.png\"><img loading=\"lazy\" decoding=\"async\" width=\"203\" height=\"344\" data-id=\"21616\" src=\"http:\/\/sp1.kielce.eu\/wp-content\/uploads\/2022\/03\/Bez-tytulu.png\" alt=\"\" class=\"wp-image-21616\" srcset=\"https:\/\/sp1.kielce.eu\/wp-content\/uploads\/2022\/03\/Bez-tytulu.png 203w, https:\/\/sp1.kielce.eu\/wp-content\/uploads\/2022\/03\/Bez-tytulu-177x300.png 177w\" sizes=\"auto, (max-width: 203px) 100vw, 203px\" \/><\/a><\/figure>\n<\/figure>\n","protected":false},"excerpt":{"rendered":"<p>W Jubileuszowym Tygodniu Kultury J\u0119zyka chcemy skupi\u0107 uwag\u0119 uczni\u00f3w na autorytetach. Dzi\u0119ki nim mo\u017cna odkrywa\u0107 [&hellip;]<\/p>\n","protected":false},"author":5,"featured_media":21615,"comment_status":"closed","ping_status":"","sticky":false,"template":"","format":"standard","meta":{"footnotes":""},"categories":[36],"tags":[],"class_list":["post-21614","post","type-post","status-publish","format-standard","has-post-thumbnail","hentry","category-wydarzenia"],"_links":{"self":[{"href":"https:\/\/sp1.kielce.eu\/index.php\/wp-json\/wp\/v2\/posts\/21614","targetHints":{"allow":["GET"]}}],"collection":[{"href":"https:\/\/sp1.kielce.eu\/index.php\/wp-json\/wp\/v2\/posts"}],"about":[{"href":"https:\/\/sp1.kielce.eu\/index.php\/wp-json\/wp\/v2\/types\/post"}],"author":[{"embeddable":true,"href":"https:\/\/sp1.kielce.eu\/index.php\/wp-json\/wp\/v2\/users\/5"}],"replies":[{"embeddable":true,"href":"https:\/\/sp1.kielce.eu\/index.php\/wp-json\/wp\/v2\/comments?post=21614"}],"version-history":[{"count":1,"href":"https:\/\/sp1.kielce.eu\/index.php\/wp-json\/wp\/v2\/posts\/21614\/revisions"}],"predecessor-version":[{"id":21617,"href":"https:\/\/sp1.kielce.eu\/index.php\/wp-json\/wp\/v2\/posts\/21614\/revisions\/21617"}],"wp:featuredmedia":[{"embeddable":true,"href":"https:\/\/sp1.kielce.eu\/index.php\/wp-json\/wp\/v2\/media\/21615"}],"wp:attachment":[{"href":"https:\/\/sp1.kielce.eu\/index.php\/wp-json\/wp\/v2\/media?parent=21614"}],"wp:term":[{"taxonomy":"category","embeddable":true,"href":"https:\/\/sp1.kielce.eu\/index.php\/wp-json\/wp\/v2\/categories?post=21614"},{"taxonomy":"post_tag","embeddable":true,"href":"https:\/\/sp1.kielce.eu\/index.php\/wp-json\/wp\/v2\/tags?post=21614"}],"curies":[{"name":"wp","href":"https:\/\/api.w.org\/{rel}","templated":true}]}}