{"id":21593,"date":"2022-03-17T22:43:30","date_gmt":"2022-03-17T21:43:30","guid":{"rendered":"http:\/\/sp1.kielce.eu\/?p=21593"},"modified":"2022-03-17T22:43:30","modified_gmt":"2022-03-17T21:43:30","slug":"quiz-matematyczny-w-swietlicy","status":"publish","type":"post","link":"https:\/\/sp1.kielce.eu\/index.php\/2022\/03\/17\/quiz-matematyczny-w-swietlicy\/","title":{"rendered":"Quiz matematyczny w \u015bwietlicy"},"content":{"rendered":"\n<p>12 marca 2022 roku w&nbsp;\u015bwietlicy szkolnej obchodzili\u015bmy Dzie\u0144 Matematyki. Zosta\u0142 on stworzony po to, aby da\u0107 uczniom troch\u0119 odmiany w&nbsp;nauce matematyki. Udzia\u0142 w&nbsp;grach i&nbsp;zabawach matematycznych ma na celu pokaza\u0107 inn\u0105 stron\u0119 tej nauki. Matematyka mo\u017ce by\u0107 przyjemna i&nbsp;dawa\u0107 rado\u015b\u0107. Dlatego nasze dzieci wzi\u0119\u0142y udzia\u0142 w&nbsp;quizie matematycznym.&nbsp;<\/p>\n\n\n\n<p>Gratulujemy wszystkim wygranym!<\/p>\n\n\n\n<p>Klasy drugie:<br>1. Bartosz Bi\u0144kowski 2b<br>2. Oliwia Sieczka 2b<br>3. Franciszek Guli\u0144ski 2b<\/p>\n\n\n\n<p>Klasy pierwsze:<br>1. Antoni Piwko 1c<br>2. Izabela \u0141uszczek 1a<br>3. Franciszek Zychowicz i Maksim Ermolenko 1c<\/p>\n\n\n\n<p><strong>Gratulujemy \ud83d\ude42<\/strong><\/p>\n\n\n\n<p class=\"has-text-align-right\">Organizatorzy: wychowawcy \u015bwietlicy<\/p>\n\n\n\n<figure class=\"wp-block-gallery has-nested-images columns-4 is-cropped wp-block-gallery-1 is-layout-flex wp-block-gallery-is-layout-flex\">\n<figure class=\"wp-block-image size-large\"><a href=\"http:\/\/sp1.kielce.eu\/wp-content\/uploads\/2022\/03\/20220314_134806-Copy.jpg\"><img loading=\"lazy\" decoding=\"async\" width=\"1192\" height=\"900\" data-id=\"21595\" src=\"http:\/\/sp1.kielce.eu\/wp-content\/uploads\/2022\/03\/20220314_134806-Copy.jpg\" alt=\"\" class=\"wp-image-21595\" srcset=\"https:\/\/sp1.kielce.eu\/wp-content\/uploads\/2022\/03\/20220314_134806-Copy.jpg 1192w, https:\/\/sp1.kielce.eu\/wp-content\/uploads\/2022\/03\/20220314_134806-Copy-300x227.jpg 300w, https:\/\/sp1.kielce.eu\/wp-content\/uploads\/2022\/03\/20220314_134806-Copy-768x580.jpg 768w, https:\/\/sp1.kielce.eu\/wp-content\/uploads\/2022\/03\/20220314_134806-Copy-820x619.jpg 820w\" sizes=\"auto, (max-width: 1192px) 100vw, 1192px\" \/><\/a><\/figure>\n\n\n\n<figure class=\"wp-block-image size-large\"><a href=\"http:\/\/sp1.kielce.eu\/wp-content\/uploads\/2022\/03\/275526880_539672654087538_3278617040972247629_n-Copy.jpg\"><img loading=\"lazy\" decoding=\"async\" width=\"1068\" height=\"900\" data-id=\"21598\" src=\"http:\/\/sp1.kielce.eu\/wp-content\/uploads\/2022\/03\/275526880_539672654087538_3278617040972247629_n-Copy.jpg\" alt=\"\" class=\"wp-image-21598\" srcset=\"https:\/\/sp1.kielce.eu\/wp-content\/uploads\/2022\/03\/275526880_539672654087538_3278617040972247629_n-Copy.jpg 1068w, https:\/\/sp1.kielce.eu\/wp-content\/uploads\/2022\/03\/275526880_539672654087538_3278617040972247629_n-Copy-300x253.jpg 300w, https:\/\/sp1.kielce.eu\/wp-content\/uploads\/2022\/03\/275526880_539672654087538_3278617040972247629_n-Copy-768x647.jpg 768w, https:\/\/sp1.kielce.eu\/wp-content\/uploads\/2022\/03\/275526880_539672654087538_3278617040972247629_n-Copy-820x691.jpg 820w\" sizes=\"auto, (max-width: 1068px) 100vw, 1068px\" \/><\/a><\/figure>\n\n\n\n<figure class=\"wp-block-image size-large\"><a href=\"http:\/\/sp1.kielce.eu\/wp-content\/uploads\/2022\/03\/275602244_1172945923626297_469114145632095440_n-Copy.jpg\"><img loading=\"lazy\" decoding=\"async\" width=\"787\" height=\"900\" data-id=\"21596\" src=\"http:\/\/sp1.kielce.eu\/wp-content\/uploads\/2022\/03\/275602244_1172945923626297_469114145632095440_n-Copy.jpg\" alt=\"\" class=\"wp-image-21596\" srcset=\"https:\/\/sp1.kielce.eu\/wp-content\/uploads\/2022\/03\/275602244_1172945923626297_469114145632095440_n-Copy.jpg 787w, https:\/\/sp1.kielce.eu\/wp-content\/uploads\/2022\/03\/275602244_1172945923626297_469114145632095440_n-Copy-262x300.jpg 262w, https:\/\/sp1.kielce.eu\/wp-content\/uploads\/2022\/03\/275602244_1172945923626297_469114145632095440_n-Copy-768x878.jpg 768w\" sizes=\"auto, (max-width: 787px) 100vw, 787px\" \/><\/a><\/figure>\n\n\n\n<figure class=\"wp-block-image size-large\"><a href=\"http:\/\/sp1.kielce.eu\/wp-content\/uploads\/2022\/03\/275667069_1006226269978246_5799424670278289205_n-Copy.jpg\"><img loading=\"lazy\" decoding=\"async\" width=\"1078\" height=\"900\" data-id=\"21597\" src=\"http:\/\/sp1.kielce.eu\/wp-content\/uploads\/2022\/03\/275667069_1006226269978246_5799424670278289205_n-Copy.jpg\" alt=\"\" class=\"wp-image-21597\" srcset=\"https:\/\/sp1.kielce.eu\/wp-content\/uploads\/2022\/03\/275667069_1006226269978246_5799424670278289205_n-Copy.jpg 1078w, https:\/\/sp1.kielce.eu\/wp-content\/uploads\/2022\/03\/275667069_1006226269978246_5799424670278289205_n-Copy-300x250.jpg 300w, https:\/\/sp1.kielce.eu\/wp-content\/uploads\/2022\/03\/275667069_1006226269978246_5799424670278289205_n-Copy-768x641.jpg 768w, https:\/\/sp1.kielce.eu\/wp-content\/uploads\/2022\/03\/275667069_1006226269978246_5799424670278289205_n-Copy-820x685.jpg 820w\" sizes=\"auto, (max-width: 1078px) 100vw, 1078px\" \/><\/a><\/figure>\n<\/figure>\n","protected":false},"excerpt":{"rendered":"<p>12 marca 2022 roku w&nbsp;\u015bwietlicy szkolnej obchodzili\u015bmy Dzie\u0144 Matematyki. Zosta\u0142 on stworzony po to, aby [&hellip;]<\/p>\n","protected":false},"author":13,"featured_media":21599,"comment_status":"closed","ping_status":"","sticky":false,"template":"","format":"standard","meta":{"footnotes":""},"categories":[25],"tags":[],"class_list":["post-21593","post","type-post","status-publish","format-standard","has-post-thumbnail","hentry","category-swietlica"],"_links":{"self":[{"href":"https:\/\/sp1.kielce.eu\/index.php\/wp-json\/wp\/v2\/posts\/21593","targetHints":{"allow":["GET"]}}],"collection":[{"href":"https:\/\/sp1.kielce.eu\/index.php\/wp-json\/wp\/v2\/posts"}],"about":[{"href":"https:\/\/sp1.kielce.eu\/index.php\/wp-json\/wp\/v2\/types\/post"}],"author":[{"embeddable":true,"href":"https:\/\/sp1.kielce.eu\/index.php\/wp-json\/wp\/v2\/users\/13"}],"replies":[{"embeddable":true,"href":"https:\/\/sp1.kielce.eu\/index.php\/wp-json\/wp\/v2\/comments?post=21593"}],"version-history":[{"count":2,"href":"https:\/\/sp1.kielce.eu\/index.php\/wp-json\/wp\/v2\/posts\/21593\/revisions"}],"predecessor-version":[{"id":21600,"href":"https:\/\/sp1.kielce.eu\/index.php\/wp-json\/wp\/v2\/posts\/21593\/revisions\/21600"}],"wp:featuredmedia":[{"embeddable":true,"href":"https:\/\/sp1.kielce.eu\/index.php\/wp-json\/wp\/v2\/media\/21599"}],"wp:attachment":[{"href":"https:\/\/sp1.kielce.eu\/index.php\/wp-json\/wp\/v2\/media?parent=21593"}],"wp:term":[{"taxonomy":"category","embeddable":true,"href":"https:\/\/sp1.kielce.eu\/index.php\/wp-json\/wp\/v2\/categories?post=21593"},{"taxonomy":"post_tag","embeddable":true,"href":"https:\/\/sp1.kielce.eu\/index.php\/wp-json\/wp\/v2\/tags?post=21593"}],"curies":[{"name":"wp","href":"https:\/\/api.w.org\/{rel}","templated":true}]}}