{"id":21573,"date":"2022-03-18T09:30:00","date_gmt":"2022-03-18T08:30:00","guid":{"rendered":"http:\/\/sp1.kielce.eu\/?p=21573"},"modified":"2022-03-19T19:37:12","modified_gmt":"2022-03-19T18:37:12","slug":"stanislaw-staszic-patron-naszej-szkoly-2","status":"publish","type":"post","link":"https:\/\/sp1.kielce.eu\/index.php\/2022\/03\/18\/stanislaw-staszic-patron-naszej-szkoly-2\/","title":{"rendered":"Stanis\u0142aw Staszic \u2013 patron naszej szko\u0142y"},"content":{"rendered":"\n<p class=\"has-text-align-left\">Zapraszamy do obejrzenia filmu z obchod\u00f3w tygodnia patrona szko\u0142y &#8211; Stanis\u0142awa Staszica.<\/p>\n\n\n\n<p class=\"has-text-align-right\"><br>Przygotowali wychowawcy klas pi\u0105tych:<br>Katarzyna Szostak i Emilia Orkisz<br><br><\/p>\n\n\n\n<figure class=\"wp-block-embed is-type-video is-provider-youtube wp-block-embed-youtube wp-embed-aspect-16-9 wp-has-aspect-ratio\"><div class=\"wp-block-embed__wrapper\">\n<iframe loading=\"lazy\" title=\"TYDZIE\u0143 PATRONA SZKO\u0141Y\" width=\"1160\" height=\"653\" src=\"https:\/\/www.youtube.com\/embed\/oSfJg-L3dRs?feature=oembed\" frameborder=\"0\" allow=\"accelerometer; autoplay; clipboard-write; encrypted-media; gyroscope; picture-in-picture\" allowfullscreen><\/iframe>\n<\/div><\/figure>\n\n\n\n<p><\/p>\n","protected":false},"excerpt":{"rendered":"<p>Zapraszamy do obejrzenia filmu z obchod\u00f3w tygodnia patrona szko\u0142y &#8211; Stanis\u0142awa Staszica. Przygotowali wychowawcy klas [&hellip;]<\/p>\n","protected":false},"author":13,"featured_media":21577,"comment_status":"closed","ping_status":"","sticky":false,"template":"","format":"standard","meta":{"footnotes":""},"categories":[36],"tags":[],"class_list":["post-21573","post","type-post","status-publish","format-standard","has-post-thumbnail","hentry","category-wydarzenia"],"_links":{"self":[{"href":"https:\/\/sp1.kielce.eu\/index.php\/wp-json\/wp\/v2\/posts\/21573","targetHints":{"allow":["GET"]}}],"collection":[{"href":"https:\/\/sp1.kielce.eu\/index.php\/wp-json\/wp\/v2\/posts"}],"about":[{"href":"https:\/\/sp1.kielce.eu\/index.php\/wp-json\/wp\/v2\/types\/post"}],"author":[{"embeddable":true,"href":"https:\/\/sp1.kielce.eu\/index.php\/wp-json\/wp\/v2\/users\/13"}],"replies":[{"embeddable":true,"href":"https:\/\/sp1.kielce.eu\/index.php\/wp-json\/wp\/v2\/comments?post=21573"}],"version-history":[{"count":4,"href":"https:\/\/sp1.kielce.eu\/index.php\/wp-json\/wp\/v2\/posts\/21573\/revisions"}],"predecessor-version":[{"id":21722,"href":"https:\/\/sp1.kielce.eu\/index.php\/wp-json\/wp\/v2\/posts\/21573\/revisions\/21722"}],"wp:featuredmedia":[{"embeddable":true,"href":"https:\/\/sp1.kielce.eu\/index.php\/wp-json\/wp\/v2\/media\/21577"}],"wp:attachment":[{"href":"https:\/\/sp1.kielce.eu\/index.php\/wp-json\/wp\/v2\/media?parent=21573"}],"wp:term":[{"taxonomy":"category","embeddable":true,"href":"https:\/\/sp1.kielce.eu\/index.php\/wp-json\/wp\/v2\/categories?post=21573"},{"taxonomy":"post_tag","embeddable":true,"href":"https:\/\/sp1.kielce.eu\/index.php\/wp-json\/wp\/v2\/tags?post=21573"}],"curies":[{"name":"wp","href":"https:\/\/api.w.org\/{rel}","templated":true}]}}