{"id":21520,"date":"2022-03-13T21:46:59","date_gmt":"2022-03-13T20:46:59","guid":{"rendered":"http:\/\/sp1.kielce.eu\/?p=21520"},"modified":"2022-03-13T21:46:59","modified_gmt":"2022-03-13T20:46:59","slug":"podczas-drogi-krzyzowej-modlimy-sie-o-pokoj-na-ukrainie","status":"publish","type":"post","link":"https:\/\/sp1.kielce.eu\/index.php\/2022\/03\/13\/podczas-drogi-krzyzowej-modlimy-sie-o-pokoj-na-ukrainie\/","title":{"rendered":"Podczas Drogi krzy\u017cowej modlimy si\u0119 o pok\u00f3j na Ukrainie"},"content":{"rendered":"\n<p>\u00a0\u00a0\u00a0\u00a0\u00a0\u00a0\u00a0\u00a0\u00a0\u00a0\u00a0 Uczniowie naszej szko\u0142y uczestnicz\u0105 w\u00a0nabo\u017ce\u0144stwach <em>Drogi krzy\u017cowej<\/em>, kt\u00f3r\u0105 prze\u017cywamy w\u00a0ka\u017cdy pi\u0105tek o\u00a0godzinie 16.30, w\u00a0Parafii \u015awi\u0119tego J\u00f3zefa Robotnika. Szczeg\u00f3lnie gorliwie, wraz z\u00a0rodzicami, w\u00a0modlitwie uczestnicz\u0105 uczniowie klas trzecich, kt\u00f3rzy w\u00a0tym roku przygotowuj\u0105 si\u0119 do Pierwszej Spowiedzi i\u00a0Komunii \u015awi\u0119tej. Trzecioklasi\u015bci samodzielnie wykonali rozwa\u017cania do poszczeg\u00f3lnych stacji.<\/p>\n\n\n\n<p>Podczas <em>Drogi krzy\u017cowej<\/em> modlimy si\u0119 tak\u017ce o&nbsp;ustanie dzia\u0142a\u0144 wojennych i&nbsp;pok\u00f3j na Ukrainie.<\/p>\n\n\n\n<p class=\"has-text-align-right\"><em>s. Faustyna Czajkowska<\/em><\/p>\n\n\n\n<figure class=\"wp-block-gallery has-nested-images columns-default is-cropped wp-block-gallery-1 is-layout-flex wp-block-gallery-is-layout-flex\">\n<figure class=\"wp-block-image size-large\"><a href=\"http:\/\/sp1.kielce.eu\/wp-content\/uploads\/2022\/03\/Droga-krzyzowa-1-Copy.jpg\"><img loading=\"lazy\" decoding=\"async\" width=\"1200\" height=\"675\" data-id=\"21522\" src=\"http:\/\/sp1.kielce.eu\/wp-content\/uploads\/2022\/03\/Droga-krzyzowa-1-Copy.jpg\" alt=\"\" class=\"wp-image-21522\" srcset=\"https:\/\/sp1.kielce.eu\/wp-content\/uploads\/2022\/03\/Droga-krzyzowa-1-Copy.jpg 1200w, https:\/\/sp1.kielce.eu\/wp-content\/uploads\/2022\/03\/Droga-krzyzowa-1-Copy-300x169.jpg 300w, https:\/\/sp1.kielce.eu\/wp-content\/uploads\/2022\/03\/Droga-krzyzowa-1-Copy-768x432.jpg 768w, https:\/\/sp1.kielce.eu\/wp-content\/uploads\/2022\/03\/Droga-krzyzowa-1-Copy-820x461.jpg 820w\" sizes=\"auto, (max-width: 1200px) 100vw, 1200px\" \/><\/a><\/figure>\n\n\n\n<figure class=\"wp-block-image size-large\"><a href=\"http:\/\/sp1.kielce.eu\/wp-content\/uploads\/2022\/03\/Droga-krzyzowa-2-Copy.jpg\"><img loading=\"lazy\" decoding=\"async\" width=\"1200\" height=\"675\" data-id=\"21521\" src=\"http:\/\/sp1.kielce.eu\/wp-content\/uploads\/2022\/03\/Droga-krzyzowa-2-Copy.jpg\" alt=\"\" class=\"wp-image-21521\" srcset=\"https:\/\/sp1.kielce.eu\/wp-content\/uploads\/2022\/03\/Droga-krzyzowa-2-Copy.jpg 1200w, https:\/\/sp1.kielce.eu\/wp-content\/uploads\/2022\/03\/Droga-krzyzowa-2-Copy-300x169.jpg 300w, https:\/\/sp1.kielce.eu\/wp-content\/uploads\/2022\/03\/Droga-krzyzowa-2-Copy-768x432.jpg 768w, https:\/\/sp1.kielce.eu\/wp-content\/uploads\/2022\/03\/Droga-krzyzowa-2-Copy-820x461.jpg 820w\" sizes=\"auto, (max-width: 1200px) 100vw, 1200px\" \/><\/a><\/figure>\n<\/figure>\n","protected":false},"excerpt":{"rendered":"<p>\u00a0\u00a0\u00a0\u00a0\u00a0\u00a0\u00a0\u00a0\u00a0\u00a0\u00a0 Uczniowie naszej szko\u0142y uczestnicz\u0105 w\u00a0nabo\u017ce\u0144stwach Drogi krzy\u017cowej, kt\u00f3r\u0105 prze\u017cywamy w\u00a0ka\u017cdy pi\u0105tek o\u00a0godzinie 16.30, w\u00a0Parafii [&hellip;]<\/p>\n","protected":false},"author":13,"featured_media":21524,"comment_status":"closed","ping_status":"","sticky":false,"template":"","format":"standard","meta":{"footnotes":""},"categories":[36],"tags":[],"class_list":["post-21520","post","type-post","status-publish","format-standard","has-post-thumbnail","hentry","category-wydarzenia"],"_links":{"self":[{"href":"https:\/\/sp1.kielce.eu\/index.php\/wp-json\/wp\/v2\/posts\/21520","targetHints":{"allow":["GET"]}}],"collection":[{"href":"https:\/\/sp1.kielce.eu\/index.php\/wp-json\/wp\/v2\/posts"}],"about":[{"href":"https:\/\/sp1.kielce.eu\/index.php\/wp-json\/wp\/v2\/types\/post"}],"author":[{"embeddable":true,"href":"https:\/\/sp1.kielce.eu\/index.php\/wp-json\/wp\/v2\/users\/13"}],"replies":[{"embeddable":true,"href":"https:\/\/sp1.kielce.eu\/index.php\/wp-json\/wp\/v2\/comments?post=21520"}],"version-history":[{"count":2,"href":"https:\/\/sp1.kielce.eu\/index.php\/wp-json\/wp\/v2\/posts\/21520\/revisions"}],"predecessor-version":[{"id":21526,"href":"https:\/\/sp1.kielce.eu\/index.php\/wp-json\/wp\/v2\/posts\/21520\/revisions\/21526"}],"wp:featuredmedia":[{"embeddable":true,"href":"https:\/\/sp1.kielce.eu\/index.php\/wp-json\/wp\/v2\/media\/21524"}],"wp:attachment":[{"href":"https:\/\/sp1.kielce.eu\/index.php\/wp-json\/wp\/v2\/media?parent=21520"}],"wp:term":[{"taxonomy":"category","embeddable":true,"href":"https:\/\/sp1.kielce.eu\/index.php\/wp-json\/wp\/v2\/categories?post=21520"},{"taxonomy":"post_tag","embeddable":true,"href":"https:\/\/sp1.kielce.eu\/index.php\/wp-json\/wp\/v2\/tags?post=21520"}],"curies":[{"name":"wp","href":"https:\/\/api.w.org\/{rel}","templated":true}]}}