{"id":21440,"date":"2022-03-09T22:30:43","date_gmt":"2022-03-09T21:30:43","guid":{"rendered":"http:\/\/sp1.kielce.eu\/?p=21440"},"modified":"2022-03-09T22:30:43","modified_gmt":"2022-03-09T21:30:43","slug":"paczka-jedynki-dla-ukrainy","status":"publish","type":"post","link":"https:\/\/sp1.kielce.eu\/index.php\/2022\/03\/09\/paczka-jedynki-dla-ukrainy\/","title":{"rendered":"PACZKA \u201eJEDYNKI\u201d DLA UKRAINY!"},"content":{"rendered":"\n<p><strong>PACZKA DLA UKRAINY<\/strong> jest akcj\u0105 stworzon\u0105 w&nbsp;odpowiedzi na inwazj\u0119 Rosji na Ukrain\u0119. Skala kryzysu humanitarnego ro\u015bnie z&nbsp;ka\u017cd\u0105 minut\u0105. Brakuje \u017cywno\u015bci, \u015brodk\u00f3w higienicznych, opatrunk\u00f3w. Kobiety z&nbsp;dzie\u0107mi czekaj\u0105ce wiele godzin w&nbsp;kolejce do przej\u015bcia granicznego nie maj\u0105 co da\u0107 dzieciom do jedzenia.<\/p>\n\n\n\n<p><strong>Ide\u0105 akcji jest tworzenie gotowej paczki przez polskie rodziny, wsp\u00f3lnoty parafialne, Szkolne Ko\u0142a Wolontariatu, szko\u0142y<\/strong> dla rodzin na Ukrainie, b\u0105d\u017a przekazywane na miejscu uchod\u017acom z Ukrainy, kt\u00f3rzy nie posiadaj\u0105 \u015brodk\u00f3w do \u017cycia.<\/p>\n\n\n\n<p><strong>Instrukcja przygotowania akcji Paczka dla Ukrainy<\/strong><\/p>\n\n\n\n<p>1. Opakowania kartonowe z&nbsp;logo Caritas (wymiary 53&nbsp;cm x 40&nbsp;cm x 26&nbsp;cm) trafi\u0142y do naszej Szko\u0142y, w&nbsp;zale\u017cno\u015bci od naszego zaanga\u017cowania b\u0119dziemy przywozi\u0107 kolejne kartony z&nbsp;magazyn\u00f3w Caritas Kielce, kt\u00f3re mo\u017cemy ju\u017c wype\u0142nia\u0107 konkretnymi produktami wyszczeg\u00f3lnionymi na zaproponowanej li\u015bcie produkt\u00f3w (Za\u0142\u0105cznik nr&nbsp;1)<\/p>\n\n\n\n<p>2. Poszczeg\u00f3lne grupy, wsp\u00f3lnoty, rodziny, szko\u0142y, klasy np.&nbsp;I-III, IV-VI, VII-VIII (czy jeszcze wed\u0142ug innych podzia\u0142\u00f3w) wype\u0142niaj\u0105 karton produktami najwi\u0119kszej potrzeby zgodnie z&nbsp;proponowan\u0105 list\u0105 produkt\u00f3w (Za\u0142\u0105cznik nr&nbsp;1).<\/p>\n\n\n\n<p>3. Ka\u017cda paczka powinna by\u0107 zapakowana do pe\u0142na, jednak\u017ce musi by\u0107 zamkni\u0119ta i&nbsp;zabezpieczona (co b\u0119dziemy czyni\u0107 w&nbsp;szkole!)<\/p>\n\n\n\n<p>4. <strong>Paczka nie powinna przekracza\u0107 wagi 18&nbsp;kg.<\/strong><\/p>\n\n\n\n<p>5. <strong>Paczka powinna zawiera\u0107 zawsze produkty z&nbsp;trzech kategorii<\/strong>:<\/p>\n\n\n\n<ul class=\"wp-block-list\"><li><strong>\u017cywno\u015b\u0107 z&nbsp;d\u0142ugim terminem wa\u017cno\u015bci<\/strong> (np.&nbsp;makaron, ry\u017c, konserwy, puszki)<\/li><li><strong>produkty dla dzieci<\/strong> (np.&nbsp;kaszki, s\u0142oiczki, soki)<\/li><li><strong>artyku\u0142y chemiczne, kosmetyczne<\/strong> (np.&nbsp;papier toaletowy, chusteczki nawil\u017cone, myd\u0142o, pasta do z\u0119b\u00f3w, plastry opatrunkowe)<\/li><\/ul>\n\n\n\n<p>6. <strong>Do paczki nie nale\u017cy wk\u0142ada\u0107 u\u017cywanych ubra\u0144<\/strong>.<\/p>\n\n\n\n<p>7. Przygotowana paczka powinna by\u0107 gotowym zestawem produkt\u00f3w (wype\u0142nionym do pe\u0142na i&nbsp;bez potrzeby uzupe\u0142nienia), mo\u017cliwym do przekazania rodzinie na Ukrainie. <strong>Paczk\u0119 nale\u017cy zwr\u00f3ci\u0107 do miejsca, gdzie pobra\u0142o si\u0119 karton (szko\u0142a, parafia) lub dostarczy\u0107 wszystkie produkty do pustych karton\u00f3w w&nbsp;szkole, czy parafii.<\/strong><\/p>\n\n\n\n<p>8. <strong>Gotowe paczki Szkolne Ko\u0142o Wolontariatu \u201eJedynka\u201d przeka\u017ce do magazynu<\/strong> <strong>Zak\u0142adu Aktywno\u015bci Zawodowej (ZAZ) \u2013 Caritas Kielce (ul.&nbsp;Weso\u0142a&nbsp;52).<\/strong><\/p>\n\n\n\n<p>9. Skompletowana wi\u0119ksza ilo\u015b\u0107 gotowych paczek u\u0142o\u017conych i&nbsp;ofoliowanych na paletach b\u0119dzie przes\u0142ana\/przewieziona do magazyn\u00f3w prze\u0142adunkowych w&nbsp;Le\u017cajsku.<\/p>\n\n\n\n<p>ADRESY MAGAZYN\u00d3W PRZE\u0141ADUNKOWYCH:<\/p>\n\n\n\n<p>&#8211; ul.&nbsp;\u017beromskiego&nbsp;3, 37-300 Le\u017cajsk<\/p>\n\n\n\n<p>Caritas Przemy\u015bl b\u0119dzie organizowa\u0107 transporty na Ukrain\u0119 do naszych partner\u00f3w \u2013 Caritas Ukraina i&nbsp;Caritas-SPES, kt\u00f3re b\u0119d\u0105 zajmowa\u0107 si\u0119 dystrybucj\u0105 w\u015br\u00f3d rodzin.<\/p>\n\n\n\n<p class=\"has-text-align-right\">Ks. Konrad Walerczak, ks. Dariusz W\u0119grzyn, s. Faustyna Czajkowska,<br>p. Agnieszka Rycombel, p. Ma\u0142gorzata Wojciechowska, p. Paulina Kondracka<br>oraz Wychowawcy klas <\/p>\n\n\n\n<p class=\"has-text-align-left\">Przyk\u0142adowa spakowana <strong>PACZKA DLA UKRAINY<\/strong><\/p>\n\n\n\n<div class=\"wp-block-image\"><figure class=\"aligncenter size-full\"><img loading=\"lazy\" decoding=\"async\" width=\"717\" height=\"267\" src=\"http:\/\/sp1.kielce.eu\/wp-content\/uploads\/2022\/03\/obraz-5.png\" alt=\"\" class=\"wp-image-21441\" srcset=\"https:\/\/sp1.kielce.eu\/wp-content\/uploads\/2022\/03\/obraz-5.png 717w, https:\/\/sp1.kielce.eu\/wp-content\/uploads\/2022\/03\/obraz-5-300x112.png 300w\" sizes=\"auto, (max-width: 717px) 100vw, 717px\" \/><\/figure><\/div>\n\n\n\n<p><strong>Zamkni\u0119ta paczka:<\/strong><\/p>\n\n\n\n<div class=\"wp-block-image\"><figure class=\"aligncenter size-medium\"><img loading=\"lazy\" decoding=\"async\" width=\"300\" height=\"225\" src=\"http:\/\/sp1.kielce.eu\/wp-content\/uploads\/2022\/03\/1-300x225.jpg\" alt=\"\" class=\"wp-image-21442\" srcset=\"https:\/\/sp1.kielce.eu\/wp-content\/uploads\/2022\/03\/1-300x225.jpg 300w, https:\/\/sp1.kielce.eu\/wp-content\/uploads\/2022\/03\/1-768x576.jpg 768w, https:\/\/sp1.kielce.eu\/wp-content\/uploads\/2022\/03\/1.jpg 819w\" sizes=\"auto, (max-width: 300px) 100vw, 300px\" \/><\/figure><\/div>\n\n\n\n<p><strong><a href=\"http:\/\/sp1.kielce.eu\/wp-content\/uploads\/2022\/03\/Zalacznik-nr-1-Paczka-dla-Ukrainy-lista-produktow-do-paczki.pdf\">Za\u0142\u0105cznik nr 1 \u2013 Lista produkt\u00f3w z podzia\u0142em na kategorie<\/a><\/strong><\/p>\n\n\n\n<p><a href=\"http:\/\/sp1.kielce.eu\/wp-content\/uploads\/2022\/03\/List_Paczka_2szt_naA4.pdf\">Za\u0142\u0105cznik nr 2 &#8211; List_Paczka_2szt_naA4<\/a><\/p>\n","protected":false},"excerpt":{"rendered":"<p>PACZKA DLA UKRAINY jest akcj\u0105 stworzon\u0105 w&nbsp;odpowiedzi na inwazj\u0119 Rosji na Ukrain\u0119. Skala kryzysu humanitarnego [&hellip;]<\/p>\n","protected":false},"author":13,"featured_media":21452,"comment_status":"closed","ping_status":"open","sticky":false,"template":"","format":"standard","meta":{"footnotes":""},"categories":[163,23],"tags":[],"class_list":["post-21440","post","type-post","status-publish","format-standard","has-post-thumbnail","hentry","category-skw","category-charytatywne"],"_links":{"self":[{"href":"https:\/\/sp1.kielce.eu\/index.php\/wp-json\/wp\/v2\/posts\/21440","targetHints":{"allow":["GET"]}}],"collection":[{"href":"https:\/\/sp1.kielce.eu\/index.php\/wp-json\/wp\/v2\/posts"}],"about":[{"href":"https:\/\/sp1.kielce.eu\/index.php\/wp-json\/wp\/v2\/types\/post"}],"author":[{"embeddable":true,"href":"https:\/\/sp1.kielce.eu\/index.php\/wp-json\/wp\/v2\/users\/13"}],"replies":[{"embeddable":true,"href":"https:\/\/sp1.kielce.eu\/index.php\/wp-json\/wp\/v2\/comments?post=21440"}],"version-history":[{"count":5,"href":"https:\/\/sp1.kielce.eu\/index.php\/wp-json\/wp\/v2\/posts\/21440\/revisions"}],"predecessor-version":[{"id":21451,"href":"https:\/\/sp1.kielce.eu\/index.php\/wp-json\/wp\/v2\/posts\/21440\/revisions\/21451"}],"wp:featuredmedia":[{"embeddable":true,"href":"https:\/\/sp1.kielce.eu\/index.php\/wp-json\/wp\/v2\/media\/21452"}],"wp:attachment":[{"href":"https:\/\/sp1.kielce.eu\/index.php\/wp-json\/wp\/v2\/media?parent=21440"}],"wp:term":[{"taxonomy":"category","embeddable":true,"href":"https:\/\/sp1.kielce.eu\/index.php\/wp-json\/wp\/v2\/categories?post=21440"},{"taxonomy":"post_tag","embeddable":true,"href":"https:\/\/sp1.kielce.eu\/index.php\/wp-json\/wp\/v2\/tags?post=21440"}],"curies":[{"name":"wp","href":"https:\/\/api.w.org\/{rel}","templated":true}]}}