{"id":21424,"date":"2022-03-09T10:59:54","date_gmt":"2022-03-09T09:59:54","guid":{"rendered":"http:\/\/sp1.kielce.eu\/?p=21424"},"modified":"2022-03-09T10:59:54","modified_gmt":"2022-03-09T09:59:54","slug":"sp-nr-1-im-stanislawa-staszica-zwyciezca-gry-miejskiej-akcja-re-generacja-w-kielcach","status":"publish","type":"post","link":"https:\/\/sp1.kielce.eu\/index.php\/2022\/03\/09\/sp-nr-1-im-stanislawa-staszica-zwyciezca-gry-miejskiej-akcja-re-generacja-w-kielcach\/","title":{"rendered":"SP nr 1 im Stanis\u0142awa Staszica  \u2013 ZWYCI\u0118ZCA GRY MIEJSKIEJ \u201eAKCJA RE-GENERACJA\u201d W KIELCACH"},"content":{"rendered":"\n<p>Jury zdecydowa\u0142o, \u017ce <img loading=\"lazy\" decoding=\"async\" src=\"\" alt=\"?\" width=\"13\" height=\"13\"> zwyci\u0119zc\u0105 w Kielcach zosta\u0142 zesp\u00f3\u0142 nr 2 ze Szko\u0142y Podstawowej nr 1 im Stanis\u0142awa Staszica pod opiek\u0105 Pani Ewy Waleniak! Zesp\u00f3\u0142 nr 1 otrzyma\u0142 wyr\u00f3\u017cnienie.<\/p>\n\n\n\n<p>Gra miejska, w kt\u00f3rej udzia\u0142 wzi\u0119\u0142a klasa 8A (podzielona na 2 zespo\u0142y), polega\u0142a na przej\u015bciu 2 km trasy rozpoczynaj\u0105cej si\u0119 w <strong>Biurze Wystaw Artystycznych w Kielcach. <\/strong>Do kolejnych miejsc kierowa\u0142y nas zagadki geograficzne umieszczone na planszach.<\/p>\n\n\n\n<p>W ramach gry zespo\u0142y musia\u0142y wykona\u0107 <strong><a href=\"https:\/\/www.tetrapak.com\/content\/dam\/tetrapak\/publicweb\/pl\/en\/sustainability\/GRA_MIEJSKA_22_01_plansze1.pdf\" target=\"_blank\" rel=\"noreferrer noopener\">5 zada\u0144<\/a><\/strong>. Ka\u017cde z nich umieszczone by\u0142o na odr\u0119bnej planszy w ka\u017cdym z punkt\u00f3w trasy. Zadania wymaga\u0142y od uczni\u00f3w r\u00f3\u017cnych aktywno\u015bci oraz wiedzy.<\/p>\n\n\n\n<p><strong>Uczniom klasy 8A serdecznie gratuluj\u0119 i dzi\u0119kuj\u0119 za zaanga\u017cowanie oraz dobr\u0105 zabaw\u0119.<\/strong><\/p>\n\n\n\n<p>Nauczyciel geografii<\/p>\n\n\n\n<p>Ewa Waleniak<\/p>\n\n\n\n<p>Oficjalne og\u0142oszenie wynik\u00f3w dost\u0119pne jest na poni\u017cszych stronach:<\/p>\n\n\n\n<p><a href=\"https:\/\/www.tetrapak.com\/en-pl\/sustainability\/recykling-w-polsce\/akcja-regeneracja-pl\/o-konkursie\">https:\/\/www.tetrapak.com\/en-pl\/sustainability\/recykling-w-polsce\/akcja-regeneracja-pl\/o-konkursie<\/a><\/p>\n\n\n\n<p><a href=\"https:\/\/www.facebook.com\/search\/top?q=akcja%20regeneracja\">https:\/\/www.facebook.com\/search\/top?q=akcja%20regeneracja<\/a><\/p>\n\n\n\n<figure class=\"wp-block-gallery columns-3 is-cropped wp-block-gallery-1 is-layout-flex wp-block-gallery-is-layout-flex\"><ul class=\"blocks-gallery-grid\"><li class=\"blocks-gallery-item\"><figure><a href=\"http:\/\/sp1.kielce.eu\/wp-content\/uploads\/2022\/03\/miejsce-1.jpg\"><img loading=\"lazy\" decoding=\"async\" width=\"623\" height=\"900\" src=\"http:\/\/sp1.kielce.eu\/wp-content\/uploads\/2022\/03\/miejsce-1-623x900.jpg\" alt=\"\" data-id=\"21425\" data-full-url=\"http:\/\/sp1.kielce.eu\/wp-content\/uploads\/2022\/03\/miejsce-1.jpg\" data-link=\"http:\/\/sp1.kielce.eu\/?attachment_id=21425\" class=\"wp-image-21425\" srcset=\"https:\/\/sp1.kielce.eu\/wp-content\/uploads\/2022\/03\/miejsce-1-623x900.jpg 623w, https:\/\/sp1.kielce.eu\/wp-content\/uploads\/2022\/03\/miejsce-1-208x300.jpg 208w, https:\/\/sp1.kielce.eu\/wp-content\/uploads\/2022\/03\/miejsce-1-768x1110.jpg 768w, https:\/\/sp1.kielce.eu\/wp-content\/uploads\/2022\/03\/miejsce-1-1063x1536.jpg 1063w, https:\/\/sp1.kielce.eu\/wp-content\/uploads\/2022\/03\/miejsce-1-820x1185.jpg 820w, https:\/\/sp1.kielce.eu\/wp-content\/uploads\/2022\/03\/miejsce-1.jpg 1297w\" sizes=\"auto, (max-width: 623px) 100vw, 623px\" \/><\/a><\/figure><\/li><li class=\"blocks-gallery-item\"><figure><a href=\"http:\/\/sp1.kielce.eu\/wp-content\/uploads\/2022\/03\/wyr-nienie.jpg\"><img loading=\"lazy\" decoding=\"async\" width=\"641\" height=\"900\" src=\"http:\/\/sp1.kielce.eu\/wp-content\/uploads\/2022\/03\/wyr-nienie-641x900.jpg\" alt=\"\" data-id=\"21426\" data-full-url=\"http:\/\/sp1.kielce.eu\/wp-content\/uploads\/2022\/03\/wyr-nienie.jpg\" data-link=\"http:\/\/sp1.kielce.eu\/?attachment_id=21426\" class=\"wp-image-21426\" srcset=\"https:\/\/sp1.kielce.eu\/wp-content\/uploads\/2022\/03\/wyr-nienie-641x900.jpg 641w, https:\/\/sp1.kielce.eu\/wp-content\/uploads\/2022\/03\/wyr-nienie-214x300.jpg 214w, https:\/\/sp1.kielce.eu\/wp-content\/uploads\/2022\/03\/wyr-nienie-768x1079.jpg 768w, https:\/\/sp1.kielce.eu\/wp-content\/uploads\/2022\/03\/wyr-nienie-1093x1536.jpg 1093w, https:\/\/sp1.kielce.eu\/wp-content\/uploads\/2022\/03\/wyr-nienie-820x1152.jpg 820w, https:\/\/sp1.kielce.eu\/wp-content\/uploads\/2022\/03\/wyr-nienie.jpg 1265w\" sizes=\"auto, (max-width: 641px) 100vw, 641px\" \/><\/a><\/figure><\/li><li class=\"blocks-gallery-item\"><figure><a href=\"http:\/\/sp1.kielce.eu\/wp-content\/uploads\/2022\/03\/zdj-1.jpg\"><img loading=\"lazy\" decoding=\"async\" width=\"1013\" height=\"900\" src=\"http:\/\/sp1.kielce.eu\/wp-content\/uploads\/2022\/03\/zdj-1-1013x900.jpg\" alt=\"\" data-id=\"21427\" data-full-url=\"http:\/\/sp1.kielce.eu\/wp-content\/uploads\/2022\/03\/zdj-1.jpg\" data-link=\"http:\/\/sp1.kielce.eu\/?attachment_id=21427\" class=\"wp-image-21427\" srcset=\"https:\/\/sp1.kielce.eu\/wp-content\/uploads\/2022\/03\/zdj-1-1013x900.jpg 1013w, https:\/\/sp1.kielce.eu\/wp-content\/uploads\/2022\/03\/zdj-1-300x267.jpg 300w, https:\/\/sp1.kielce.eu\/wp-content\/uploads\/2022\/03\/zdj-1-768x683.jpg 768w, https:\/\/sp1.kielce.eu\/wp-content\/uploads\/2022\/03\/zdj-1-820x729.jpg 820w, https:\/\/sp1.kielce.eu\/wp-content\/uploads\/2022\/03\/zdj-1.jpg 1350w\" sizes=\"auto, (max-width: 1013px) 100vw, 1013px\" \/><\/a><\/figure><\/li><li class=\"blocks-gallery-item\"><figure><a href=\"http:\/\/sp1.kielce.eu\/wp-content\/uploads\/2022\/03\/zdj-2.jpg\"><img loading=\"lazy\" decoding=\"async\" width=\"1400\" height=\"814\" src=\"http:\/\/sp1.kielce.eu\/wp-content\/uploads\/2022\/03\/zdj-2-1400x814.jpg\" alt=\"\" data-id=\"21428\" data-full-url=\"http:\/\/sp1.kielce.eu\/wp-content\/uploads\/2022\/03\/zdj-2.jpg\" data-link=\"http:\/\/sp1.kielce.eu\/?attachment_id=21428\" class=\"wp-image-21428\" srcset=\"https:\/\/sp1.kielce.eu\/wp-content\/uploads\/2022\/03\/zdj-2-1400x814.jpg 1400w, https:\/\/sp1.kielce.eu\/wp-content\/uploads\/2022\/03\/zdj-2-300x174.jpg 300w, https:\/\/sp1.kielce.eu\/wp-content\/uploads\/2022\/03\/zdj-2-768x447.jpg 768w, https:\/\/sp1.kielce.eu\/wp-content\/uploads\/2022\/03\/zdj-2-1536x893.jpg 1536w, https:\/\/sp1.kielce.eu\/wp-content\/uploads\/2022\/03\/zdj-2-820x477.jpg 820w, https:\/\/sp1.kielce.eu\/wp-content\/uploads\/2022\/03\/zdj-2.jpg 1651w\" sizes=\"auto, (max-width: 1400px) 100vw, 1400px\" \/><\/a><\/figure><\/li><li class=\"blocks-gallery-item\"><figure><a href=\"http:\/\/sp1.kielce.eu\/wp-content\/uploads\/2022\/03\/zdj\u00a6Ocie-3.jpg\"><img loading=\"lazy\" decoding=\"async\" width=\"1400\" height=\"832\" src=\"http:\/\/sp1.kielce.eu\/wp-content\/uploads\/2022\/03\/zdj\u00a6Ocie-3-1400x832.jpg\" alt=\"\" data-id=\"21429\" data-full-url=\"http:\/\/sp1.kielce.eu\/wp-content\/uploads\/2022\/03\/zdj\u00a6Ocie-3.jpg\" data-link=\"http:\/\/sp1.kielce.eu\/?attachment_id=21429\" class=\"wp-image-21429\" srcset=\"https:\/\/sp1.kielce.eu\/wp-content\/uploads\/2022\/03\/zdj\u00a6Ocie-3-1400x832.jpg 1400w, https:\/\/sp1.kielce.eu\/wp-content\/uploads\/2022\/03\/zdj\u00a6Ocie-3-300x178.jpg 300w, https:\/\/sp1.kielce.eu\/wp-content\/uploads\/2022\/03\/zdj\u00a6Ocie-3-768x456.jpg 768w, https:\/\/sp1.kielce.eu\/wp-content\/uploads\/2022\/03\/zdj\u00a6Ocie-3-1536x912.jpg 1536w, https:\/\/sp1.kielce.eu\/wp-content\/uploads\/2022\/03\/zdj\u00a6Ocie-3-820x487.jpg 820w, https:\/\/sp1.kielce.eu\/wp-content\/uploads\/2022\/03\/zdj\u00a6Ocie-3.jpg 1968w\" sizes=\"auto, (max-width: 1400px) 100vw, 1400px\" \/><\/a><\/figure><\/li><li class=\"blocks-gallery-item\"><figure><a href=\"http:\/\/sp1.kielce.eu\/wp-content\/uploads\/2022\/03\/zdj\u00a6Ocie-4.jpg\"><img loading=\"lazy\" decoding=\"async\" width=\"1400\" height=\"788\" src=\"http:\/\/sp1.kielce.eu\/wp-content\/uploads\/2022\/03\/zdj\u00a6Ocie-4-1400x788.jpg\" alt=\"\" data-id=\"21430\" data-full-url=\"http:\/\/sp1.kielce.eu\/wp-content\/uploads\/2022\/03\/zdj\u00a6Ocie-4.jpg\" data-link=\"http:\/\/sp1.kielce.eu\/?attachment_id=21430\" class=\"wp-image-21430\" srcset=\"https:\/\/sp1.kielce.eu\/wp-content\/uploads\/2022\/03\/zdj\u00a6Ocie-4-1400x788.jpg 1400w, https:\/\/sp1.kielce.eu\/wp-content\/uploads\/2022\/03\/zdj\u00a6Ocie-4-300x169.jpg 300w, https:\/\/sp1.kielce.eu\/wp-content\/uploads\/2022\/03\/zdj\u00a6Ocie-4-768x432.jpg 768w, https:\/\/sp1.kielce.eu\/wp-content\/uploads\/2022\/03\/zdj\u00a6Ocie-4-1536x864.jpg 1536w, https:\/\/sp1.kielce.eu\/wp-content\/uploads\/2022\/03\/zdj\u00a6Ocie-4-820x461.jpg 820w, https:\/\/sp1.kielce.eu\/wp-content\/uploads\/2022\/03\/zdj\u00a6Ocie-4.jpg 2016w\" sizes=\"auto, (max-width: 1400px) 100vw, 1400px\" \/><\/a><\/figure><\/li><\/ul><\/figure>\n","protected":false},"excerpt":{"rendered":"<p>Jury zdecydowa\u0142o, \u017ce zwyci\u0119zc\u0105 w Kielcach zosta\u0142 zesp\u00f3\u0142 nr 2 ze Szko\u0142y Podstawowej nr 1 [&hellip;]<\/p>\n","protected":false},"author":5,"featured_media":21429,"comment_status":"closed","ping_status":"open","sticky":false,"template":"","format":"standard","meta":{"footnotes":""},"categories":[36],"tags":[],"class_list":["post-21424","post","type-post","status-publish","format-standard","has-post-thumbnail","hentry","category-wydarzenia"],"_links":{"self":[{"href":"https:\/\/sp1.kielce.eu\/index.php\/wp-json\/wp\/v2\/posts\/21424","targetHints":{"allow":["GET"]}}],"collection":[{"href":"https:\/\/sp1.kielce.eu\/index.php\/wp-json\/wp\/v2\/posts"}],"about":[{"href":"https:\/\/sp1.kielce.eu\/index.php\/wp-json\/wp\/v2\/types\/post"}],"author":[{"embeddable":true,"href":"https:\/\/sp1.kielce.eu\/index.php\/wp-json\/wp\/v2\/users\/5"}],"replies":[{"embeddable":true,"href":"https:\/\/sp1.kielce.eu\/index.php\/wp-json\/wp\/v2\/comments?post=21424"}],"version-history":[{"count":1,"href":"https:\/\/sp1.kielce.eu\/index.php\/wp-json\/wp\/v2\/posts\/21424\/revisions"}],"predecessor-version":[{"id":21438,"href":"https:\/\/sp1.kielce.eu\/index.php\/wp-json\/wp\/v2\/posts\/21424\/revisions\/21438"}],"wp:featuredmedia":[{"embeddable":true,"href":"https:\/\/sp1.kielce.eu\/index.php\/wp-json\/wp\/v2\/media\/21429"}],"wp:attachment":[{"href":"https:\/\/sp1.kielce.eu\/index.php\/wp-json\/wp\/v2\/media?parent=21424"}],"wp:term":[{"taxonomy":"category","embeddable":true,"href":"https:\/\/sp1.kielce.eu\/index.php\/wp-json\/wp\/v2\/categories?post=21424"},{"taxonomy":"post_tag","embeddable":true,"href":"https:\/\/sp1.kielce.eu\/index.php\/wp-json\/wp\/v2\/tags?post=21424"}],"curies":[{"name":"wp","href":"https:\/\/api.w.org\/{rel}","templated":true}]}}