{"id":21411,"date":"2022-03-08T10:04:39","date_gmt":"2022-03-08T09:04:39","guid":{"rendered":"http:\/\/sp1.kielce.eu\/?p=21411"},"modified":"2022-03-08T10:04:39","modified_gmt":"2022-03-08T09:04:39","slug":"patron-mojej-szkoly-portret-stanislawa-staszica","status":"publish","type":"post","link":"https:\/\/sp1.kielce.eu\/index.php\/2022\/03\/08\/patron-mojej-szkoly-portret-stanislawa-staszica\/","title":{"rendered":"\u201ePatron mojej szko\u0142y \u2013 portret Stanis\u0142awa Staszica\u201d"},"content":{"rendered":"\n<p>W ramach obchod\u00f3w tygodnia patrona naszej szko\u0142y uczniowie na lekcjach bibliotecznych wykonywali zak\u0142adki do ksi\u0105\u017cki oraz&nbsp; na l. informatyki rysowali portret&nbsp; patrona naszej szko\u0142y .<\/p>\n\n\n\n<p>\u00a0\u00a0\u00a0\u00a0\u00a0\u00a0\u00a0\u00a0\u00a0\u00a0\u00a0\u00a0\u00a0\u00a0\u00a0\u00a0\u00a0\u00a0\u00a0\u00a0\u00a0\u00a0\u00a0\u00a0\u00a0\u00a0\u00a0\u00a0\u00a0\u00a0\u00a0\u00a0\u00a0\u00a0\u00a0\u00a0\u00a0\u00a0\u00a0\u00a0\u00a0\u00a0\u00a0\u00a0\u00a0\u00a0\u00a0\u00a0\u00a0\u00a0\u00a0\u00a0\u00a0\u00a0\u00a0\u00a0\u00a0\u00a0\u00a0\u00a0\u00a0\u00a0\u00a0\u00a0\u00a0\u00a0\u00a0\u00a0\u00a0\u00a0\u00a0\u00a0\u00a0\u00a0\u00a0\u00a0\u00a0\u00a0\u00a0\u00a0\u00a0\u00a0\u00a0\u00a0\u00a0\u00a0\u00a0\u00a0\u00a0\u00a0\u00a0\u00a0\u00a0\u00a0\u00a0\u00a0\u00a0\u00a0 Aneta Trzci\u0144ska<\/p>\n\n\n\n<figure class=\"wp-block-gallery columns-3 is-cropped wp-block-gallery-1 is-layout-flex wp-block-gallery-is-layout-flex\"><ul class=\"blocks-gallery-grid\"><li class=\"blocks-gallery-item\"><figure><a href=\"http:\/\/sp1.kielce.eu\/wp-content\/uploads\/2022\/03\/1646520528024-Medium.jpg\"><img loading=\"lazy\" decoding=\"async\" width=\"768\" height=\"768\" src=\"http:\/\/sp1.kielce.eu\/wp-content\/uploads\/2022\/03\/1646520528024-Medium.jpg\" alt=\"\" data-id=\"21412\" data-full-url=\"http:\/\/sp1.kielce.eu\/wp-content\/uploads\/2022\/03\/1646520528024-Medium.jpg\" data-link=\"http:\/\/sp1.kielce.eu\/?attachment_id=21412\" class=\"wp-image-21412\" srcset=\"https:\/\/sp1.kielce.eu\/wp-content\/uploads\/2022\/03\/1646520528024-Medium.jpg 768w, https:\/\/sp1.kielce.eu\/wp-content\/uploads\/2022\/03\/1646520528024-Medium-300x300.jpg 300w, https:\/\/sp1.kielce.eu\/wp-content\/uploads\/2022\/03\/1646520528024-Medium-150x150.jpg 150w\" sizes=\"auto, (max-width: 768px) 100vw, 768px\" \/><\/a><\/figure><\/li><li class=\"blocks-gallery-item\"><figure><a href=\"http:\/\/sp1.kielce.eu\/wp-content\/uploads\/2022\/03\/1646520528035-Medium.jpg\"><img loading=\"lazy\" decoding=\"async\" width=\"768\" height=\"768\" src=\"http:\/\/sp1.kielce.eu\/wp-content\/uploads\/2022\/03\/1646520528035-Medium.jpg\" alt=\"\" data-id=\"21413\" data-full-url=\"http:\/\/sp1.kielce.eu\/wp-content\/uploads\/2022\/03\/1646520528035-Medium.jpg\" data-link=\"http:\/\/sp1.kielce.eu\/?attachment_id=21413\" class=\"wp-image-21413\" srcset=\"https:\/\/sp1.kielce.eu\/wp-content\/uploads\/2022\/03\/1646520528035-Medium.jpg 768w, https:\/\/sp1.kielce.eu\/wp-content\/uploads\/2022\/03\/1646520528035-Medium-300x300.jpg 300w, https:\/\/sp1.kielce.eu\/wp-content\/uploads\/2022\/03\/1646520528035-Medium-150x150.jpg 150w\" sizes=\"auto, (max-width: 768px) 100vw, 768px\" \/><\/a><\/figure><\/li><li class=\"blocks-gallery-item\"><figure><a href=\"http:\/\/sp1.kielce.eu\/wp-content\/uploads\/2022\/03\/1646520528060-Medium.jpg\"><img loading=\"lazy\" decoding=\"async\" width=\"768\" height=\"768\" src=\"http:\/\/sp1.kielce.eu\/wp-content\/uploads\/2022\/03\/1646520528060-Medium.jpg\" alt=\"\" data-id=\"21414\" data-full-url=\"http:\/\/sp1.kielce.eu\/wp-content\/uploads\/2022\/03\/1646520528060-Medium.jpg\" data-link=\"http:\/\/sp1.kielce.eu\/?attachment_id=21414\" class=\"wp-image-21414\" srcset=\"https:\/\/sp1.kielce.eu\/wp-content\/uploads\/2022\/03\/1646520528060-Medium.jpg 768w, https:\/\/sp1.kielce.eu\/wp-content\/uploads\/2022\/03\/1646520528060-Medium-300x300.jpg 300w, https:\/\/sp1.kielce.eu\/wp-content\/uploads\/2022\/03\/1646520528060-Medium-150x150.jpg 150w\" sizes=\"auto, (max-width: 768px) 100vw, 768px\" \/><\/a><\/figure><\/li><li class=\"blocks-gallery-item\"><figure><a href=\"http:\/\/sp1.kielce.eu\/wp-content\/uploads\/2022\/03\/1646520528089-Medium.jpg\"><img loading=\"lazy\" decoding=\"async\" width=\"768\" height=\"768\" src=\"http:\/\/sp1.kielce.eu\/wp-content\/uploads\/2022\/03\/1646520528089-Medium.jpg\" alt=\"\" data-id=\"21415\" data-full-url=\"http:\/\/sp1.kielce.eu\/wp-content\/uploads\/2022\/03\/1646520528089-Medium.jpg\" data-link=\"http:\/\/sp1.kielce.eu\/?attachment_id=21415\" class=\"wp-image-21415\" srcset=\"https:\/\/sp1.kielce.eu\/wp-content\/uploads\/2022\/03\/1646520528089-Medium.jpg 768w, https:\/\/sp1.kielce.eu\/wp-content\/uploads\/2022\/03\/1646520528089-Medium-300x300.jpg 300w, https:\/\/sp1.kielce.eu\/wp-content\/uploads\/2022\/03\/1646520528089-Medium-150x150.jpg 150w\" sizes=\"auto, (max-width: 768px) 100vw, 768px\" \/><\/a><\/figure><\/li><li class=\"blocks-gallery-item\"><figure><a href=\"http:\/\/sp1.kielce.eu\/wp-content\/uploads\/2022\/03\/1646523142367-Medium.jpg\"><img loading=\"lazy\" decoding=\"async\" width=\"768\" height=\"768\" src=\"http:\/\/sp1.kielce.eu\/wp-content\/uploads\/2022\/03\/1646523142367-Medium.jpg\" alt=\"\" data-id=\"21416\" data-full-url=\"http:\/\/sp1.kielce.eu\/wp-content\/uploads\/2022\/03\/1646523142367-Medium.jpg\" data-link=\"http:\/\/sp1.kielce.eu\/?attachment_id=21416\" class=\"wp-image-21416\" srcset=\"https:\/\/sp1.kielce.eu\/wp-content\/uploads\/2022\/03\/1646523142367-Medium.jpg 768w, https:\/\/sp1.kielce.eu\/wp-content\/uploads\/2022\/03\/1646523142367-Medium-300x300.jpg 300w, https:\/\/sp1.kielce.eu\/wp-content\/uploads\/2022\/03\/1646523142367-Medium-150x150.jpg 150w\" sizes=\"auto, (max-width: 768px) 100vw, 768px\" \/><\/a><\/figure><\/li><li class=\"blocks-gallery-item\"><figure><a href=\"http:\/\/sp1.kielce.eu\/wp-content\/uploads\/2022\/03\/BezTatytueu.jpg\"><img loading=\"lazy\" decoding=\"async\" width=\"1400\" height=\"609\" src=\"http:\/\/sp1.kielce.eu\/wp-content\/uploads\/2022\/03\/BezTatytueu-1400x609.jpg\" alt=\"\" data-id=\"21417\" data-full-url=\"http:\/\/sp1.kielce.eu\/wp-content\/uploads\/2022\/03\/BezTatytueu.jpg\" data-link=\"http:\/\/sp1.kielce.eu\/?attachment_id=21417\" class=\"wp-image-21417\" srcset=\"https:\/\/sp1.kielce.eu\/wp-content\/uploads\/2022\/03\/BezTatytueu-1400x609.jpg 1400w, https:\/\/sp1.kielce.eu\/wp-content\/uploads\/2022\/03\/BezTatytueu-300x131.jpg 300w, https:\/\/sp1.kielce.eu\/wp-content\/uploads\/2022\/03\/BezTatytueu-768x334.jpg 768w, https:\/\/sp1.kielce.eu\/wp-content\/uploads\/2022\/03\/BezTatytueu-1536x669.jpg 1536w, https:\/\/sp1.kielce.eu\/wp-content\/uploads\/2022\/03\/BezTatytueu-820x357.jpg 820w, https:\/\/sp1.kielce.eu\/wp-content\/uploads\/2022\/03\/BezTatytueu.jpg 1560w\" sizes=\"auto, (max-width: 1400px) 100vw, 1400px\" \/><\/a><\/figure><\/li><li class=\"blocks-gallery-item\"><figure><a href=\"http:\/\/sp1.kielce.eu\/wp-content\/uploads\/2022\/03\/daria.png\"><img loading=\"lazy\" decoding=\"async\" width=\"1400\" height=\"747\" src=\"http:\/\/sp1.kielce.eu\/wp-content\/uploads\/2022\/03\/daria-1400x747.png\" alt=\"\" data-id=\"21418\" data-full-url=\"http:\/\/sp1.kielce.eu\/wp-content\/uploads\/2022\/03\/daria.png\" data-link=\"http:\/\/sp1.kielce.eu\/?attachment_id=21418\" class=\"wp-image-21418\" srcset=\"https:\/\/sp1.kielce.eu\/wp-content\/uploads\/2022\/03\/daria-1400x747.png 1400w, https:\/\/sp1.kielce.eu\/wp-content\/uploads\/2022\/03\/daria-300x160.png 300w, https:\/\/sp1.kielce.eu\/wp-content\/uploads\/2022\/03\/daria-768x410.png 768w, https:\/\/sp1.kielce.eu\/wp-content\/uploads\/2022\/03\/daria-1536x820.png 1536w, https:\/\/sp1.kielce.eu\/wp-content\/uploads\/2022\/03\/daria-820x438.png 820w, https:\/\/sp1.kielce.eu\/wp-content\/uploads\/2022\/03\/daria.png 1803w\" sizes=\"auto, (max-width: 1400px) 100vw, 1400px\" \/><\/a><\/figure><\/li><li class=\"blocks-gallery-item\"><figure><a href=\"http:\/\/sp1.kielce.eu\/wp-content\/uploads\/2022\/03\/liliana.png\"><img loading=\"lazy\" decoding=\"async\" width=\"1400\" height=\"704\" src=\"http:\/\/sp1.kielce.eu\/wp-content\/uploads\/2022\/03\/liliana-1400x704.png\" alt=\"\" data-id=\"21419\" data-full-url=\"http:\/\/sp1.kielce.eu\/wp-content\/uploads\/2022\/03\/liliana.png\" data-link=\"http:\/\/sp1.kielce.eu\/?attachment_id=21419\" class=\"wp-image-21419\" srcset=\"https:\/\/sp1.kielce.eu\/wp-content\/uploads\/2022\/03\/liliana-1400x704.png 1400w, https:\/\/sp1.kielce.eu\/wp-content\/uploads\/2022\/03\/liliana-300x151.png 300w, https:\/\/sp1.kielce.eu\/wp-content\/uploads\/2022\/03\/liliana-768x386.png 768w, https:\/\/sp1.kielce.eu\/wp-content\/uploads\/2022\/03\/liliana-1536x772.png 1536w, https:\/\/sp1.kielce.eu\/wp-content\/uploads\/2022\/03\/liliana-820x412.png 820w, https:\/\/sp1.kielce.eu\/wp-content\/uploads\/2022\/03\/liliana.png 1914w\" sizes=\"auto, (max-width: 1400px) 100vw, 1400px\" \/><\/a><\/figure><\/li><li class=\"blocks-gallery-item\"><figure><a href=\"http:\/\/sp1.kielce.eu\/wp-content\/uploads\/2022\/03\/staniseaw-Staszic.png\"><img loading=\"lazy\" decoding=\"async\" width=\"1400\" height=\"631\" src=\"http:\/\/sp1.kielce.eu\/wp-content\/uploads\/2022\/03\/staniseaw-Staszic-1400x631.png\" alt=\"\" data-id=\"21420\" data-full-url=\"http:\/\/sp1.kielce.eu\/wp-content\/uploads\/2022\/03\/staniseaw-Staszic.png\" data-link=\"http:\/\/sp1.kielce.eu\/?attachment_id=21420\" class=\"wp-image-21420\" srcset=\"https:\/\/sp1.kielce.eu\/wp-content\/uploads\/2022\/03\/staniseaw-Staszic-1400x631.png 1400w, https:\/\/sp1.kielce.eu\/wp-content\/uploads\/2022\/03\/staniseaw-Staszic-300x135.png 300w, https:\/\/sp1.kielce.eu\/wp-content\/uploads\/2022\/03\/staniseaw-Staszic-768x346.png 768w, https:\/\/sp1.kielce.eu\/wp-content\/uploads\/2022\/03\/staniseaw-Staszic-1536x693.png 1536w, https:\/\/sp1.kielce.eu\/wp-content\/uploads\/2022\/03\/staniseaw-Staszic-820x370.png 820w, https:\/\/sp1.kielce.eu\/wp-content\/uploads\/2022\/03\/staniseaw-Staszic.png 1887w\" sizes=\"auto, (max-width: 1400px) 100vw, 1400px\" \/><\/a><\/figure><\/li><li class=\"blocks-gallery-item\"><figure><a href=\"http:\/\/sp1.kielce.eu\/wp-content\/uploads\/2022\/03\/STASZIC-natasza.png\"><img loading=\"lazy\" decoding=\"async\" width=\"1400\" height=\"643\" src=\"http:\/\/sp1.kielce.eu\/wp-content\/uploads\/2022\/03\/STASZIC-natasza-1400x643.png\" alt=\"\" data-id=\"21421\" data-full-url=\"http:\/\/sp1.kielce.eu\/wp-content\/uploads\/2022\/03\/STASZIC-natasza.png\" data-link=\"http:\/\/sp1.kielce.eu\/?attachment_id=21421\" class=\"wp-image-21421\" srcset=\"https:\/\/sp1.kielce.eu\/wp-content\/uploads\/2022\/03\/STASZIC-natasza-1400x643.png 1400w, https:\/\/sp1.kielce.eu\/wp-content\/uploads\/2022\/03\/STASZIC-natasza-300x138.png 300w, https:\/\/sp1.kielce.eu\/wp-content\/uploads\/2022\/03\/STASZIC-natasza-768x353.png 768w, https:\/\/sp1.kielce.eu\/wp-content\/uploads\/2022\/03\/STASZIC-natasza-1536x705.png 1536w, https:\/\/sp1.kielce.eu\/wp-content\/uploads\/2022\/03\/STASZIC-natasza-820x377.png 820w, https:\/\/sp1.kielce.eu\/wp-content\/uploads\/2022\/03\/STASZIC-natasza.png 1899w\" sizes=\"auto, (max-width: 1400px) 100vw, 1400px\" \/><\/a><\/figure><\/li><li class=\"blocks-gallery-item\"><figure><a href=\"http:\/\/sp1.kielce.eu\/wp-content\/uploads\/2022\/03\/staszic-scaled.jpg\"><img loading=\"lazy\" decoding=\"async\" width=\"1400\" height=\"650\" src=\"http:\/\/sp1.kielce.eu\/wp-content\/uploads\/2022\/03\/staszic-1400x650.jpg\" alt=\"\" data-id=\"21422\" data-full-url=\"http:\/\/sp1.kielce.eu\/wp-content\/uploads\/2022\/03\/staszic-scaled.jpg\" data-link=\"http:\/\/sp1.kielce.eu\/?attachment_id=21422\" class=\"wp-image-21422\" srcset=\"https:\/\/sp1.kielce.eu\/wp-content\/uploads\/2022\/03\/staszic-1400x650.jpg 1400w, https:\/\/sp1.kielce.eu\/wp-content\/uploads\/2022\/03\/staszic-300x139.jpg 300w, https:\/\/sp1.kielce.eu\/wp-content\/uploads\/2022\/03\/staszic-768x356.jpg 768w, https:\/\/sp1.kielce.eu\/wp-content\/uploads\/2022\/03\/staszic-1536x713.jpg 1536w, https:\/\/sp1.kielce.eu\/wp-content\/uploads\/2022\/03\/staszic-2048x951.jpg 2048w, https:\/\/sp1.kielce.eu\/wp-content\/uploads\/2022\/03\/staszic-820x381.jpg 820w\" sizes=\"auto, (max-width: 1400px) 100vw, 1400px\" \/><\/a><\/figure><\/li><\/ul><\/figure>\n","protected":false},"excerpt":{"rendered":"<p>W ramach obchod\u00f3w tygodnia patrona naszej szko\u0142y uczniowie na lekcjach bibliotecznych wykonywali zak\u0142adki do ksi\u0105\u017cki [&hellip;]<\/p>\n","protected":false},"author":5,"featured_media":21420,"comment_status":"closed","ping_status":"open","sticky":false,"template":"","format":"standard","meta":{"footnotes":""},"categories":[36],"tags":[],"class_list":["post-21411","post","type-post","status-publish","format-standard","has-post-thumbnail","hentry","category-wydarzenia"],"_links":{"self":[{"href":"https:\/\/sp1.kielce.eu\/index.php\/wp-json\/wp\/v2\/posts\/21411","targetHints":{"allow":["GET"]}}],"collection":[{"href":"https:\/\/sp1.kielce.eu\/index.php\/wp-json\/wp\/v2\/posts"}],"about":[{"href":"https:\/\/sp1.kielce.eu\/index.php\/wp-json\/wp\/v2\/types\/post"}],"author":[{"embeddable":true,"href":"https:\/\/sp1.kielce.eu\/index.php\/wp-json\/wp\/v2\/users\/5"}],"replies":[{"embeddable":true,"href":"https:\/\/sp1.kielce.eu\/index.php\/wp-json\/wp\/v2\/comments?post=21411"}],"version-history":[{"count":1,"href":"https:\/\/sp1.kielce.eu\/index.php\/wp-json\/wp\/v2\/posts\/21411\/revisions"}],"predecessor-version":[{"id":21423,"href":"https:\/\/sp1.kielce.eu\/index.php\/wp-json\/wp\/v2\/posts\/21411\/revisions\/21423"}],"wp:featuredmedia":[{"embeddable":true,"href":"https:\/\/sp1.kielce.eu\/index.php\/wp-json\/wp\/v2\/media\/21420"}],"wp:attachment":[{"href":"https:\/\/sp1.kielce.eu\/index.php\/wp-json\/wp\/v2\/media?parent=21411"}],"wp:term":[{"taxonomy":"category","embeddable":true,"href":"https:\/\/sp1.kielce.eu\/index.php\/wp-json\/wp\/v2\/categories?post=21411"},{"taxonomy":"post_tag","embeddable":true,"href":"https:\/\/sp1.kielce.eu\/index.php\/wp-json\/wp\/v2\/tags?post=21411"}],"curies":[{"name":"wp","href":"https:\/\/api.w.org\/{rel}","templated":true}]}}