{"id":21396,"date":"2022-03-07T21:26:54","date_gmt":"2022-03-07T20:26:54","guid":{"rendered":"http:\/\/sp1.kielce.eu\/?p=21396"},"modified":"2022-03-07T21:26:54","modified_gmt":"2022-03-07T20:26:54","slug":"zapisy-uczniow-do-swietlicy-na-rok-szkolny-2022-2023","status":"publish","type":"post","link":"https:\/\/sp1.kielce.eu\/index.php\/2022\/03\/07\/zapisy-uczniow-do-swietlicy-na-rok-szkolny-2022-2023\/","title":{"rendered":"Zapisy uczni\u00f3w do \u015bwietlicy na rok szkolny 2022\/2023"},"content":{"rendered":"\n<p class=\"has-text-align-left\">Rodzice zainteresowani zapisem dzieci do \u015bwietlicy na rok szkolny 2022\/2023 proszeni s\u0105 o\u00a0pobranie kart zg\u0142osze\u0144 i\u00a0dostarczenie wype\u0142nionych kart do 8\u00a0kwietnia 2022 roku. Mo\u017cna je pobra\u0107 na stronie naszej szko\u0142y w\u00a0zak\u0142adce INFORMACJE i\u00a0dalej \u015awietlica.<br><br><a rel=\"noreferrer noopener\" href=\"http:\/\/sp1.kielce.eu\/index.php\/swietlica\/\" target=\"_blank\">http:\/\/sp1.kielce.eu\/index.php\/swietlica\/<\/a><br><br>Wype\u0142nione karty nale\u017cy sk\u0142ada\u0107 do kierownika \u015bwietlicy lub w\u00a0sekretariacie szko\u0142y<\/p>\n\n\n\n<p class=\"has-text-align-right\">Kierownik\u00a0\u015bwietlicy<br>Agnieszka Rycombel<\/p>\n","protected":false},"excerpt":{"rendered":"<p>Rodzice zainteresowani zapisem dzieci do \u015bwietlicy na rok szkolny 2022\/2023 proszeni s\u0105 o\u00a0pobranie kart zg\u0142osze\u0144 [&hellip;]<\/p>\n","protected":false},"author":13,"featured_media":1790,"comment_status":"closed","ping_status":"open","sticky":false,"template":"","format":"standard","meta":{"footnotes":""},"categories":[1,25],"tags":[],"class_list":["post-21396","post","type-post","status-publish","format-standard","has-post-thumbnail","hentry","category-bez-kategorii","category-swietlica"],"_links":{"self":[{"href":"https:\/\/sp1.kielce.eu\/index.php\/wp-json\/wp\/v2\/posts\/21396","targetHints":{"allow":["GET"]}}],"collection":[{"href":"https:\/\/sp1.kielce.eu\/index.php\/wp-json\/wp\/v2\/posts"}],"about":[{"href":"https:\/\/sp1.kielce.eu\/index.php\/wp-json\/wp\/v2\/types\/post"}],"author":[{"embeddable":true,"href":"https:\/\/sp1.kielce.eu\/index.php\/wp-json\/wp\/v2\/users\/13"}],"replies":[{"embeddable":true,"href":"https:\/\/sp1.kielce.eu\/index.php\/wp-json\/wp\/v2\/comments?post=21396"}],"version-history":[{"count":1,"href":"https:\/\/sp1.kielce.eu\/index.php\/wp-json\/wp\/v2\/posts\/21396\/revisions"}],"predecessor-version":[{"id":21397,"href":"https:\/\/sp1.kielce.eu\/index.php\/wp-json\/wp\/v2\/posts\/21396\/revisions\/21397"}],"wp:featuredmedia":[{"embeddable":true,"href":"https:\/\/sp1.kielce.eu\/index.php\/wp-json\/wp\/v2\/media\/1790"}],"wp:attachment":[{"href":"https:\/\/sp1.kielce.eu\/index.php\/wp-json\/wp\/v2\/media?parent=21396"}],"wp:term":[{"taxonomy":"category","embeddable":true,"href":"https:\/\/sp1.kielce.eu\/index.php\/wp-json\/wp\/v2\/categories?post=21396"},{"taxonomy":"post_tag","embeddable":true,"href":"https:\/\/sp1.kielce.eu\/index.php\/wp-json\/wp\/v2\/tags?post=21396"}],"curies":[{"name":"wp","href":"https:\/\/api.w.org\/{rel}","templated":true}]}}