{"id":21393,"date":"2022-03-07T21:24:19","date_gmt":"2022-03-07T20:24:19","guid":{"rendered":"http:\/\/sp1.kielce.eu\/?p=21393"},"modified":"2022-03-07T21:24:19","modified_gmt":"2022-03-07T20:24:19","slug":"regulamin-szkolnego-konkursu-plastycznego-kartka-wielkanocna","status":"publish","type":"post","link":"https:\/\/sp1.kielce.eu\/index.php\/2022\/03\/07\/regulamin-szkolnego-konkursu-plastycznego-kartka-wielkanocna\/","title":{"rendered":"Regulamin szkolnego konkursu plastycznego \u201eKartka Wielkanocna\u201d"},"content":{"rendered":"\n<p><strong>1<\/strong>. Konkurs jest organizowany dla uczni\u00f3w klas I-VIII Szko\u0142y Podstawowej nr&nbsp;1 im.&nbsp;Stanis\u0142awa Staszica w Kielcach.<\/p>\n\n\n\n<p><strong>2<\/strong>. Zadaniem uczestnik\u00f3w jest wykonanie kartki wielkanocnej z&nbsp;\u017cyczeniami w&nbsp;j\u0119zyku angielskim (Happy Easter!) lub z&nbsp;\u017cyczeniami w&nbsp;j\u0119zyku niemieckim (Frohe Ostern!)<\/p>\n\n\n\n<p><strong>3<\/strong>. Cel konkursu:<\/p>\n\n\n\n<p>a\/ rozw\u00f3j wra\u017cliwo\u015bci plastycznej i&nbsp;artystycznej;<\/p>\n\n\n\n<p>b\/ pog\u0142\u0119bienie wiedzy na temat tradycji wielkanocnych w&nbsp;Wielkiej Brytanii i&nbsp;krajach niemieckiego obszaru j\u0119zykowego;<\/p>\n\n\n\n<p>&nbsp;&nbsp;&nbsp;&nbsp;&nbsp;&nbsp;&nbsp;&nbsp;&nbsp;&nbsp; c\/ wzbudzanie zainteresowania j\u0119zykiem obcym;<\/p>\n\n\n\n<p>&nbsp;&nbsp;&nbsp;&nbsp;&nbsp;&nbsp;&nbsp;&nbsp;&nbsp;&nbsp; d\/ doskonalenie umiej\u0119tno\u015bci pisania \u017cycze\u0144 w&nbsp;j\u0119zyku obcym;<\/p>\n\n\n\n<p>&nbsp;&nbsp;&nbsp;&nbsp;&nbsp;&nbsp;&nbsp;&nbsp;&nbsp;&nbsp; e\/ umo\u017cliwienie dzieciom rozwijania wyobra\u017ani oraz zdolno\u015bci manualnych.<strong><\/strong><\/p>\n\n\n\n<p><strong>4<\/strong>. Zakres prac:<\/p>\n\n\n\n<p>&nbsp;&nbsp;&nbsp;&nbsp;&nbsp;&nbsp;&nbsp;&nbsp;&nbsp;&nbsp; a\/ kompozycja p\u0142aska;<\/p>\n\n\n\n<p>&nbsp;&nbsp;&nbsp;&nbsp;&nbsp;&nbsp;&nbsp;&nbsp;&nbsp;&nbsp; b\/ technika wykonania pracy dowolna;<\/p>\n\n\n\n<p>&nbsp;&nbsp;&nbsp;&nbsp;&nbsp;&nbsp;&nbsp;&nbsp;&nbsp;&nbsp; c\/ praca wykonana na sztywnej kartce: brystolu;<\/p>\n\n\n\n<p>&nbsp;&nbsp;&nbsp;&nbsp;&nbsp;&nbsp;&nbsp;&nbsp;&nbsp;&nbsp; d\/ wymiar kartki max A5;<\/p>\n\n\n\n<p><strong>Do wykonanej kartki \u015bwi\u0105tecznej przypinamy karteczk\u0119 z&nbsp;imieniem i&nbsp;nazwiskiem autora oraz klas\u0105. Napisane \u017cyczenia( po angielsku lub niemiecku) r\u00f3wnie\u017c zamieszczamy na dodatkowej kartce, w\u0142o\u017conej do \u015brodka. Gotowe prace przynosimy w&nbsp;kopertach (mog\u0105 by\u0107 ozdobne, zrobione w\u0142asnor\u0119cznie).<\/strong><\/p>\n\n\n\n<p><strong>5<\/strong>. Prace nale\u017cy dostarczy\u0107 do szko\u0142y <strong>do dnia&nbsp;28.03.2022r. <\/strong>Zostawi\u0107 mo\u017cna<strong> na \u015bwietlicy szkolnej albo u&nbsp;nauczycieli j.&nbsp;niemieckiego (A.&nbsp;Dziopa) i&nbsp;angielskiego (R.&nbsp;Krzyczkowski).<\/strong><\/p>\n\n\n\n<p><strong>6<\/strong>. Komisja konkursowa dokona oceny prac pod wzgl\u0119dem staranno\u015bci wykonania, pomys\u0142owo\u015bci, estetyki wykonania pracy oraz walor\u00f3w artystycznych.<\/p>\n\n\n\n<p><strong>7<\/strong>. Rozstrzygni\u0119cie konkursu i&nbsp;wy\u0142onienie zwyci\u0119zc\u00f3w nast\u0105pi <strong>29.03.2022r.<\/strong><\/p>\n\n\n\n<p><strong>Po konkursie wyr\u00f3\u017cnione karty \u015bwi\u0105teczne trafi\u0105 na aukcj\u0119, kt\u00f3ra odb\u0119dzie si\u0119 w&nbsp;dniu 03.04 2022 przed ko\u015bcio\u0142em \u015bw.&nbsp;J\u00f3zefa w&nbsp;Kielcach. Cz\u0119\u015b\u0107 z&nbsp;nich trafi r\u00f3wnie\u017c do Domu Pomocy Spo\u0142ecznej przy ulicy \u017beromskiego w&nbsp;Kielcach.<\/strong><\/p>\n\n\n\n<p><strong><u>Organizatorzy konkursu:<\/u><\/strong><\/p>\n\n\n\n<p>Alina Dziopa \u2013 nauczyciel j\u0119zyka niemieckiego<\/p>\n\n\n\n<p>Rafa\u0142 Krzyczkowski \u2013 nauczyciel j\u0119zyka angielskiego<\/p>\n\n\n\n<p class=\"has-text-align-center\"><strong>Serdecznie zapraszamy do udzia\u0142u w konkursie!<\/strong><\/p>\n","protected":false},"excerpt":{"rendered":"<p>1. Konkurs jest organizowany dla uczni\u00f3w klas I-VIII Szko\u0142y Podstawowej nr&nbsp;1 im.&nbsp;Stanis\u0142awa Staszica w Kielcach. [&hellip;]<\/p>\n","protected":false},"author":13,"featured_media":21394,"comment_status":"closed","ping_status":"open","sticky":false,"template":"","format":"standard","meta":{"footnotes":""},"categories":[22],"tags":[],"class_list":["post-21393","post","type-post","status-publish","format-standard","has-post-thumbnail","hentry","category-konkursy-konkursy-przedmiotowe"],"_links":{"self":[{"href":"https:\/\/sp1.kielce.eu\/index.php\/wp-json\/wp\/v2\/posts\/21393","targetHints":{"allow":["GET"]}}],"collection":[{"href":"https:\/\/sp1.kielce.eu\/index.php\/wp-json\/wp\/v2\/posts"}],"about":[{"href":"https:\/\/sp1.kielce.eu\/index.php\/wp-json\/wp\/v2\/types\/post"}],"author":[{"embeddable":true,"href":"https:\/\/sp1.kielce.eu\/index.php\/wp-json\/wp\/v2\/users\/13"}],"replies":[{"embeddable":true,"href":"https:\/\/sp1.kielce.eu\/index.php\/wp-json\/wp\/v2\/comments?post=21393"}],"version-history":[{"count":1,"href":"https:\/\/sp1.kielce.eu\/index.php\/wp-json\/wp\/v2\/posts\/21393\/revisions"}],"predecessor-version":[{"id":21395,"href":"https:\/\/sp1.kielce.eu\/index.php\/wp-json\/wp\/v2\/posts\/21393\/revisions\/21395"}],"wp:featuredmedia":[{"embeddable":true,"href":"https:\/\/sp1.kielce.eu\/index.php\/wp-json\/wp\/v2\/media\/21394"}],"wp:attachment":[{"href":"https:\/\/sp1.kielce.eu\/index.php\/wp-json\/wp\/v2\/media?parent=21393"}],"wp:term":[{"taxonomy":"category","embeddable":true,"href":"https:\/\/sp1.kielce.eu\/index.php\/wp-json\/wp\/v2\/categories?post=21393"},{"taxonomy":"post_tag","embeddable":true,"href":"https:\/\/sp1.kielce.eu\/index.php\/wp-json\/wp\/v2\/tags?post=21393"}],"curies":[{"name":"wp","href":"https:\/\/api.w.org\/{rel}","templated":true}]}}