{"id":21211,"date":"2022-02-22T21:28:11","date_gmt":"2022-02-22T20:28:11","guid":{"rendered":"http:\/\/sp1.kielce.eu\/?p=21211"},"modified":"2022-02-22T21:28:11","modified_gmt":"2022-02-22T20:28:11","slug":"8-luty-2022-dzien-bezpiecznego-internetu","status":"publish","type":"post","link":"https:\/\/sp1.kielce.eu\/index.php\/2022\/02\/22\/8-luty-2022-dzien-bezpiecznego-internetu\/","title":{"rendered":"8 luty 2022 &#8211; Dzie\u0144 Bezpiecznego Internetu"},"content":{"rendered":"\n<p>Komputer, Internet, telefon kom\u00f3rkowy w&nbsp;ostatnich latach odgrywaj\u0105 coraz wi\u0119ksz\u0105 rol\u0119 w&nbsp;\u017cyciu dzieci i&nbsp;m\u0142odzie\u017cy, otwieraj\u0105 przed m\u0142odym pokoleniem nowe mo\u017cliwo\u015bci, ale jednocze\u015bnie \u2013 nios\u0105 ze sob\u0105 nowe problemy i&nbsp;zagro\u017cenia.<\/p>\n\n\n\n<p>\u015awietlica szkolna przy\u0142\u0105cza si\u0119 do wydarzenia i&nbsp;zorganizowa\u0142a dla dzieci z&nbsp;klas drugich zaj\u0119cia edukacyjne w&nbsp;zakresie bezpiecznego i&nbsp;odpowiedzialnego korzystania z&nbsp;nowoczesnych technologii.<\/p>\n\n\n\n<p>Na lekcji wsp\u00f3lnie dyskutowano nie tylko o&nbsp;zaletach Internetu ale i&nbsp;o&nbsp;zagro\u017ceniach, z&nbsp;jakimi dzieci mog\u0105 si\u0119 spotka\u0107 w&nbsp;Sieci. Dzieci z&nbsp;uwag\u0105 obejrza\u0142y kilka wybranych filmik\u00f3w z&nbsp;serii &#8222;Owce w&nbsp;Sieci&#8221;, po\u015bwi\u0119cone temu tematowi min. Bez ko\u017cuszka, Papla, Tajemniczy przyjaciel, Koszyk z&nbsp;zakupami, Kom\u00f3rkomania.<\/p>\n\n\n\n<p class=\"has-text-align-right\">Alina Dziopa<br>Paulina Kondracka<\/p>\n\n\n\n<figure class=\"wp-block-gallery columns-3 is-cropped wp-block-gallery-1 is-layout-flex wp-block-gallery-is-layout-flex\"><ul class=\"blocks-gallery-grid\"><li class=\"blocks-gallery-item\"><figure><a href=\"http:\/\/sp1.kielce.eu\/wp-content\/uploads\/2022\/02\/20220207_131205-Copy.jpg\"><img loading=\"lazy\" decoding=\"async\" width=\"1200\" height=\"900\" src=\"http:\/\/sp1.kielce.eu\/wp-content\/uploads\/2022\/02\/20220207_131205-Copy.jpg\" alt=\"\" data-id=\"21212\" data-full-url=\"http:\/\/sp1.kielce.eu\/wp-content\/uploads\/2022\/02\/20220207_131205-Copy.jpg\" data-link=\"http:\/\/sp1.kielce.eu\/?attachment_id=21212\" class=\"wp-image-21212\" srcset=\"https:\/\/sp1.kielce.eu\/wp-content\/uploads\/2022\/02\/20220207_131205-Copy.jpg 1200w, https:\/\/sp1.kielce.eu\/wp-content\/uploads\/2022\/02\/20220207_131205-Copy-300x225.jpg 300w, https:\/\/sp1.kielce.eu\/wp-content\/uploads\/2022\/02\/20220207_131205-Copy-768x576.jpg 768w, https:\/\/sp1.kielce.eu\/wp-content\/uploads\/2022\/02\/20220207_131205-Copy-820x615.jpg 820w\" sizes=\"auto, (max-width: 1200px) 100vw, 1200px\" \/><\/a><\/figure><\/li><li class=\"blocks-gallery-item\"><figure><a href=\"http:\/\/sp1.kielce.eu\/wp-content\/uploads\/2022\/02\/20220207_131237-Copy.jpg\"><img loading=\"lazy\" decoding=\"async\" width=\"1200\" height=\"900\" src=\"http:\/\/sp1.kielce.eu\/wp-content\/uploads\/2022\/02\/20220207_131237-Copy.jpg\" alt=\"\" data-id=\"21213\" data-full-url=\"http:\/\/sp1.kielce.eu\/wp-content\/uploads\/2022\/02\/20220207_131237-Copy.jpg\" data-link=\"http:\/\/sp1.kielce.eu\/?attachment_id=21213\" class=\"wp-image-21213\" srcset=\"https:\/\/sp1.kielce.eu\/wp-content\/uploads\/2022\/02\/20220207_131237-Copy.jpg 1200w, https:\/\/sp1.kielce.eu\/wp-content\/uploads\/2022\/02\/20220207_131237-Copy-300x225.jpg 300w, https:\/\/sp1.kielce.eu\/wp-content\/uploads\/2022\/02\/20220207_131237-Copy-768x576.jpg 768w, https:\/\/sp1.kielce.eu\/wp-content\/uploads\/2022\/02\/20220207_131237-Copy-820x615.jpg 820w\" sizes=\"auto, (max-width: 1200px) 100vw, 1200px\" \/><\/a><\/figure><\/li><li class=\"blocks-gallery-item\"><figure><a href=\"http:\/\/sp1.kielce.eu\/wp-content\/uploads\/2022\/02\/20220207_132307-Copy.jpg\"><img loading=\"lazy\" decoding=\"async\" width=\"1200\" height=\"900\" src=\"http:\/\/sp1.kielce.eu\/wp-content\/uploads\/2022\/02\/20220207_132307-Copy.jpg\" alt=\"\" data-id=\"21214\" data-full-url=\"http:\/\/sp1.kielce.eu\/wp-content\/uploads\/2022\/02\/20220207_132307-Copy.jpg\" data-link=\"http:\/\/sp1.kielce.eu\/?attachment_id=21214\" class=\"wp-image-21214\" srcset=\"https:\/\/sp1.kielce.eu\/wp-content\/uploads\/2022\/02\/20220207_132307-Copy.jpg 1200w, https:\/\/sp1.kielce.eu\/wp-content\/uploads\/2022\/02\/20220207_132307-Copy-300x225.jpg 300w, https:\/\/sp1.kielce.eu\/wp-content\/uploads\/2022\/02\/20220207_132307-Copy-768x576.jpg 768w, https:\/\/sp1.kielce.eu\/wp-content\/uploads\/2022\/02\/20220207_132307-Copy-820x615.jpg 820w\" sizes=\"auto, (max-width: 1200px) 100vw, 1200px\" \/><\/a><\/figure><\/li><\/ul><\/figure>\n","protected":false},"excerpt":{"rendered":"<p>Komputer, Internet, telefon kom\u00f3rkowy w&nbsp;ostatnich latach odgrywaj\u0105 coraz wi\u0119ksz\u0105 rol\u0119 w&nbsp;\u017cyciu dzieci i&nbsp;m\u0142odzie\u017cy, otwieraj\u0105 przed [&hellip;]<\/p>\n","protected":false},"author":13,"featured_media":21215,"comment_status":"closed","ping_status":"open","sticky":false,"template":"","format":"standard","meta":{"footnotes":""},"categories":[36,25],"tags":[],"class_list":["post-21211","post","type-post","status-publish","format-standard","has-post-thumbnail","hentry","category-wydarzenia","category-swietlica"],"_links":{"self":[{"href":"https:\/\/sp1.kielce.eu\/index.php\/wp-json\/wp\/v2\/posts\/21211","targetHints":{"allow":["GET"]}}],"collection":[{"href":"https:\/\/sp1.kielce.eu\/index.php\/wp-json\/wp\/v2\/posts"}],"about":[{"href":"https:\/\/sp1.kielce.eu\/index.php\/wp-json\/wp\/v2\/types\/post"}],"author":[{"embeddable":true,"href":"https:\/\/sp1.kielce.eu\/index.php\/wp-json\/wp\/v2\/users\/13"}],"replies":[{"embeddable":true,"href":"https:\/\/sp1.kielce.eu\/index.php\/wp-json\/wp\/v2\/comments?post=21211"}],"version-history":[{"count":1,"href":"https:\/\/sp1.kielce.eu\/index.php\/wp-json\/wp\/v2\/posts\/21211\/revisions"}],"predecessor-version":[{"id":21216,"href":"https:\/\/sp1.kielce.eu\/index.php\/wp-json\/wp\/v2\/posts\/21211\/revisions\/21216"}],"wp:featuredmedia":[{"embeddable":true,"href":"https:\/\/sp1.kielce.eu\/index.php\/wp-json\/wp\/v2\/media\/21215"}],"wp:attachment":[{"href":"https:\/\/sp1.kielce.eu\/index.php\/wp-json\/wp\/v2\/media?parent=21211"}],"wp:term":[{"taxonomy":"category","embeddable":true,"href":"https:\/\/sp1.kielce.eu\/index.php\/wp-json\/wp\/v2\/categories?post=21211"},{"taxonomy":"post_tag","embeddable":true,"href":"https:\/\/sp1.kielce.eu\/index.php\/wp-json\/wp\/v2\/tags?post=21211"}],"curies":[{"name":"wp","href":"https:\/\/api.w.org\/{rel}","templated":true}]}}