{"id":21206,"date":"2022-02-22T21:23:38","date_gmt":"2022-02-22T20:23:38","guid":{"rendered":"http:\/\/sp1.kielce.eu\/?p=21206"},"modified":"2022-02-22T21:23:38","modified_gmt":"2022-02-22T20:23:38","slug":"xi-serce-jedynki-trafilo-do-wiktora","status":"publish","type":"post","link":"https:\/\/sp1.kielce.eu\/index.php\/2022\/02\/22\/xi-serce-jedynki-trafilo-do-wiktora\/","title":{"rendered":"\u201eXI Serce JEDYNKI\u201d trafi\u0142o do Wiktora!"},"content":{"rendered":"\n<p>Wzrasta nasza \u201ejedynkowa\u201d rado\u015b\u0107 z&nbsp;nape\u0142niania, opr\u00f3\u017cniania i&nbsp;przekazywania nakr\u0119tek, aby stale pomaga\u0107 innym.<\/p>\n\n\n\n<p>Tym razem, <strong>nakr\u0119tki z&nbsp;\u201eXI-go przepe\u0142nienia Serca JEDYNKI\u201d<\/strong> <strong>dostarczyli\u015bmy<\/strong>, dzi\u0119ki naszym wolontariuszom z&nbsp;klasy 7&nbsp;B, <strong>do rodziny chorego 13-letniego ch\u0142opca, o&nbsp;imieniu Wiktor<\/strong>. &nbsp;Nakr\u0119tkowy, ekologiczny dar b\u0119dzie zamieniony na konkretne \u015brodki pieni\u0119\u017cne <strong>na sta\u0142\u0105 rehabilitacj\u0119 Wiktora<\/strong>.<\/p>\n\n\n\n<p>Dzi\u0119kujemy Wszystkim Eko-ofiarodawcom i&nbsp;naszym Wolontariuszom!<\/p>\n\n\n\n<p>Do nast\u0119pnego, XII-tego nape\u0142nienia!<\/p>\n\n\n\n<p>Dzi\u0119kujemy! B\u00d3G ZAP\u0141A\u0106!<\/p>\n\n\n\n<p class=\"has-text-align-right\">ks. Konrad Walerczak, ks. Dariusz W\u0119grzyn, p. Krystyna Banasik<\/p>\n\n\n\n<figure class=\"wp-block-gallery columns-2 is-cropped wp-block-gallery-1 is-layout-flex wp-block-gallery-is-layout-flex\"><ul class=\"blocks-gallery-grid\"><li class=\"blocks-gallery-item\"><figure><a href=\"http:\/\/sp1.kielce.eu\/?attachment_id=21207\"><img loading=\"lazy\" decoding=\"async\" width=\"1200\" height=\"848\" src=\"http:\/\/sp1.kielce.eu\/wp-content\/uploads\/2022\/02\/Odkrec-marnowanie-nakrec-pomaganie.-Plakat-Copy.jpg\" alt=\"\" data-id=\"21207\" data-full-url=\"http:\/\/sp1.kielce.eu\/wp-content\/uploads\/2022\/02\/Odkrec-marnowanie-nakrec-pomaganie.-Plakat-Copy.jpg\" data-link=\"http:\/\/sp1.kielce.eu\/?attachment_id=21207\" class=\"wp-image-21207\" srcset=\"https:\/\/sp1.kielce.eu\/wp-content\/uploads\/2022\/02\/Odkrec-marnowanie-nakrec-pomaganie.-Plakat-Copy.jpg 1200w, https:\/\/sp1.kielce.eu\/wp-content\/uploads\/2022\/02\/Odkrec-marnowanie-nakrec-pomaganie.-Plakat-Copy-300x212.jpg 300w, https:\/\/sp1.kielce.eu\/wp-content\/uploads\/2022\/02\/Odkrec-marnowanie-nakrec-pomaganie.-Plakat-Copy-768x543.jpg 768w, https:\/\/sp1.kielce.eu\/wp-content\/uploads\/2022\/02\/Odkrec-marnowanie-nakrec-pomaganie.-Plakat-Copy-820x579.jpg 820w\" sizes=\"auto, (max-width: 1200px) 100vw, 1200px\" \/><\/a><\/figure><\/li><li class=\"blocks-gallery-item\"><figure><a href=\"http:\/\/sp1.kielce.eu\/?attachment_id=21208\"><img loading=\"lazy\" decoding=\"async\" width=\"900\" height=\"900\" src=\"http:\/\/sp1.kielce.eu\/wp-content\/uploads\/2022\/02\/XI-Serce-JEDYNKI-kolaz-dowolny-Copy.jpg\" alt=\"\" data-id=\"21208\" data-full-url=\"http:\/\/sp1.kielce.eu\/wp-content\/uploads\/2022\/02\/XI-Serce-JEDYNKI-kolaz-dowolny-Copy.jpg\" data-link=\"http:\/\/sp1.kielce.eu\/?attachment_id=21208\" class=\"wp-image-21208\" srcset=\"https:\/\/sp1.kielce.eu\/wp-content\/uploads\/2022\/02\/XI-Serce-JEDYNKI-kolaz-dowolny-Copy.jpg 900w, https:\/\/sp1.kielce.eu\/wp-content\/uploads\/2022\/02\/XI-Serce-JEDYNKI-kolaz-dowolny-Copy-300x300.jpg 300w, https:\/\/sp1.kielce.eu\/wp-content\/uploads\/2022\/02\/XI-Serce-JEDYNKI-kolaz-dowolny-Copy-150x150.jpg 150w, https:\/\/sp1.kielce.eu\/wp-content\/uploads\/2022\/02\/XI-Serce-JEDYNKI-kolaz-dowolny-Copy-768x768.jpg 768w, https:\/\/sp1.kielce.eu\/wp-content\/uploads\/2022\/02\/XI-Serce-JEDYNKI-kolaz-dowolny-Copy-820x820.jpg 820w\" sizes=\"auto, (max-width: 900px) 100vw, 900px\" \/><\/a><\/figure><\/li><\/ul><\/figure>\n","protected":false},"excerpt":{"rendered":"<p>Wzrasta nasza \u201ejedynkowa\u201d rado\u015b\u0107 z&nbsp;nape\u0142niania, opr\u00f3\u017cniania i&nbsp;przekazywania nakr\u0119tek, aby stale pomaga\u0107 innym. Tym razem, nakr\u0119tki [&hellip;]<\/p>\n","protected":false},"author":13,"featured_media":21209,"comment_status":"closed","ping_status":"open","sticky":false,"template":"","format":"standard","meta":{"footnotes":""},"categories":[163,23],"tags":[],"class_list":["post-21206","post","type-post","status-publish","format-standard","has-post-thumbnail","hentry","category-skw","category-charytatywne"],"_links":{"self":[{"href":"https:\/\/sp1.kielce.eu\/index.php\/wp-json\/wp\/v2\/posts\/21206","targetHints":{"allow":["GET"]}}],"collection":[{"href":"https:\/\/sp1.kielce.eu\/index.php\/wp-json\/wp\/v2\/posts"}],"about":[{"href":"https:\/\/sp1.kielce.eu\/index.php\/wp-json\/wp\/v2\/types\/post"}],"author":[{"embeddable":true,"href":"https:\/\/sp1.kielce.eu\/index.php\/wp-json\/wp\/v2\/users\/13"}],"replies":[{"embeddable":true,"href":"https:\/\/sp1.kielce.eu\/index.php\/wp-json\/wp\/v2\/comments?post=21206"}],"version-history":[{"count":1,"href":"https:\/\/sp1.kielce.eu\/index.php\/wp-json\/wp\/v2\/posts\/21206\/revisions"}],"predecessor-version":[{"id":21210,"href":"https:\/\/sp1.kielce.eu\/index.php\/wp-json\/wp\/v2\/posts\/21206\/revisions\/21210"}],"wp:featuredmedia":[{"embeddable":true,"href":"https:\/\/sp1.kielce.eu\/index.php\/wp-json\/wp\/v2\/media\/21209"}],"wp:attachment":[{"href":"https:\/\/sp1.kielce.eu\/index.php\/wp-json\/wp\/v2\/media?parent=21206"}],"wp:term":[{"taxonomy":"category","embeddable":true,"href":"https:\/\/sp1.kielce.eu\/index.php\/wp-json\/wp\/v2\/categories?post=21206"},{"taxonomy":"post_tag","embeddable":true,"href":"https:\/\/sp1.kielce.eu\/index.php\/wp-json\/wp\/v2\/tags?post=21206"}],"curies":[{"name":"wp","href":"https:\/\/api.w.org\/{rel}","templated":true}]}}