{"id":21101,"date":"2022-02-17T12:24:56","date_gmt":"2022-02-17T11:24:56","guid":{"rendered":"http:\/\/sp1.kielce.eu\/?p=21101"},"modified":"2022-02-17T12:24:56","modified_gmt":"2022-02-17T11:24:56","slug":"prelekcja-dotyczacej-korzysci-wynikajacych-z-posiadania-kompetencji-jezykowych","status":"publish","type":"post","link":"https:\/\/sp1.kielce.eu\/index.php\/2022\/02\/17\/prelekcja-dotyczacej-korzysci-wynikajacych-z-posiadania-kompetencji-jezykowych\/","title":{"rendered":"Prelekcja dotycz\u0105cej korzy\u015bci wynikaj\u0105cych z posiadania kompetencji j\u0119zykowych"},"content":{"rendered":"\n<p>16.02.2022 zosta\u0142a przeprowadzona prelekcja dotycz\u0105cej korzy\u015bci wynikaj\u0105cych z posiadania kompetencji j\u0119zykowych w klasach 8, zorganizowana przez szko\u0142\u0119 j\u0119zykow\u0105 The Point. Mia\u0142a form\u0119 konkursu z nagrodami. <\/p>\n\n\n\n<p>Celem konkursu jest&nbsp;<strong>zwi\u0119kszenie \u015bwiadomo\u015bci o korzy\u015bciach wynikaj\u0105cych z posiadania umiej\u0119tno\u015bci j\u0119zykowych<\/strong>&nbsp;oraz zainteresowanie uczni\u00f3w rozwojem w\u0142asnych kompetencji j\u0119zykowych;<\/p>\n\n\n\n<p>&#8211; Konkurs mo\u017ce by\u0107 przeprowadzany<strong>&nbsp;w j\u0119zyku polskim lub angielskim<\/strong>. W celu jednoznacznej identyfikacji zwyci\u0119zcy, uczniowie chc\u0105cy wzi\u0105\u0107 udzia\u0142 w konkursie s\u0105 zobowi\u0105zani do podania swojego imienia, klasy i numeru telefonu (3 ostatnie cyfry s\u0142u\u017c\u0105 do jednoznacznego rozpoznania zwyci\u0119zcy);<\/p>\n\n\n\n<p>&#8211;&nbsp;<strong>na etapie og\u00f3lnoszkolnym nagradzamy&nbsp;<\/strong><strong>minimum jednego ucznia ka\u017cdej szko\u0142y<\/strong>gad\u017cetami The Point i akcesoriami potrzebnymi do nauki online (i nie tylko) \u2013 np. s\u0142uchawkami, kartami pami\u0119ci, g\u0142o\u015bnikami;<\/p>\n\n\n\n<p>&#8211; Ucznia, kt\u00f3ry b\u0119dzie nas najuwa\u017cniej s\u0142ucha\u0142, czyli<strong>&nbsp;ZWYCI\u0118ZC\u0118 z ka\u017cdej szko\u0142y, poznajemy po przeprowadzeniu ostatniego quizu<\/strong>&nbsp;dla uczni\u00f3w szko\u0142y \ud83d\ude42<\/p>\n\n\n\n<p>&#8211; Nagrody s\u0105 wysy\u0142ane do szk\u00f3\u0142 partiami, w ka\u017cdym miesi\u0105cu (pocz\u0105wszy od marca 2022 do sierpnia 2022 roku) razem z list\u0105 zwyci\u0119zc\u00f3w;<\/p>\n\n\n\n<p>&#8211; Po zako\u0144czeniu quizu uczniowie maj\u0105 mo\u017cliwo\u015b\u0107 wype\u0142nienia formularza kontaktowego. Formularz jest przeznaczony\u00a0<strong>dla os\u00f3b, kt\u00f3re chc\u0105 uzyska\u0107 bezp\u0142atn\u0105 informacj\u0119 o kursach<\/strong>.<\/p>\n\n\n\n<p>Piotr Surma<\/p>\n\n\n\n<figure class=\"wp-block-gallery columns-3 is-cropped wp-block-gallery-1 is-layout-flex wp-block-gallery-is-layout-flex\"><ul class=\"blocks-gallery-grid\"><li class=\"blocks-gallery-item\"><figure><a href=\"http:\/\/sp1.kielce.eu\/wp-content\/uploads\/2022\/02\/the-point-1.jpg\"><img loading=\"lazy\" decoding=\"async\" width=\"1400\" height=\"788\" src=\"http:\/\/sp1.kielce.eu\/wp-content\/uploads\/2022\/02\/the-point-1-1400x788.jpg\" alt=\"\" data-id=\"21102\" data-full-url=\"http:\/\/sp1.kielce.eu\/wp-content\/uploads\/2022\/02\/the-point-1.jpg\" data-link=\"http:\/\/sp1.kielce.eu\/?attachment_id=21102\" class=\"wp-image-21102\" srcset=\"https:\/\/sp1.kielce.eu\/wp-content\/uploads\/2022\/02\/the-point-1-1400x788.jpg 1400w, https:\/\/sp1.kielce.eu\/wp-content\/uploads\/2022\/02\/the-point-1-300x169.jpg 300w, https:\/\/sp1.kielce.eu\/wp-content\/uploads\/2022\/02\/the-point-1-768x432.jpg 768w, https:\/\/sp1.kielce.eu\/wp-content\/uploads\/2022\/02\/the-point-1-1536x864.jpg 1536w, https:\/\/sp1.kielce.eu\/wp-content\/uploads\/2022\/02\/the-point-1-820x461.jpg 820w, https:\/\/sp1.kielce.eu\/wp-content\/uploads\/2022\/02\/the-point-1.jpg 1920w\" sizes=\"auto, (max-width: 1400px) 100vw, 1400px\" \/><\/a><\/figure><\/li><li class=\"blocks-gallery-item\"><figure><a href=\"http:\/\/sp1.kielce.eu\/wp-content\/uploads\/2022\/02\/the-point-2.jpg\"><img loading=\"lazy\" decoding=\"async\" width=\"1400\" height=\"690\" src=\"http:\/\/sp1.kielce.eu\/wp-content\/uploads\/2022\/02\/the-point-2-1400x690.jpg\" alt=\"\" data-id=\"21103\" data-full-url=\"http:\/\/sp1.kielce.eu\/wp-content\/uploads\/2022\/02\/the-point-2.jpg\" data-link=\"http:\/\/sp1.kielce.eu\/?attachment_id=21103\" class=\"wp-image-21103\" srcset=\"https:\/\/sp1.kielce.eu\/wp-content\/uploads\/2022\/02\/the-point-2-1400x690.jpg 1400w, https:\/\/sp1.kielce.eu\/wp-content\/uploads\/2022\/02\/the-point-2-300x148.jpg 300w, https:\/\/sp1.kielce.eu\/wp-content\/uploads\/2022\/02\/the-point-2-768x379.jpg 768w, https:\/\/sp1.kielce.eu\/wp-content\/uploads\/2022\/02\/the-point-2-1536x757.jpg 1536w, https:\/\/sp1.kielce.eu\/wp-content\/uploads\/2022\/02\/the-point-2-820x404.jpg 820w, https:\/\/sp1.kielce.eu\/wp-content\/uploads\/2022\/02\/the-point-2.jpg 1887w\" sizes=\"auto, (max-width: 1400px) 100vw, 1400px\" \/><\/a><\/figure><\/li><li class=\"blocks-gallery-item\"><figure><a href=\"http:\/\/sp1.kielce.eu\/wp-content\/uploads\/2022\/02\/the-point-3.jpg\"><img loading=\"lazy\" decoding=\"async\" width=\"1400\" height=\"789\" src=\"http:\/\/sp1.kielce.eu\/wp-content\/uploads\/2022\/02\/the-point-3-1400x789.jpg\" alt=\"\" data-id=\"21104\" data-full-url=\"http:\/\/sp1.kielce.eu\/wp-content\/uploads\/2022\/02\/the-point-3.jpg\" data-link=\"http:\/\/sp1.kielce.eu\/?attachment_id=21104\" class=\"wp-image-21104\" srcset=\"https:\/\/sp1.kielce.eu\/wp-content\/uploads\/2022\/02\/the-point-3-1400x789.jpg 1400w, https:\/\/sp1.kielce.eu\/wp-content\/uploads\/2022\/02\/the-point-3-300x169.jpg 300w, https:\/\/sp1.kielce.eu\/wp-content\/uploads\/2022\/02\/the-point-3-768x433.jpg 768w, https:\/\/sp1.kielce.eu\/wp-content\/uploads\/2022\/02\/the-point-3-1536x866.jpg 1536w, https:\/\/sp1.kielce.eu\/wp-content\/uploads\/2022\/02\/the-point-3-820x462.jpg 820w, https:\/\/sp1.kielce.eu\/wp-content\/uploads\/2022\/02\/the-point-3.jpg 1657w\" sizes=\"auto, (max-width: 1400px) 100vw, 1400px\" \/><\/a><\/figure><\/li><\/ul><\/figure>\n","protected":false},"excerpt":{"rendered":"<p>16.02.2022 zosta\u0142a przeprowadzona prelekcja dotycz\u0105cej korzy\u015bci wynikaj\u0105cych z posiadania kompetencji j\u0119zykowych w klasach 8, zorganizowana [&hellip;]<\/p>\n","protected":false},"author":5,"featured_media":21104,"comment_status":"closed","ping_status":"open","sticky":false,"template":"","format":"standard","meta":{"footnotes":""},"categories":[36],"tags":[],"class_list":["post-21101","post","type-post","status-publish","format-standard","has-post-thumbnail","hentry","category-wydarzenia"],"_links":{"self":[{"href":"https:\/\/sp1.kielce.eu\/index.php\/wp-json\/wp\/v2\/posts\/21101","targetHints":{"allow":["GET"]}}],"collection":[{"href":"https:\/\/sp1.kielce.eu\/index.php\/wp-json\/wp\/v2\/posts"}],"about":[{"href":"https:\/\/sp1.kielce.eu\/index.php\/wp-json\/wp\/v2\/types\/post"}],"author":[{"embeddable":true,"href":"https:\/\/sp1.kielce.eu\/index.php\/wp-json\/wp\/v2\/users\/5"}],"replies":[{"embeddable":true,"href":"https:\/\/sp1.kielce.eu\/index.php\/wp-json\/wp\/v2\/comments?post=21101"}],"version-history":[{"count":1,"href":"https:\/\/sp1.kielce.eu\/index.php\/wp-json\/wp\/v2\/posts\/21101\/revisions"}],"predecessor-version":[{"id":21105,"href":"https:\/\/sp1.kielce.eu\/index.php\/wp-json\/wp\/v2\/posts\/21101\/revisions\/21105"}],"wp:featuredmedia":[{"embeddable":true,"href":"https:\/\/sp1.kielce.eu\/index.php\/wp-json\/wp\/v2\/media\/21104"}],"wp:attachment":[{"href":"https:\/\/sp1.kielce.eu\/index.php\/wp-json\/wp\/v2\/media?parent=21101"}],"wp:term":[{"taxonomy":"category","embeddable":true,"href":"https:\/\/sp1.kielce.eu\/index.php\/wp-json\/wp\/v2\/categories?post=21101"},{"taxonomy":"post_tag","embeddable":true,"href":"https:\/\/sp1.kielce.eu\/index.php\/wp-json\/wp\/v2\/tags?post=21101"}],"curies":[{"name":"wp","href":"https:\/\/api.w.org\/{rel}","templated":true}]}}