{"id":20986,"date":"2022-02-14T18:46:57","date_gmt":"2022-02-14T17:46:57","guid":{"rendered":"http:\/\/sp1.kielce.eu\/?p=20986"},"modified":"2022-02-14T21:25:44","modified_gmt":"2022-02-14T20:25:44","slug":"8-lutego-dzien-bezpiecznego-internetu-2022-w-naszej-szkole","status":"publish","type":"post","link":"https:\/\/sp1.kielce.eu\/index.php\/2022\/02\/14\/8-lutego-dzien-bezpiecznego-internetu-2022-w-naszej-szkole\/","title":{"rendered":"8 lutego &#8211; Dzie\u0144 Bezpiecznego Internetu 2022 w naszej szkole"},"content":{"rendered":"\n<p>Dzie\u0144 Bezpiecznego Internetu&nbsp;obchodzony jest z&nbsp;inicjatywy Komisji Europejskiej od 2004&nbsp;roku. Organizatorem wydarzenia w&nbsp;Polsce, jest od 2005&nbsp;r. Polskie Centrum Programu Safer Internet, tworzone przez pa\u0144stwowy instytut badawczy <a href=\"https:\/\/nask.pl\/\" target=\"_blank\" rel=\"noreferrer noopener\">NASK<\/a> oraz <a href=\"https:\/\/fdds.pl\/\" target=\"_blank\" rel=\"noreferrer noopener\">Fundacj\u0119 Dajemy Dzieciom Si\u0142<\/a><a href=\"https:\/\/fdds.pl\/\" target=\"_blank\" rel=\"noreferrer noopener\">\u0119<\/a>.<\/p>\n\n\n\n<p>W drugim tygodniu lutego w&nbsp;naszej szkole podejmowali\u015bmy szereg dzia\u0142a\u0144 zwi\u0105zanych z&nbsp;bezpiecze\u0144stwem w&nbsp;cyberprzestrzeni. Przeprowadzone zosta\u0142y zaj\u0119cia dotycz\u0105ce bezpiecznego Internetu. Uczniowie klas I-III wykonali prace plastyczne, a&nbsp;starsi koledzy i&nbsp;kole\u017canki napisali has\u0142a lub wiersze zwi\u0105zane z&nbsp;tematyk\u0105 akcji oraz wykonali plakaty.<\/p>\n\n\n\n<p>By\u0142 to czas przypomnienia i&nbsp;przybli\u017cenia problematyki bezpiecze\u0144stwa w&nbsp;cyberprzestrzeni oraz propagowania w\u0142a\u015bciwych zachowa\u0144 w&nbsp;sieci.<\/p>\n\n\n\n<p>Dzie\u0144 Bezpiecznego Internetu wpisuje si\u0119 w&nbsp;prowadzon\u0105 w&nbsp;szkole kampani\u0119 \u201e\u015bwi\u0119tokrzyskieNIEhejtuje\u201d oraz projekt \u201eSzybuj bezpiecznie w&nbsp;internetowej chmurze 2021-2022\u201d.<\/p>\n\n\n\n<p class=\"has-text-align-right\">Beata Smag\u00f3r \u2013 pedagog szkolny <br>we wsp\u00f3\u0142pracy z wychowawcami klas I-III;<br>nauczycielami j\u0119zyka polskiego: <br>p. D. Broni\u015b, p. I. M\u0142ynarczyk-Halick\u0105 i p. R. Petrus; <br>nauczycielem&nbsp; informatyki i techniki p. A. Trzci\u0144sk\u0105; <br>wychowawcami klas IV-VIII<\/p>\n\n\n\n<h3 class=\"has-text-align-center wp-block-heading\"><strong>Wiersze<\/strong> <strong>i has\u0142a<\/strong><\/h3>\n\n\n\n<figure class=\"wp-block-table\"><table><tbody><tr><td class=\"has-text-align-center\" data-align=\"center\"><br><strong>\u201eZwyczajny dzie\u0144\u201d<\/strong><br>Wstawaj szybko, mama wo\u0142a,<br>mleko, p\u0142atki, potem szko\u0142a.<br>Siadam, w\u0142\u0105czam i gotowa<br>nasza lekcja internetowa.<br>Wszystko widz\u0119,<br>mnie nie wida\u0107.<br>Wszystko s\u0142ysz\u0119,<br>mnie nie s\u0142ycha\u0107.<br>Wszystko mog\u0119\u2026<br>czy na pewno?<br><strong>Kto rozm\u00f3wc\u00f3w swych szanuje<\/strong><br><strong>przez Internet nie hejtuje.<\/strong><br>Katarzyna K. &#8211; kl. VIIb<\/td><td class=\"has-text-align-center\" data-align=\"center\">Mam Internet !<br>\u015awietna sprawa !<br>Zapami\u0119taj to od rana !<br>8-luty data znana.<br>Dla ka\u017cdego mamy , taty i rodziny.<br>On tu jest i nic nie poradzimy.<br>On nam s\u0142u\u017cy do zabawy.<br>Tylko ci\u0105gle w niego gramy.<br>Wszyscy z niego korzystamy.<br>I wirusy wci\u0105\u017c \u015bci\u0105gamy.<br>Wi\u0119c ostro\u017cno\u015b\u0107 jest wskazana.<br>Zapami\u0119taj siedz\u0105c z rana!<br>B\u0105d\u017a uwa\u017cny, gdy korzystasz.<br>Bo tam rzeczywisto\u015b\u0107 jest ju\u017c inna.<br>Gdzie Ci\u0119 haker dopa\u015b\u0107 mo\u017ce.<br>Tylko has\u0142o dopomo\u017ce.<br>Pami\u0119taj Internet fajna rzecz.<br>Je\u015bli korzysta\u0107 umiesz te\u017c.<br>Maja G. &#8211; kl. VIIb<\/td><\/tr><tr><td class=\"has-text-align-center\" data-align=\"center\"><br>Internet to dobra sprawa,<br>Dla nas wszystkich to zabawa,<br>Nauczymy si\u0119 te\u017c wiele,<br>Gdy jeste\u015bmy ju\u017c w potrzebie,<br>Wtem Internet nam pomaga,<br>Lecz musimy te\u017c uwa\u017ca\u0107,<br>Na to co nas mo\u017ce spotka\u0107.<br>Gabriela S. &#8211; kl. VIIc<\/td><td class=\"has-text-align-center\" data-align=\"center\"><strong>\u201eW sieci\u201d<\/strong><br>W sieci b\u0105d\u017a m\u0105dry i rozs\u0105dny.<br>Nie daj si\u0119 oszuka\u0107,<br>nie podawaj danych komu\u015b,<br>kto jest podejrzany.<br>Nie wyzywaj, nie przeklinaj, nie dokuczaj.<br>Gdy masz problem powiedz mamie,<br>ona zawsze dobre rady ma<br>\u00a0i o nasze bezpiecze\u0144stwo dba.<br>Piotr S. &#8211; kl VIIb<\/td><\/tr><tr><td class=\"has-text-align-center\" data-align=\"center\"><strong>,,Bezpieczny Internet\u201d <\/strong><br>S\u0142uchajcie drogie dzieci<br>jak niebezpiecznie jest w sieci.<br>Bo wy\u015ble wam kto\u015b ,,\u0142apk\u0119\u201d ?<br>i wpadniecie w pu\u0142apk\u0119.<br>Doros\u0142ym zg\u0142asza\u0107 trzeba<br>obietnice ,,gwiazdki z nieba\u201d.<br>Pomy\u015blcie ka\u017cdej doby,<br>gdy nie znacie osoby.<br>Zanim jej odpowiecie<br>bezpieczniej b\u0119dzie w NECIE!<br>Piotr B. &#8211; kl. Va<\/td><td class=\"has-text-align-center\" data-align=\"center\">Poznawanie ludzi w Internecie<br>mo\u017ce si\u0119 wydawa\u0107 sympatyczne,<br>jednak mo\u017cesz mie\u0107 przez to problemy kosmiczne,<br>poniewa\u017c nie wiesz kto jest po drugiej stronie ekranu<br>i mo\u017ce Ci narobi\u0107 w \u017cyciu ba\u0142aganu.<br>Dlatego nikomu nie podawaj has\u0142a swojego,<br>aby\u015b nigdy nie \u017ca\u0142owa\u0142 tego,<br>i nie m\u00f3w za du\u017co o sobie,<br>zachowaj swoj\u0105 prywatno\u015b\u0107 jak m\u00f3wi\u0119 to Tobie.<br> Pawe\u0142 B. &#8211; kl. VIIIa<\/td><\/tr><tr><td class=\"has-text-align-center\" data-align=\"center\"><br>By bezpiecznym w sieci by\u0107,<br>\u017cadnych danych nie podawaj,<br>nie podawaj hase\u0142 swoich,<br>zdj\u0119\u0107 nie wrzucaj swoich te\u017c.<br>I z obcymi nie rozmawiaj,<br>zawsze wyloguj si\u0119.<br>Uwa\u017cajmy zatem bardzo,<br>aby bezpiecznymi by\u0107 !<br>Karolina P. &#8211; kl. VIIb<\/td><td class=\"has-text-align-center\" data-align=\"center\">Ja nie hejtuj\u0119, grzecznie serfuj\u0119.<br>I w Internecie i w realnym \u015bwiecie staram si\u0119 bezpiecznie bawi\u0107<br>z dobrej strony przedstawi\u0107.<br>Pami\u0119tam!<br>Co raz w Internecie dodane,<br>do ko\u0144ca \u015bwiata z nami zostanie!<br> Gabriela A. &#8211; kl. VIIb<\/td><\/tr><tr><td class=\"has-text-align-center\" data-align=\"center\"><br><strong>\u201eBezpieczna sie\u0107\u201d<\/strong><br>M\u00f3wi\u0105 o tym w ca\u0142ym \u015bwiecie<br>o bezpiecznym Internecie.<br>Strony z\u0142e, zawirusowane<br>mog\u0105 zrobi\u0107 w g\u0142owie zam\u0119t.<br>Cyberprzemoc przez \u015bwiat\u0142ow\u00f3d,<br>to do strachu teraz pow\u00f3d.<br>Gdy Ci\u0119 taki problem dotknie<br>napisz o tym w Windows \u2013 oknie.<br>STOP CYBERPRZEMOCY<br>Gabriel B. &#8211; kl. VIIIb<\/td><td class=\"has-text-align-center\" data-align=\"center\"><br><br>\u017beby po necie surfowa\u0107, trzeba dane zaszyfrowa\u0107.<br>Natalia J. &#8211; kl. VIIIb<br><br><br><br><br>Korzystajmy z Internetu, tak aby by\u0142 bezpieczny.<br> Emilia B. &#8211; kl. VIIIb<\/td><\/tr><tr><td class=\"has-text-align-center\" data-align=\"center\"><br>,,Wpierw czytamy, nie klikamy\u201d<br>Alicja B. &#8211; kl. VIIa<\/td><td class=\"has-text-align-center\" data-align=\"center\"><br>W Internecie nie jeste\u015b anonimowy<br>o ufaniu nieznajomym nie ma mowy!!!<br>\u00a0\u00a0\u00a0\u00a0\u00a0\u00a0 PAMI\u0118TAJ<br>Edyta K. &#8211; kl. VIIIb<\/td><\/tr><\/tbody><\/table><\/figure>\n\n\n\n<figure class=\"wp-block-gallery columns-4 is-cropped wp-block-gallery-1 is-layout-flex wp-block-gallery-is-layout-flex\"><ul class=\"blocks-gallery-grid\"><li class=\"blocks-gallery-item\"><figure><a href=\"http:\/\/sp1.kielce.eu\/wp-content\/uploads\/2022\/02\/Amelia-S-Copy.png\"><img loading=\"lazy\" decoding=\"async\" width=\"1200\" height=\"577\" src=\"http:\/\/sp1.kielce.eu\/wp-content\/uploads\/2022\/02\/Amelia-S-Copy.png\" alt=\"\" data-id=\"20990\" data-full-url=\"http:\/\/sp1.kielce.eu\/wp-content\/uploads\/2022\/02\/Amelia-S-Copy.png\" data-link=\"http:\/\/sp1.kielce.eu\/?attachment_id=20990\" class=\"wp-image-20990\" srcset=\"https:\/\/sp1.kielce.eu\/wp-content\/uploads\/2022\/02\/Amelia-S-Copy.png 1200w, https:\/\/sp1.kielce.eu\/wp-content\/uploads\/2022\/02\/Amelia-S-Copy-300x144.png 300w, https:\/\/sp1.kielce.eu\/wp-content\/uploads\/2022\/02\/Amelia-S-Copy-768x369.png 768w, https:\/\/sp1.kielce.eu\/wp-content\/uploads\/2022\/02\/Amelia-S-Copy-820x394.png 820w\" sizes=\"auto, (max-width: 1200px) 100vw, 1200px\" \/><\/a><\/figure><\/li><li class=\"blocks-gallery-item\"><figure><a href=\"http:\/\/sp1.kielce.eu\/wp-content\/uploads\/2022\/02\/IMG_20220208_1211505993-Copy.jpg\"><img loading=\"lazy\" decoding=\"async\" width=\"1200\" height=\"644\" src=\"http:\/\/sp1.kielce.eu\/wp-content\/uploads\/2022\/02\/IMG_20220208_1211505993-Copy.jpg\" alt=\"\" data-id=\"20991\" data-full-url=\"http:\/\/sp1.kielce.eu\/wp-content\/uploads\/2022\/02\/IMG_20220208_1211505993-Copy.jpg\" data-link=\"http:\/\/sp1.kielce.eu\/?attachment_id=20991\" class=\"wp-image-20991\" srcset=\"https:\/\/sp1.kielce.eu\/wp-content\/uploads\/2022\/02\/IMG_20220208_1211505993-Copy.jpg 1200w, https:\/\/sp1.kielce.eu\/wp-content\/uploads\/2022\/02\/IMG_20220208_1211505993-Copy-300x161.jpg 300w, https:\/\/sp1.kielce.eu\/wp-content\/uploads\/2022\/02\/IMG_20220208_1211505993-Copy-768x412.jpg 768w, https:\/\/sp1.kielce.eu\/wp-content\/uploads\/2022\/02\/IMG_20220208_1211505993-Copy-820x440.jpg 820w\" sizes=\"auto, (max-width: 1200px) 100vw, 1200px\" \/><\/a><\/figure><\/li><li class=\"blocks-gallery-item\"><figure><a href=\"http:\/\/sp1.kielce.eu\/wp-content\/uploads\/2022\/02\/Kacper-L-Copy.jpg\"><img loading=\"lazy\" decoding=\"async\" width=\"1189\" height=\"900\" src=\"http:\/\/sp1.kielce.eu\/wp-content\/uploads\/2022\/02\/Kacper-L-Copy.jpg\" alt=\"\" data-id=\"20992\" data-full-url=\"http:\/\/sp1.kielce.eu\/wp-content\/uploads\/2022\/02\/Kacper-L-Copy.jpg\" data-link=\"http:\/\/sp1.kielce.eu\/?attachment_id=20992\" class=\"wp-image-20992\" srcset=\"https:\/\/sp1.kielce.eu\/wp-content\/uploads\/2022\/02\/Kacper-L-Copy.jpg 1189w, https:\/\/sp1.kielce.eu\/wp-content\/uploads\/2022\/02\/Kacper-L-Copy-300x227.jpg 300w, https:\/\/sp1.kielce.eu\/wp-content\/uploads\/2022\/02\/Kacper-L-Copy-768x581.jpg 768w, https:\/\/sp1.kielce.eu\/wp-content\/uploads\/2022\/02\/Kacper-L-Copy-820x621.jpg 820w\" sizes=\"auto, (max-width: 1189px) 100vw, 1189px\" \/><\/a><\/figure><\/li><li class=\"blocks-gallery-item\"><figure><a href=\"http:\/\/sp1.kielce.eu\/wp-content\/uploads\/2022\/02\/Wiktoria-B-Copy.jpg\"><img loading=\"lazy\" decoding=\"async\" width=\"1200\" height=\"900\" src=\"http:\/\/sp1.kielce.eu\/wp-content\/uploads\/2022\/02\/Wiktoria-B-Copy.jpg\" alt=\"\" data-id=\"20993\" data-full-url=\"http:\/\/sp1.kielce.eu\/wp-content\/uploads\/2022\/02\/Wiktoria-B-Copy.jpg\" data-link=\"http:\/\/sp1.kielce.eu\/?attachment_id=20993\" class=\"wp-image-20993\" srcset=\"https:\/\/sp1.kielce.eu\/wp-content\/uploads\/2022\/02\/Wiktoria-B-Copy.jpg 1200w, https:\/\/sp1.kielce.eu\/wp-content\/uploads\/2022\/02\/Wiktoria-B-Copy-300x225.jpg 300w, https:\/\/sp1.kielce.eu\/wp-content\/uploads\/2022\/02\/Wiktoria-B-Copy-768x576.jpg 768w, https:\/\/sp1.kielce.eu\/wp-content\/uploads\/2022\/02\/Wiktoria-B-Copy-820x615.jpg 820w\" sizes=\"auto, (max-width: 1200px) 100vw, 1200px\" \/><\/a><\/figure><\/li><\/ul><\/figure>\n","protected":false},"excerpt":{"rendered":"<p>Dzie\u0144 Bezpiecznego Internetu&nbsp;obchodzony jest z&nbsp;inicjatywy Komisji Europejskiej od 2004&nbsp;roku. Organizatorem wydarzenia w&nbsp;Polsce, jest od 2005&nbsp;r. [&hellip;]<\/p>\n","protected":false},"author":13,"featured_media":20994,"comment_status":"closed","ping_status":"open","sticky":false,"template":"","format":"standard","meta":{"footnotes":""},"categories":[36],"tags":[],"class_list":["post-20986","post","type-post","status-publish","format-standard","has-post-thumbnail","hentry","category-wydarzenia"],"_links":{"self":[{"href":"https:\/\/sp1.kielce.eu\/index.php\/wp-json\/wp\/v2\/posts\/20986","targetHints":{"allow":["GET"]}}],"collection":[{"href":"https:\/\/sp1.kielce.eu\/index.php\/wp-json\/wp\/v2\/posts"}],"about":[{"href":"https:\/\/sp1.kielce.eu\/index.php\/wp-json\/wp\/v2\/types\/post"}],"author":[{"embeddable":true,"href":"https:\/\/sp1.kielce.eu\/index.php\/wp-json\/wp\/v2\/users\/13"}],"replies":[{"embeddable":true,"href":"https:\/\/sp1.kielce.eu\/index.php\/wp-json\/wp\/v2\/comments?post=20986"}],"version-history":[{"count":6,"href":"https:\/\/sp1.kielce.eu\/index.php\/wp-json\/wp\/v2\/posts\/20986\/revisions"}],"predecessor-version":[{"id":21022,"href":"https:\/\/sp1.kielce.eu\/index.php\/wp-json\/wp\/v2\/posts\/20986\/revisions\/21022"}],"wp:featuredmedia":[{"embeddable":true,"href":"https:\/\/sp1.kielce.eu\/index.php\/wp-json\/wp\/v2\/media\/20994"}],"wp:attachment":[{"href":"https:\/\/sp1.kielce.eu\/index.php\/wp-json\/wp\/v2\/media?parent=20986"}],"wp:term":[{"taxonomy":"category","embeddable":true,"href":"https:\/\/sp1.kielce.eu\/index.php\/wp-json\/wp\/v2\/categories?post=20986"},{"taxonomy":"post_tag","embeddable":true,"href":"https:\/\/sp1.kielce.eu\/index.php\/wp-json\/wp\/v2\/tags?post=20986"}],"curies":[{"name":"wp","href":"https:\/\/api.w.org\/{rel}","templated":true}]}}