{"id":20983,"date":"2022-02-14T10:16:17","date_gmt":"2022-02-14T09:16:17","guid":{"rendered":"http:\/\/sp1.kielce.eu\/?p=20983"},"modified":"2022-02-14T10:16:17","modified_gmt":"2022-02-14T09:16:17","slug":"nauczyciele-historii-szkoly-podstawowej-nr-1-oglaszaja-konkurs","status":"publish","type":"post","link":"https:\/\/sp1.kielce.eu\/index.php\/2022\/02\/14\/nauczyciele-historii-szkoly-podstawowej-nr-1-oglaszaja-konkurs\/","title":{"rendered":"Nauczyciele historii Szko\u0142y Podstawowej nr 1 og\u0142aszaj\u0105 konkurs"},"content":{"rendered":"\n<p>W ramach obchod\u00f3w tygodnia patrona naszej szko\u0142y pragniemy og\u0142osi\u0107 pierwszy konkurs pod nazw\u0105 \u201eMem z \u017cycia Stanis\u0142awa Staszica\u201d<\/p>\n\n\n\n<p>Konkurs adresowany jest do uczni\u00f3w klas \u2013 IV-VIII.<\/p>\n\n\n\n<p>Warunki uczestnictwa w konkursie:<\/p>\n\n\n\n<ul class=\"wp-block-list\"><li>Uczestnicy konkursu przygotowuj\u0105 mema historycznegoodnosz\u0105cego si\u0119 do \u017cycia i dzia\u0142alno\u015bci patrona naszej szko\u0142y \u2013 Stanis\u0142awa Staszica.&nbsp;<\/li><li>Mem graficzny powinien sk\u0142ada\u0107 si\u0119 ze zdj\u0119cia i koresponduj\u0105cego z nim komentarza tekstowego.<\/li><li>Tekst powinien w spos\u00f3b kr\u00f3tki, najlepiej humorystyczny, przekazywa\u0107 przes\u0142anie konkursu. MEM nie mo\u017ce narusza\u0107 warto\u015bci etycznych i praw os\u00f3b trzecich.<\/li><li>Mem zg\u0142oszony na konkurs musi by\u0107 wykonany osobi\u015bcie przez uczestnika.<\/li><li>Prace mo\u017cna wykonywa\u0107 przy pomocy dost\u0119pnych w Internecie generator\u00f3w mem\u00f3w, ale niekoniecznie.<\/li><li>Oceniana b\u0119dzie przede wszystkim pomys\u0142owo\u015b\u0107 i odwo\u0142ania do \u017cycia i dzia\u0142alno\u015bci Stanis\u0142awa Staszica.<\/li><li>W ramach nagrody przewidujemy r\u00f3wnie\u017c ocen\u0119 do dziennika z historii z wag\u0105 2 \ud83d\ude42<\/li><li>Prace prosz\u0119 wysy\u0142a\u0107 na adres mailowy patryk.koziel@sp1.kielce.eu<\/li><\/ul>\n\n\n\n<p>do 23.02.22r.<\/p>\n\n\n\n<p>Liczymy na wasz\u0105 kreatywno\u015b\u0107 i pomys\u0142owo\u015b\u0107!!!<\/p>\n\n\n\n<p>nauczyciele historii<\/p>\n\n\n\n<p>&nbsp;&nbsp;&nbsp;&nbsp;&nbsp;&nbsp;&nbsp;&nbsp;&nbsp;&nbsp;&nbsp;&nbsp;&nbsp;&nbsp;&nbsp;&nbsp;&nbsp;&nbsp;&nbsp;&nbsp;&nbsp;&nbsp;&nbsp;&nbsp;&nbsp;&nbsp;&nbsp;&nbsp;&nbsp;&nbsp;&nbsp;&nbsp;&nbsp;&nbsp;&nbsp;&nbsp;&nbsp;&nbsp;&nbsp;&nbsp;&nbsp;&nbsp;&nbsp;&nbsp;&nbsp;&nbsp;&nbsp;&nbsp;&nbsp;&nbsp;&nbsp;&nbsp;&nbsp;&nbsp;&nbsp;&nbsp;&nbsp;&nbsp;&nbsp;&nbsp;&nbsp;&nbsp;&nbsp;&nbsp;&nbsp;&nbsp;&nbsp;&nbsp;&nbsp;&nbsp;&nbsp;&nbsp;&nbsp;&nbsp;&nbsp;&nbsp;&nbsp;&nbsp;&nbsp;&nbsp;&nbsp;&nbsp;&nbsp;&nbsp;&nbsp;&nbsp;&nbsp;&nbsp;&nbsp;&nbsp;&nbsp;&nbsp;&nbsp;&nbsp;&nbsp;&nbsp;&nbsp;&nbsp;&nbsp;&nbsp;&nbsp;&nbsp;&nbsp;&nbsp;&nbsp; Patryk Kozie\u0142<\/p>\n\n\n\n<p>\u00a0\u00a0\u00a0\u00a0\u00a0\u00a0\u00a0\u00a0\u00a0\u00a0\u00a0\u00a0\u00a0\u00a0\u00a0\u00a0\u00a0\u00a0\u00a0\u00a0\u00a0\u00a0\u00a0\u00a0\u00a0\u00a0\u00a0\u00a0\u00a0\u00a0\u00a0\u00a0\u00a0\u00a0\u00a0\u00a0\u00a0\u00a0\u00a0\u00a0\u00a0\u00a0\u00a0\u00a0\u00a0\u00a0\u00a0\u00a0\u00a0\u00a0\u00a0\u00a0\u00a0\u00a0\u00a0\u00a0\u00a0\u00a0\u00a0\u00a0\u00a0\u00a0\u00a0\u00a0\u00a0\u00a0\u00a0\u00a0\u00a0\u00a0\u00a0\u00a0\u00a0\u00a0\u00a0\u00a0\u00a0\u00a0\u00a0\u00a0\u00a0\u00a0\u00a0\u00a0\u00a0\u00a0\u00a0\u00a0\u00a0\u00a0\u00a0\u00a0\u00a0\u00a0\u00a0\u00a0\u00a0\u00a0\u00a0\u00a0\u00a0\u00a0\u00a0\u00a0\u00a0 Katarzyna Szostak<\/p>\n\n\n\n<figure class=\"wp-block-gallery columns-1 is-cropped wp-block-gallery-1 is-layout-flex wp-block-gallery-is-layout-flex\"><ul class=\"blocks-gallery-grid\"><li class=\"blocks-gallery-item\"><figure><a href=\"http:\/\/sp1.kielce.eu\/wp-content\/uploads\/2022\/02\/Mem.jpg\"><img loading=\"lazy\" decoding=\"async\" width=\"457\" height=\"600\" src=\"http:\/\/sp1.kielce.eu\/wp-content\/uploads\/2022\/02\/Mem.jpg\" alt=\"\" data-id=\"20984\" data-full-url=\"http:\/\/sp1.kielce.eu\/wp-content\/uploads\/2022\/02\/Mem.jpg\" data-link=\"http:\/\/sp1.kielce.eu\/?attachment_id=20984\" class=\"wp-image-20984\" srcset=\"https:\/\/sp1.kielce.eu\/wp-content\/uploads\/2022\/02\/Mem.jpg 457w, https:\/\/sp1.kielce.eu\/wp-content\/uploads\/2022\/02\/Mem-229x300.jpg 229w\" sizes=\"auto, (max-width: 457px) 100vw, 457px\" \/><\/a><\/figure><\/li><\/ul><\/figure>\n","protected":false},"excerpt":{"rendered":"<p>W ramach obchod\u00f3w tygodnia patrona naszej szko\u0142y pragniemy og\u0142osi\u0107 pierwszy konkurs pod nazw\u0105 \u201eMem z [&hellip;]<\/p>\n","protected":false},"author":5,"featured_media":20984,"comment_status":"closed","ping_status":"open","sticky":false,"template":"","format":"standard","meta":{"footnotes":""},"categories":[36],"tags":[],"class_list":["post-20983","post","type-post","status-publish","format-standard","has-post-thumbnail","hentry","category-wydarzenia"],"_links":{"self":[{"href":"https:\/\/sp1.kielce.eu\/index.php\/wp-json\/wp\/v2\/posts\/20983","targetHints":{"allow":["GET"]}}],"collection":[{"href":"https:\/\/sp1.kielce.eu\/index.php\/wp-json\/wp\/v2\/posts"}],"about":[{"href":"https:\/\/sp1.kielce.eu\/index.php\/wp-json\/wp\/v2\/types\/post"}],"author":[{"embeddable":true,"href":"https:\/\/sp1.kielce.eu\/index.php\/wp-json\/wp\/v2\/users\/5"}],"replies":[{"embeddable":true,"href":"https:\/\/sp1.kielce.eu\/index.php\/wp-json\/wp\/v2\/comments?post=20983"}],"version-history":[{"count":1,"href":"https:\/\/sp1.kielce.eu\/index.php\/wp-json\/wp\/v2\/posts\/20983\/revisions"}],"predecessor-version":[{"id":20985,"href":"https:\/\/sp1.kielce.eu\/index.php\/wp-json\/wp\/v2\/posts\/20983\/revisions\/20985"}],"wp:featuredmedia":[{"embeddable":true,"href":"https:\/\/sp1.kielce.eu\/index.php\/wp-json\/wp\/v2\/media\/20984"}],"wp:attachment":[{"href":"https:\/\/sp1.kielce.eu\/index.php\/wp-json\/wp\/v2\/media?parent=20983"}],"wp:term":[{"taxonomy":"category","embeddable":true,"href":"https:\/\/sp1.kielce.eu\/index.php\/wp-json\/wp\/v2\/categories?post=20983"},{"taxonomy":"post_tag","embeddable":true,"href":"https:\/\/sp1.kielce.eu\/index.php\/wp-json\/wp\/v2\/tags?post=20983"}],"curies":[{"name":"wp","href":"https:\/\/api.w.org\/{rel}","templated":true}]}}