{"id":20971,"date":"2022-02-14T08:40:00","date_gmt":"2022-02-14T07:40:00","guid":{"rendered":"http:\/\/sp1.kielce.eu\/?p=20971"},"modified":"2022-02-13T23:31:29","modified_gmt":"2022-02-13T22:31:29","slug":"najmlodsi-uczestnicy-akcji-caritas-serce-dla-hospicjum","status":"publish","type":"post","link":"https:\/\/sp1.kielce.eu\/index.php\/2022\/02\/14\/najmlodsi-uczestnicy-akcji-caritas-serce-dla-hospicjum\/","title":{"rendered":"Najm\u0142odsi uczestnicy akcji Caritas \u201eSERCE DLA HOSPICJUM\u201d"},"content":{"rendered":"\n<p>Najm\u0142odsi uczniowie naszej szko\u0142y, pod kierunkiem wychowawc\u00f3w oraz katechetki s.&nbsp;Faustyny Czajkowskiej, wzi\u0119li udzia\u0142 w&nbsp;akcji Caritas \u2013 \u201eSerce dla hospicjum\u201d. Dzieci z&nbsp;klas pierwszych, drugich i&nbsp;trzecich, przez ca\u0142y tydzie\u0144, przynosi\u0142y do szko\u0142y lizaki, cukierki, czekoladki i&nbsp;pierniki w&nbsp;kszta\u0142cie serduszek.<\/p>\n\n\n\n<p>Wyj\u0105tkow\u0105 pomys\u0142owo\u015bci\u0105 wykazali si\u0119 uczniowie klasy 1a, kt\u00f3rzy pod kierunkiem wychowawcy p.&nbsp;Andrzeja Pustu\u0142y, przy wsp\u00f3\u0142pracy z&nbsp;rodzicami, wykonali serduszkowe zawieszki, breloczki i&nbsp;pierniki.<\/p>\n\n\n\n<p>W pi\u0105tek Ma\u0142y Samorz\u0105d Uczniowski w&nbsp;sk\u0142adzie: Aleksander Kowalczyk 3b \u2013 przewodnicz\u0105cy, Filip \u0141abuz 2a \u2013 zast\u0119pca przewodnicz\u0105cego, Zofia So\u0142tysiak 2c \u2013 skarbnik \u2013 odwiedzi\u0142 ka\u017cd\u0105 klas\u0119 i&nbsp;zebra\u0142 przyniesione przez wszystkich dary.<\/p>\n\n\n\n<p>W przeprowadzeniu akcji wspiera\u0142a nas szkolna \u015bwietlica z&nbsp;pani\u0105 kierownik Agnieszk\u0105 Rycombel.<\/p>\n\n\n\n<p>Nie by\u0142oby \u201eSerc dla hospicjum\u201d gdyby nie ofiarno\u015b\u0107 kochanych rodzic\u00f3w naszych najm\u0142odszych uczni\u00f3w. Sk\u0142adamy im serdeczne podzi\u0119kowania i&nbsp;liczymy na dalsz\u0105 owocn\u0105 wsp\u00f3\u0142prac\u0119 \u2013 B\u00d3G ZAP\u0141A\u0106! &nbsp;\ud83d\ude42<\/p>\n\n\n\n<p class=\"has-text-align-right\">Wychowawcy klas 1-3 SP1 oraz s. F. Czajkowska<\/p>\n\n\n\n<figure class=\"wp-block-gallery columns-3 is-cropped wp-block-gallery-1 is-layout-flex wp-block-gallery-is-layout-flex\"><ul class=\"blocks-gallery-grid\"><li class=\"blocks-gallery-item\"><figure><a href=\"http:\/\/sp1.kielce.eu\/wp-content\/uploads\/2022\/02\/1a-Copy.jpg\"><img loading=\"lazy\" decoding=\"async\" width=\"1200\" height=\"900\" src=\"http:\/\/sp1.kielce.eu\/wp-content\/uploads\/2022\/02\/1a-Copy.jpg\" alt=\"\" data-id=\"20972\" data-full-url=\"http:\/\/sp1.kielce.eu\/wp-content\/uploads\/2022\/02\/1a-Copy.jpg\" data-link=\"http:\/\/sp1.kielce.eu\/?attachment_id=20972\" class=\"wp-image-20972\" srcset=\"https:\/\/sp1.kielce.eu\/wp-content\/uploads\/2022\/02\/1a-Copy.jpg 1200w, https:\/\/sp1.kielce.eu\/wp-content\/uploads\/2022\/02\/1a-Copy-300x225.jpg 300w, https:\/\/sp1.kielce.eu\/wp-content\/uploads\/2022\/02\/1a-Copy-768x576.jpg 768w, https:\/\/sp1.kielce.eu\/wp-content\/uploads\/2022\/02\/1a-Copy-820x615.jpg 820w\" sizes=\"auto, (max-width: 1200px) 100vw, 1200px\" \/><\/a><\/figure><\/li><li class=\"blocks-gallery-item\"><figure><a href=\"http:\/\/sp1.kielce.eu\/wp-content\/uploads\/2022\/02\/1b-Copy.jpg\"><img loading=\"lazy\" decoding=\"async\" width=\"1200\" height=\"900\" src=\"http:\/\/sp1.kielce.eu\/wp-content\/uploads\/2022\/02\/1b-Copy.jpg\" alt=\"\" data-id=\"20973\" data-full-url=\"http:\/\/sp1.kielce.eu\/wp-content\/uploads\/2022\/02\/1b-Copy.jpg\" data-link=\"http:\/\/sp1.kielce.eu\/?attachment_id=20973\" class=\"wp-image-20973\" srcset=\"https:\/\/sp1.kielce.eu\/wp-content\/uploads\/2022\/02\/1b-Copy.jpg 1200w, https:\/\/sp1.kielce.eu\/wp-content\/uploads\/2022\/02\/1b-Copy-300x225.jpg 300w, https:\/\/sp1.kielce.eu\/wp-content\/uploads\/2022\/02\/1b-Copy-768x576.jpg 768w, https:\/\/sp1.kielce.eu\/wp-content\/uploads\/2022\/02\/1b-Copy-820x615.jpg 820w\" sizes=\"auto, (max-width: 1200px) 100vw, 1200px\" \/><\/a><\/figure><\/li><li class=\"blocks-gallery-item\"><figure><a href=\"http:\/\/sp1.kielce.eu\/wp-content\/uploads\/2022\/02\/1c-Copy.jpg\"><img loading=\"lazy\" decoding=\"async\" width=\"1200\" height=\"900\" src=\"http:\/\/sp1.kielce.eu\/wp-content\/uploads\/2022\/02\/1c-Copy.jpg\" alt=\"\" data-id=\"20974\" data-full-url=\"http:\/\/sp1.kielce.eu\/wp-content\/uploads\/2022\/02\/1c-Copy.jpg\" data-link=\"http:\/\/sp1.kielce.eu\/?attachment_id=20974\" class=\"wp-image-20974\" srcset=\"https:\/\/sp1.kielce.eu\/wp-content\/uploads\/2022\/02\/1c-Copy.jpg 1200w, https:\/\/sp1.kielce.eu\/wp-content\/uploads\/2022\/02\/1c-Copy-300x225.jpg 300w, https:\/\/sp1.kielce.eu\/wp-content\/uploads\/2022\/02\/1c-Copy-768x576.jpg 768w, https:\/\/sp1.kielce.eu\/wp-content\/uploads\/2022\/02\/1c-Copy-820x615.jpg 820w\" sizes=\"auto, (max-width: 1200px) 100vw, 1200px\" \/><\/a><\/figure><\/li><li class=\"blocks-gallery-item\"><figure><a href=\"http:\/\/sp1.kielce.eu\/wp-content\/uploads\/2022\/02\/2a-Copy.jpg\"><img loading=\"lazy\" decoding=\"async\" width=\"1200\" height=\"900\" src=\"http:\/\/sp1.kielce.eu\/wp-content\/uploads\/2022\/02\/2a-Copy.jpg\" alt=\"\" data-id=\"20975\" data-full-url=\"http:\/\/sp1.kielce.eu\/wp-content\/uploads\/2022\/02\/2a-Copy.jpg\" data-link=\"http:\/\/sp1.kielce.eu\/?attachment_id=20975\" class=\"wp-image-20975\" srcset=\"https:\/\/sp1.kielce.eu\/wp-content\/uploads\/2022\/02\/2a-Copy.jpg 1200w, https:\/\/sp1.kielce.eu\/wp-content\/uploads\/2022\/02\/2a-Copy-300x225.jpg 300w, https:\/\/sp1.kielce.eu\/wp-content\/uploads\/2022\/02\/2a-Copy-768x576.jpg 768w, https:\/\/sp1.kielce.eu\/wp-content\/uploads\/2022\/02\/2a-Copy-820x615.jpg 820w\" sizes=\"auto, (max-width: 1200px) 100vw, 1200px\" \/><\/a><\/figure><\/li><li class=\"blocks-gallery-item\"><figure><a href=\"http:\/\/sp1.kielce.eu\/wp-content\/uploads\/2022\/02\/2b-Copy.jpg\"><img loading=\"lazy\" decoding=\"async\" width=\"1200\" height=\"786\" src=\"http:\/\/sp1.kielce.eu\/wp-content\/uploads\/2022\/02\/2b-Copy.jpg\" alt=\"\" data-id=\"20976\" data-full-url=\"http:\/\/sp1.kielce.eu\/wp-content\/uploads\/2022\/02\/2b-Copy.jpg\" data-link=\"http:\/\/sp1.kielce.eu\/?attachment_id=20976\" class=\"wp-image-20976\" srcset=\"https:\/\/sp1.kielce.eu\/wp-content\/uploads\/2022\/02\/2b-Copy.jpg 1200w, https:\/\/sp1.kielce.eu\/wp-content\/uploads\/2022\/02\/2b-Copy-300x197.jpg 300w, https:\/\/sp1.kielce.eu\/wp-content\/uploads\/2022\/02\/2b-Copy-768x503.jpg 768w, https:\/\/sp1.kielce.eu\/wp-content\/uploads\/2022\/02\/2b-Copy-820x537.jpg 820w\" sizes=\"auto, (max-width: 1200px) 100vw, 1200px\" \/><\/a><\/figure><\/li><li class=\"blocks-gallery-item\"><figure><a href=\"http:\/\/sp1.kielce.eu\/wp-content\/uploads\/2022\/02\/2c-Copy.jpg\"><img loading=\"lazy\" decoding=\"async\" width=\"1200\" height=\"900\" src=\"http:\/\/sp1.kielce.eu\/wp-content\/uploads\/2022\/02\/2c-Copy.jpg\" alt=\"\" data-id=\"20977\" data-full-url=\"http:\/\/sp1.kielce.eu\/wp-content\/uploads\/2022\/02\/2c-Copy.jpg\" data-link=\"http:\/\/sp1.kielce.eu\/?attachment_id=20977\" class=\"wp-image-20977\" srcset=\"https:\/\/sp1.kielce.eu\/wp-content\/uploads\/2022\/02\/2c-Copy.jpg 1200w, https:\/\/sp1.kielce.eu\/wp-content\/uploads\/2022\/02\/2c-Copy-300x225.jpg 300w, https:\/\/sp1.kielce.eu\/wp-content\/uploads\/2022\/02\/2c-Copy-768x576.jpg 768w, https:\/\/sp1.kielce.eu\/wp-content\/uploads\/2022\/02\/2c-Copy-820x615.jpg 820w\" sizes=\"auto, (max-width: 1200px) 100vw, 1200px\" \/><\/a><\/figure><\/li><li class=\"blocks-gallery-item\"><figure><a href=\"http:\/\/sp1.kielce.eu\/wp-content\/uploads\/2022\/02\/3b-Copy.jpg\"><img loading=\"lazy\" decoding=\"async\" width=\"1200\" height=\"900\" src=\"http:\/\/sp1.kielce.eu\/wp-content\/uploads\/2022\/02\/3b-Copy.jpg\" alt=\"\" data-id=\"20978\" data-full-url=\"http:\/\/sp1.kielce.eu\/wp-content\/uploads\/2022\/02\/3b-Copy.jpg\" data-link=\"http:\/\/sp1.kielce.eu\/?attachment_id=20978\" class=\"wp-image-20978\" srcset=\"https:\/\/sp1.kielce.eu\/wp-content\/uploads\/2022\/02\/3b-Copy.jpg 1200w, https:\/\/sp1.kielce.eu\/wp-content\/uploads\/2022\/02\/3b-Copy-300x225.jpg 300w, https:\/\/sp1.kielce.eu\/wp-content\/uploads\/2022\/02\/3b-Copy-768x576.jpg 768w, https:\/\/sp1.kielce.eu\/wp-content\/uploads\/2022\/02\/3b-Copy-820x615.jpg 820w\" sizes=\"auto, (max-width: 1200px) 100vw, 1200px\" \/><\/a><\/figure><\/li><\/ul><\/figure>\n","protected":false},"excerpt":{"rendered":"<p>Najm\u0142odsi uczniowie naszej szko\u0142y, pod kierunkiem wychowawc\u00f3w oraz katechetki s.&nbsp;Faustyny Czajkowskiej, wzi\u0119li udzia\u0142 w&nbsp;akcji Caritas [&hellip;]<\/p>\n","protected":false},"author":13,"featured_media":20979,"comment_status":"closed","ping_status":"open","sticky":false,"template":"","format":"standard","meta":{"footnotes":""},"categories":[163,23],"tags":[],"class_list":["post-20971","post","type-post","status-publish","format-standard","has-post-thumbnail","hentry","category-skw","category-charytatywne"],"_links":{"self":[{"href":"https:\/\/sp1.kielce.eu\/index.php\/wp-json\/wp\/v2\/posts\/20971","targetHints":{"allow":["GET"]}}],"collection":[{"href":"https:\/\/sp1.kielce.eu\/index.php\/wp-json\/wp\/v2\/posts"}],"about":[{"href":"https:\/\/sp1.kielce.eu\/index.php\/wp-json\/wp\/v2\/types\/post"}],"author":[{"embeddable":true,"href":"https:\/\/sp1.kielce.eu\/index.php\/wp-json\/wp\/v2\/users\/13"}],"replies":[{"embeddable":true,"href":"https:\/\/sp1.kielce.eu\/index.php\/wp-json\/wp\/v2\/comments?post=20971"}],"version-history":[{"count":2,"href":"https:\/\/sp1.kielce.eu\/index.php\/wp-json\/wp\/v2\/posts\/20971\/revisions"}],"predecessor-version":[{"id":20981,"href":"https:\/\/sp1.kielce.eu\/index.php\/wp-json\/wp\/v2\/posts\/20971\/revisions\/20981"}],"wp:featuredmedia":[{"embeddable":true,"href":"https:\/\/sp1.kielce.eu\/index.php\/wp-json\/wp\/v2\/media\/20979"}],"wp:attachment":[{"href":"https:\/\/sp1.kielce.eu\/index.php\/wp-json\/wp\/v2\/media?parent=20971"}],"wp:term":[{"taxonomy":"category","embeddable":true,"href":"https:\/\/sp1.kielce.eu\/index.php\/wp-json\/wp\/v2\/categories?post=20971"},{"taxonomy":"post_tag","embeddable":true,"href":"https:\/\/sp1.kielce.eu\/index.php\/wp-json\/wp\/v2\/tags?post=20971"}],"curies":[{"name":"wp","href":"https:\/\/api.w.org\/{rel}","templated":true}]}}