{"id":20968,"date":"2022-02-14T08:00:00","date_gmt":"2022-02-14T07:00:00","guid":{"rendered":"http:\/\/sp1.kielce.eu\/?p=20968"},"modified":"2022-02-13T23:27:43","modified_gmt":"2022-02-13T22:27:43","slug":"rekrutacja-do-publicznych-przedszkoli-i-oddzialow-przedszkolnych-w-publicznych-szkolach-podstawowych-na-terenie-miasta-kielce-na-rok-szkolny-2022-2023","status":"publish","type":"post","link":"https:\/\/sp1.kielce.eu\/index.php\/2022\/02\/14\/rekrutacja-do-publicznych-przedszkoli-i-oddzialow-przedszkolnych-w-publicznych-szkolach-podstawowych-na-terenie-miasta-kielce-na-rok-szkolny-2022-2023\/","title":{"rendered":"Rekrutacja do publicznych przedszkoli i oddzia\u0142\u00f3w przedszkolnych w publicznych szko\u0142ach podstawowych na terenie Miasta Kielce na rok szkolny 2022\/2023"},"content":{"rendered":"\n<p>Harmonogram<\/p>\n\n\n\n<p><strong>07.03.2022 r. \u2013 11.03.2022 r. do godz. 15:00<\/strong> \u2013 odbywa si\u0119 potwierdzanie woli przez rodzic\u00f3w dzieci, ju\u017c ucz\u0119szczaj\u0105cych do przedszkola, o dalszym korzystaniu z&nbsp;us\u0142ug tej samej jednostki.<br><br><strong>14.03.2022 r. \u2013 22.03.2022 r. do godz. 15:00<\/strong> \u2013 przyjmowanie poda\u0144 od rodzic\u00f3w po raz pierwszy zapisuj\u0105cych dziecko do danego przedszkola\/szko\u0142y. Dane dziecka nale\u017cy wprowadzi\u0107 do systemu za pomoc\u0105 Internetu wype\u0142niaj\u0105c umieszczony na stronie &nbsp;<a href=\"http:\/\/kielce.formico.pl\">http:\/\/kielce.formico.pl<\/a> (<strong>logowanie si\u0119 na stronie mo\u017cliwe b\u0119dzie od&nbsp; 14.03.2022r. do&nbsp; 22.03.2022r<\/strong>.) wniosek, kt\u00f3ry po wype\u0142nieniu nale\u017cy wydrukowa\u0107 i&nbsp;dostarczy\u0107 do plac\u00f3wki, <strong>kt\u00f3ra zosta\u0142a wybrana na pierwszej pozycji<\/strong>, w&nbsp;celu zatwierdzenia. Wniosek b\u0119dzie mo\u017cna r\u00f3wnie\u017c z\u0142o\u017cy\u0107, podpisuj\u0105c go w systemie przez profil zaufany (w&nbsp;takim przypadku nie b\u0119dzie ju\u017c potrzeby osobistego dostarczania wniosku), a&nbsp;tak\u017ce wysy\u0142aj\u0105c na email plac\u00f3wki pierwszego wyboru skan podpisanego wniosku i&nbsp;o\u015bwiadcze\u0144.<\/p>\n\n\n\n<p>Zgodnie z&nbsp;uchwa\u0142\u0105 nr&nbsp;VII\/78\/2019 Rady Miasta Kielce z&nbsp;dnia 21 lutego 2019r., rodzic mo\u017ce wybra\u0107 <strong>dowoln\u0105 liczb\u0119 plac\u00f3wek<\/strong>.<br><br><strong>11.04.2022 r. do godziny 15:00<\/strong> \u2013 podanie do publicznej wiadomo\u015bci (<strong>poprzez wywieszenie list w&nbsp;plac\u00f3wkach, a&nbsp;tak\u017ce po zalogowaniu si\u0119 na swoje konto w&nbsp;systemie)<\/strong> listy kandydat\u00f3w zakwalifikowanych i&nbsp;kandydat\u00f3w niezakwalifikowanych<br><br><strong>11.04.2022 r. \u2013 20.04.2022 r. do godziny 15:00<\/strong> \u2013 potwierdzanie przez rodzic\u00f3w dzieci nowoprzyj\u0119tych woli korzystania z&nbsp;us\u0142ug danej plac\u00f3wki, do kt\u00f3rej zakwalifikowa\u0142o si\u0119 dziecko.<\/p>\n\n\n\n<p>Brak z\u0142o\u017cenia takiego potwierdzenia b\u0119dzie skutkowa\u0142 nieprzyj\u0119ciem dziecka do danej plac\u00f3wki.<\/p>\n\n\n\n<p><strong>21.04.2022 r. do godziny 12:00<\/strong> \u2013 podanie do publicznej widomo\u015bci (poprzez wywieszenie list w&nbsp;plac\u00f3wkach) listy kandydat\u00f3w przyj\u0119tych i&nbsp;kandydat\u00f3w nieprzyj\u0119tych do danej plac\u00f3wki.<\/p>\n\n\n\n<p><strong>NAB\u00d3R UZUPE\u0141NIAJ\u0104CY<\/strong><\/p>\n\n\n\n<p><strong>09.05.2022-13.05.2022. do godz. 15:00<\/strong> \u2013 przyjmowanie poda\u0144<\/p>\n\n\n\n<p><strong>24.05.2022. do godz. 15:00<\/strong> \u2013 wywieszenie list zakwalifikowanych<\/p>\n\n\n\n<p><strong>do 31.05.2022. do godz. 15:00<\/strong> \u2013 potwierdzanie przez rodzic\u00f3w dzieci nowoprzyj\u0119tych woli korzystania z&nbsp;us\u0142ug przedszkola<\/p>\n\n\n\n<p><strong>02.06.2022. do godz. 12:00<\/strong> \u2013 og\u0142oszenie list dzieci przyj\u0119tych do przedszkola<\/p>\n\n\n\n<p>Zgodnie z&nbsp;ustaw\u0105 prawo o\u015bwiatowe (art. 131), do publicznego przedszkola, oddzia\u0142u przedszkolnego w&nbsp;szkole podstawowej lub publicznej innej formy wychowania przedszkolnego, przyjmuje si\u0119 kandydat\u00f3w zamieszka\u0142ych na obszarze danej gminy. Zgodnie z&nbsp;ustaw\u0105 o&nbsp;ewidencji ludno\u015bci &#8211; Obywatel polski przebywaj\u0105cy na terytorium Rzeczypospolitej Polskiej jest obowi\u0105zany wykonywa\u0107 <strong>obowi\u0105zek meldunkowy<\/strong> polegaj\u0105cy na zameldowaniu si\u0119 \u2013 zgodnie z&nbsp;rodzajem pobytu w&nbsp;danym miejscu \u2013 na pobyt sta\u0142y b\u0105d\u017a czasowy.<\/p>\n\n\n\n<p>Kandydaci zamieszkali poza obszarem danej gminy mog\u0105 by\u0107 przyj\u0119cia do publicznego lub oddzia\u0142u przedszkolnego w&nbsp;publicznej szkole podstawowej na terenie danej gminy, je\u017celi po przeprowadzeniu post\u0119powania rekrutacyjnego gmina dysponuje nadal wolnymi miejscami.<\/p>\n\n\n\n<p>W post\u0119powaniu rekrutacyjnym do publicznych przedszkoli i&nbsp;oddzia\u0142\u00f3w przedszkolnych w&nbsp;publicznych szko\u0142ach podstawowych na rok szkolny 2022\/2023 obowi\u0105zuj\u0105:<\/p>\n\n\n\n<ul class=\"wp-block-list\"><li>\u00ad&nbsp;&nbsp;&nbsp;kryteria okre\u015blone w&nbsp;ustawie prawo o\u015bwiatowe tzw. kryteria ustawowe,<\/li><li>\u00ad&nbsp;&nbsp;&nbsp;kryteria ustalone przez Rad\u0119 Miasta Kielce uchwa\u0142\u0105 nr&nbsp;XLIX\/1107\/2017 z&nbsp;dnia 7&nbsp;grudnia 2017r. oraz uchwa\u0142\u0105 nr&nbsp;XXV\/454\/2020 z&nbsp;dnia 16 stycznia 2020r.<\/li><\/ul>\n\n\n\n<p><a href=\"http:\/\/sp1.kielce.eu\/wp-content\/uploads\/2022\/02\/Komunikat-na-strone-2022.pdf\">Komunikat \u2013 rekrutacja \u2013 kryteria<\/a><\/p>\n","protected":false},"excerpt":{"rendered":"<p>Harmonogram 07.03.2022 r. \u2013 11.03.2022 r. do godz. 15:00 \u2013 odbywa si\u0119 potwierdzanie woli przez [&hellip;]<\/p>\n","protected":false},"author":13,"featured_media":1790,"comment_status":"closed","ping_status":"open","sticky":false,"template":"","format":"standard","meta":{"footnotes":""},"categories":[1],"tags":[],"class_list":["post-20968","post","type-post","status-publish","format-standard","has-post-thumbnail","hentry","category-bez-kategorii"],"_links":{"self":[{"href":"https:\/\/sp1.kielce.eu\/index.php\/wp-json\/wp\/v2\/posts\/20968","targetHints":{"allow":["GET"]}}],"collection":[{"href":"https:\/\/sp1.kielce.eu\/index.php\/wp-json\/wp\/v2\/posts"}],"about":[{"href":"https:\/\/sp1.kielce.eu\/index.php\/wp-json\/wp\/v2\/types\/post"}],"author":[{"embeddable":true,"href":"https:\/\/sp1.kielce.eu\/index.php\/wp-json\/wp\/v2\/users\/13"}],"replies":[{"embeddable":true,"href":"https:\/\/sp1.kielce.eu\/index.php\/wp-json\/wp\/v2\/comments?post=20968"}],"version-history":[{"count":2,"href":"https:\/\/sp1.kielce.eu\/index.php\/wp-json\/wp\/v2\/posts\/20968\/revisions"}],"predecessor-version":[{"id":20970,"href":"https:\/\/sp1.kielce.eu\/index.php\/wp-json\/wp\/v2\/posts\/20968\/revisions\/20970"}],"wp:featuredmedia":[{"embeddable":true,"href":"https:\/\/sp1.kielce.eu\/index.php\/wp-json\/wp\/v2\/media\/1790"}],"wp:attachment":[{"href":"https:\/\/sp1.kielce.eu\/index.php\/wp-json\/wp\/v2\/media?parent=20968"}],"wp:term":[{"taxonomy":"category","embeddable":true,"href":"https:\/\/sp1.kielce.eu\/index.php\/wp-json\/wp\/v2\/categories?post=20968"},{"taxonomy":"post_tag","embeddable":true,"href":"https:\/\/sp1.kielce.eu\/index.php\/wp-json\/wp\/v2\/tags?post=20968"}],"curies":[{"name":"wp","href":"https:\/\/api.w.org\/{rel}","templated":true}]}}