{"id":20957,"date":"2022-02-11T18:03:31","date_gmt":"2022-02-11T17:03:31","guid":{"rendered":"http:\/\/sp1.kielce.eu\/?p=20957"},"modified":"2022-02-11T18:03:31","modified_gmt":"2022-02-11T17:03:31","slug":"iii-final-konkursu-konstruowanie-przez-kodowanie-z-jedynka","status":"publish","type":"post","link":"https:\/\/sp1.kielce.eu\/index.php\/2022\/02\/11\/iii-final-konkursu-konstruowanie-przez-kodowanie-z-jedynka\/","title":{"rendered":"III fina\u0142 Konkursu \u201eKonstruowanie przez kodowanie z Jedynk\u0105&#8221;"},"content":{"rendered":"\n<p>11.02.2022r. w&nbsp;Szkole Podstawowej nr&nbsp;1 w&nbsp;Kielcach odby\u0142 si\u0119 fina\u0142 III&nbsp;edycji Szkolno-Przedszkolnego Konkursu Techniczno-Informatycznego \u201eKonstruowanie przez kodowanie z&nbsp;Jedynk\u0105\u201d.<\/p>\n\n\n\n<p>Mi\u0142o nam, \u017ce konkurs cieszy si\u0119 nies\u0142abn\u0105c\u0105 popularno\u015bci\u0105. Z&nbsp;roku na rok, w&nbsp;konkursie bierze udzia\u0142 coraz wi\u0119cej uczestnik\u00f3w \u2013 w&nbsp;tej edycji z&nbsp;15 kieleckich przedszkoli. Ka\u017cde dziecko bior\u0105ce udzia\u0142 w&nbsp;konkursie otrzymuje dyplom, medal oraz upominki, a&nbsp;zwyci\u0119zcy \u2013 puchary.<\/p>\n\n\n\n<p>Zapraszamy do obejrzenia wideorelacji. Fina\u0142 poprowadzi\u0142y: Dyrektor SP\u00a01 \u017baneta Szczepaniak oraz nauczycielka edukacji wczesnoszkolnej pani Marta Okopie\u0144.<\/p>\n\n\n\n<figure class=\"wp-block-embed is-type-video is-provider-youtube wp-block-embed-youtube wp-embed-aspect-16-9 wp-has-aspect-ratio\"><div class=\"wp-block-embed__wrapper\">\n<iframe loading=\"lazy\" title=\"KONKURS KONSTRUOWANIE PRZEZ KODOWANIE Z JEDYNK\u0104\" width=\"1160\" height=\"653\" src=\"https:\/\/www.youtube.com\/embed\/MYiQhnk-Kss?feature=oembed\" frameborder=\"0\" allow=\"accelerometer; autoplay; clipboard-write; encrypted-media; gyroscope; picture-in-picture\" allowfullscreen><\/iframe>\n<\/div><\/figure>\n\n\n\n<p>Szanowne Jury, a&nbsp;jednocze\u015bnie sponsorzy wszystkich nagr\u00f3d w&nbsp;konkursie to:<\/p>\n\n\n\n<ul class=\"wp-block-list\"><li><strong>Pani Beata Szczepanek<\/strong> \u2013 Rzecznik Prasowy oraz <strong>Pani<\/strong> <strong>Marzena Nosek<\/strong> ze&nbsp;\u015awi\u0119tokrzyskiego Oddzia\u0142u Wojew\u00f3dzkiego NFZ<\/li><li><strong>Pani Justyna Lichosik <\/strong>\u2013 Dyrektor Kieleckiego Parku Technologicznego<\/li><li><strong>Prof. Artur Maci\u0105g<\/strong> \u2013 prorektor do spraw studenckich i dydaktycznych Politechniki \u015awi\u0119tokrzyskiej<\/li><li><strong>Pani Agnieszka Duda<\/strong> \u2013 Dyrektor Dzieci\u0119cej Politechniki \u015awi\u0119tokrzyskiej<\/li><li><strong>Pani Kamila Nowak <\/strong>\u2013 z Kieleckiej Stra\u017cy Miejskiej<\/li><li>Wydawnictwo MAC S.A.<\/li><li>Rada Rodzic\u00f3w przy Szkole Podstawowej nr&nbsp;1 im.&nbsp;Stanis\u0142awa Staszica w&nbsp;Kielcach<\/li><\/ul>\n\n\n\n<p>Patronat medialny:<\/p>\n\n\n\n<ul class=\"wp-block-list\"><li>Echo Dnia<\/li><li>Radio Kielce<\/li><\/ul>\n\n\n\n<p>Podczas obrad Jury, komisja wy\u0142oni\u0142a 11 prac konkursowych, wyr\u00f3\u017cniaj\u0105cych si\u0119: jako\u015bci\u0105 wykonania, oryginalno\u015bci\u0105 i&nbsp;pomys\u0142owo\u015bci\u0105 oraz estetyk\u0105 wykonanych prac.<\/p>\n\n\n\n<p>Decyzj\u0105 Jury <strong>wyr\u00f3\u017cnienia<\/strong> w&nbsp;konkursie otrzymali:<strong>&nbsp;<\/strong><\/p>\n\n\n\n<ul class=\"wp-block-list\"><li><strong>Maksym Karbowniak<\/strong> z&nbsp;Niepublicznego Przedszkola o&nbsp;Profilu Angielskim \u201eBaby Home\u201d w&nbsp;Kielcach<\/li><li><strong>Szymon Kwiatek<\/strong> z Niepublicznego Przedszkola \u201eRadosna Kraina\u201d w&nbsp;Kielcach<\/li><li><strong>Alicja Misiak<\/strong> z Integracyjnego Przedszkola Samorz\u0105dowego nr 8 w&nbsp;Kielcach<\/li><li><strong>Jagoda Sa\u0142ek<\/strong> z Przedszkola Samorz\u0105dowego nr 18 w&nbsp;Kielcach<\/li><li><strong>Jakub Ludwicki<\/strong> z Przedszkola Samorz\u0105dowego nr 23 w&nbsp;Kielcach<\/li><li><strong>Micha\u0142 Bochnak<\/strong> z Przedszkola Samorz\u0105dowego nr 33 w&nbsp;Kielcach<\/li><li><strong>Franciszek Gadawski<\/strong> z Przedszkola Samorz\u0105dowego nr&nbsp;34 w&nbsp;Kielcach<\/li><li><strong>Alan Smelcerz<\/strong> z Przedszkola Samorz\u0105dowego nr 36 w&nbsp;Kielcach<\/li><\/ul>\n\n\n\n<p><strong>III miejsce<\/strong> <br><strong>Tymoteusz Martynowicz <\/strong>z\u00a0Integracyjnego Przedszkola Samorz\u0105dowego nr 27 w\u00a0Kielcach<\/p>\n\n\n\n<p><strong>II miejsce<\/strong> <br><strong>Karol Paukszte\u0142\u0142o <\/strong>z Przedszkola Samorz\u0105dowego nr 5 w\u00a0Kielcach<\/p>\n\n\n\n<p><strong>I miejsce<\/strong> <br><strong>Anna Wolniarska <\/strong>z Przedszkola Samorz\u0105dowego nr 33 w\u00a0Kielcach<\/p>\n\n\n\n<p>Serdecznie dzi\u0119kujemy za udzia\u0142 w&nbsp;konkursie wszystkim dzieciom i&nbsp;ich opiekunom.<\/p>\n\n\n\n<p>Dzi\u0119kujemy szanownemu jury za zaanga\u017cowanie, wsparcie oraz za pomoc w\u00a0organizacji III\u00a0Edycji Szkolno-Przedszkolnego Konkursu Techniczno-Informatycznego \u201eKonstruowanie przez kodowanie z\u00a0Jedynk\u0105\u201d.<\/p>\n\n\n\n<p class=\"has-text-align-center\">Zapraszamy do udzia\u0142u w&nbsp;kolejnej edycji naszego konkursu w&nbsp;przysz\u0142ym roku szkolnym.<\/p>\n\n\n\n<p>W uk\u0142adzie choreograficznym pod tytu\u0142em \u201eThe Machine\u201d wyst\u0105pi\u0142y uczennice z&nbsp;SP&nbsp;1 \u201eMa\u0142e Formy Artystyczne\u201d, opiekunowie: pani Marta Wi\u0119ckowska i&nbsp;Ewa Nowak<\/p>\n\n\n\n<p>Przygotowanie wideorelacji \u2013 Pani Marta Wi\u0119ckowska i&nbsp;Emilia Orkisz<\/p>\n\n\n\n<p class=\"has-text-align-right\">Organizatorzy: <br>Marta Okopie\u0144 <br>El\u017cbieta Lis <br>Marta Pawlak <br>Iwona Ko\u015bcielecka<\/p>\n","protected":false},"excerpt":{"rendered":"<p>11.02.2022r. w&nbsp;Szkole Podstawowej nr&nbsp;1 w&nbsp;Kielcach odby\u0142 si\u0119 fina\u0142 III&nbsp;edycji Szkolno-Przedszkolnego Konkursu Techniczno-Informatycznego \u201eKonstruowanie przez kodowanie [&hellip;]<\/p>\n","protected":false},"author":13,"featured_media":20958,"comment_status":"closed","ping_status":"open","sticky":false,"template":"","format":"standard","meta":{"footnotes":""},"categories":[36,21],"tags":[],"class_list":["post-20957","post","type-post","status-publish","format-standard","has-post-thumbnail","hentry","category-wydarzenia","category-konkursy"],"_links":{"self":[{"href":"https:\/\/sp1.kielce.eu\/index.php\/wp-json\/wp\/v2\/posts\/20957","targetHints":{"allow":["GET"]}}],"collection":[{"href":"https:\/\/sp1.kielce.eu\/index.php\/wp-json\/wp\/v2\/posts"}],"about":[{"href":"https:\/\/sp1.kielce.eu\/index.php\/wp-json\/wp\/v2\/types\/post"}],"author":[{"embeddable":true,"href":"https:\/\/sp1.kielce.eu\/index.php\/wp-json\/wp\/v2\/users\/13"}],"replies":[{"embeddable":true,"href":"https:\/\/sp1.kielce.eu\/index.php\/wp-json\/wp\/v2\/comments?post=20957"}],"version-history":[{"count":4,"href":"https:\/\/sp1.kielce.eu\/index.php\/wp-json\/wp\/v2\/posts\/20957\/revisions"}],"predecessor-version":[{"id":20962,"href":"https:\/\/sp1.kielce.eu\/index.php\/wp-json\/wp\/v2\/posts\/20957\/revisions\/20962"}],"wp:featuredmedia":[{"embeddable":true,"href":"https:\/\/sp1.kielce.eu\/index.php\/wp-json\/wp\/v2\/media\/20958"}],"wp:attachment":[{"href":"https:\/\/sp1.kielce.eu\/index.php\/wp-json\/wp\/v2\/media?parent=20957"}],"wp:term":[{"taxonomy":"category","embeddable":true,"href":"https:\/\/sp1.kielce.eu\/index.php\/wp-json\/wp\/v2\/categories?post=20957"},{"taxonomy":"post_tag","embeddable":true,"href":"https:\/\/sp1.kielce.eu\/index.php\/wp-json\/wp\/v2\/tags?post=20957"}],"curies":[{"name":"wp","href":"https:\/\/api.w.org\/{rel}","templated":true}]}}