{"id":20927,"date":"2022-02-03T08:26:11","date_gmt":"2022-02-03T07:26:11","guid":{"rendered":"http:\/\/sp1.kielce.eu\/?p=20927"},"modified":"2022-02-03T08:26:11","modified_gmt":"2022-02-03T07:26:11","slug":"uwaga-uczniowie-klas-viii-oraz-rodzice-uczniow-wazne-informacje-dotyczace-rekrutacji-do-szkol-ponadpodstawowych","status":"publish","type":"post","link":"https:\/\/sp1.kielce.eu\/index.php\/2022\/02\/03\/uwaga-uczniowie-klas-viii-oraz-rodzice-uczniow-wazne-informacje-dotyczace-rekrutacji-do-szkol-ponadpodstawowych\/","title":{"rendered":"Uwaga &#8211; Uczniowie klas VIII oraz Rodzice Uczni\u00f3w \u2013 WA\u017bNE informacje dotycz\u0105ce REKRUTACJI do szk\u00f3\u0142 ponadpodstawowych"},"content":{"rendered":"\n<p><\/p>\n\n\n\n<h1 class=\"wp-block-heading\">Kuratorium O\u015bwiaty w Kielcach informuje o terminach przeprowadzania post\u0119powania rekrutacyjnego i post\u0119powania uzupe\u0142niaj\u0105cego do szk\u00f3\u0142 ponadpodstawowych na rok szkolny 2022\/2023. Wszystkie niezb\u0119dne informacje znajduj\u0105 si\u0119&nbsp; w poni\u017cszym linku:<\/h1>\n\n\n\n<p><a href=\"https:\/\/kuratorium.kielce.pl\/wp-content\/uploads\/2022\/01\/zarza%CC%A8dzenie-nr-5.2022-w-sprawie-okres%CC%81lenia-termino%CC%81w-przeprowadzania-poste%CC%A8powania-rekrutacyjnego-i-poste%CC%A8powania-uzupelniaja%CC%A8cego.pdf\">https:\/\/kuratorium.kielce.pl\/wp-content\/uploads\/2022\/01\/zarza%CC%A8dzenie-nr-5.2022-w-sprawie-okres%CC%81lenia-termino%CC%81w-przeprowadzania-poste%CC%A8powania-rekrutacyjnego-i-poste%CC%A8powania-uzupelniaja%CC%A8cego.pdf<\/a><\/p>\n\n\n\n<p>&nbsp;&nbsp;&nbsp;&nbsp;&nbsp;&nbsp;&nbsp;&nbsp;&nbsp;&nbsp;&nbsp;&nbsp;&nbsp;&nbsp;&nbsp;&nbsp;&nbsp;&nbsp;&nbsp;&nbsp;&nbsp;&nbsp;&nbsp;&nbsp;&nbsp;&nbsp;&nbsp;&nbsp;&nbsp;&nbsp;&nbsp;&nbsp;&nbsp;&nbsp;&nbsp;&nbsp;&nbsp;&nbsp;&nbsp;&nbsp;&nbsp;&nbsp;&nbsp;&nbsp;&nbsp;&nbsp;&nbsp;&nbsp;&nbsp;&nbsp;&nbsp;&nbsp;&nbsp;&nbsp;&nbsp;&nbsp;&nbsp;&nbsp;&nbsp;&nbsp;&nbsp;&nbsp;&nbsp;&nbsp;&nbsp;&nbsp;&nbsp;&nbsp;&nbsp;&nbsp;&nbsp;&nbsp;&nbsp;&nbsp;&nbsp;&nbsp;&nbsp;&nbsp;&nbsp;&nbsp;&nbsp;&nbsp;&nbsp;&nbsp;&nbsp;&nbsp;&nbsp;&nbsp;&nbsp;&nbsp;&nbsp;&nbsp;&nbsp;&nbsp;&nbsp;&nbsp;&nbsp;&nbsp;&nbsp;&nbsp;&nbsp;&nbsp;&nbsp;&nbsp;&nbsp; Beata Smag\u00f3r \u2013 pedagog szkolny<\/p>\n","protected":false},"excerpt":{"rendered":"<p>Kuratorium O\u015bwiaty w Kielcach informuje o terminach przeprowadzania post\u0119powania rekrutacyjnego i post\u0119powania uzupe\u0142niaj\u0105cego do szk\u00f3\u0142 [&hellip;]<\/p>\n","protected":false},"author":5,"featured_media":20928,"comment_status":"closed","ping_status":"open","sticky":false,"template":"","format":"standard","meta":{"footnotes":""},"categories":[143],"tags":[],"class_list":["post-20927","post","type-post","status-publish","format-standard","has-post-thumbnail","hentry","category-dorzaw"],"_links":{"self":[{"href":"https:\/\/sp1.kielce.eu\/index.php\/wp-json\/wp\/v2\/posts\/20927","targetHints":{"allow":["GET"]}}],"collection":[{"href":"https:\/\/sp1.kielce.eu\/index.php\/wp-json\/wp\/v2\/posts"}],"about":[{"href":"https:\/\/sp1.kielce.eu\/index.php\/wp-json\/wp\/v2\/types\/post"}],"author":[{"embeddable":true,"href":"https:\/\/sp1.kielce.eu\/index.php\/wp-json\/wp\/v2\/users\/5"}],"replies":[{"embeddable":true,"href":"https:\/\/sp1.kielce.eu\/index.php\/wp-json\/wp\/v2\/comments?post=20927"}],"version-history":[{"count":2,"href":"https:\/\/sp1.kielce.eu\/index.php\/wp-json\/wp\/v2\/posts\/20927\/revisions"}],"predecessor-version":[{"id":20930,"href":"https:\/\/sp1.kielce.eu\/index.php\/wp-json\/wp\/v2\/posts\/20927\/revisions\/20930"}],"wp:featuredmedia":[{"embeddable":true,"href":"https:\/\/sp1.kielce.eu\/index.php\/wp-json\/wp\/v2\/media\/20928"}],"wp:attachment":[{"href":"https:\/\/sp1.kielce.eu\/index.php\/wp-json\/wp\/v2\/media?parent=20927"}],"wp:term":[{"taxonomy":"category","embeddable":true,"href":"https:\/\/sp1.kielce.eu\/index.php\/wp-json\/wp\/v2\/categories?post=20927"},{"taxonomy":"post_tag","embeddable":true,"href":"https:\/\/sp1.kielce.eu\/index.php\/wp-json\/wp\/v2\/tags?post=20927"}],"curies":[{"name":"wp","href":"https:\/\/api.w.org\/{rel}","templated":true}]}}