{"id":20886,"date":"2022-01-30T22:18:17","date_gmt":"2022-01-30T21:18:17","guid":{"rendered":"http:\/\/sp1.kielce.eu\/?p=20886"},"modified":"2022-01-30T22:18:17","modified_gmt":"2022-01-30T21:18:17","slug":"realizujemy-ogolnopolski-projekt-misje-z-pasja-pozdrowienia-z-kamerunu","status":"publish","type":"post","link":"https:\/\/sp1.kielce.eu\/index.php\/2022\/01\/30\/realizujemy-ogolnopolski-projekt-misje-z-pasja-pozdrowienia-z-kamerunu\/","title":{"rendered":"Realizujemy Og\u00f3lnopolski Projekt \u2013 \u201eMisje z Pasj\u0105\u201d POZDROWIENIA Z KAMERUNU"},"content":{"rendered":"\n<p>Od pocz\u0105tku wrze\u015bnia bie\u017c\u0105cego roku szkolnego realizujemy Og\u00f3lnopolski Projekt \u2013 \u201eMisje z&nbsp;Pasj\u0105\u201d.<\/p>\n\n\n\n<p>Na miar\u0119 naszych mo\u017cliwo\u015bci pragniemy poznawa\u0107, odkrywa\u0107, nie\u015b\u0107 pomoc, pok\u00f3j i&nbsp;dobro. Chcemy pomaga\u0107 z&nbsp;mi\u0142o\u015bci\u0105, z&nbsp;rado\u015bci\u0105 i&nbsp;z&nbsp;pasj\u0105!<\/p>\n\n\n\n<p>Celem projektu jest rozwijanie w\u00a0uczniach wra\u017cliwo\u015bci i\u00a0budzenie ducha solidarno\u015bci z\u00a0dzie\u0107mi i\u00a0m\u0142odzie\u017c\u0105 w\u00a0najubo\u017cszych krajach \u015bwiata, integracja uczni\u00f3w wok\u00f3\u0142 idei otwarto\u015bci na inne kultury i\u00a0tolerancji, motywowanie spo\u0142eczno\u015bci szko\u0142y do podejmowania r\u00f3\u017cnorodnych inicjatyw misyjnych, poznanie rzeczywisto\u015bci misyjnej i\u00a0pracy polskich misjonarzy, wzbogacanie i\u00a0rozwijanie umiej\u0119tno\u015bci j\u0119zykowych uczni\u00f3w, rozwijanie kompetencji kluczowych, kreatywno\u015bci, tw\u00f3rczo\u015bci i\u00a0wra\u017cliwo\u015bci artystycznej.<\/p>\n\n\n\n<p>W&nbsp;ramach projektu zrealizowali\u015bmy nast\u0119puj\u0105ce dzia\u0142ania: pog\u0142\u0119bianie wiedzy i&nbsp;formacji pasyjnej, utrzymywanie kontaktu z&nbsp;plac\u00f3wk\u0105 misyjn\u0105 w&nbsp;Nd\u00e9l\u00e9l\u00e9 w&nbsp;Kamerunie, prowadzenie zaj\u0119\u0107 edukacyjnych i&nbsp;katechezy w&nbsp;klasach 1-8, przygotowanie wystawy prac plastycznych \u201eKrajobrazy Afryki, wsp\u00f3\u0142redagowanie gazetki parafialnej <em>W&nbsp;Rodzinie J\u00f3zefa, <\/em>Kiermasz Misyjny i&nbsp;akcja promocyjna szko\u0142y.<\/p>\n\n\n\n<p>Projekt b\u0119dzie kontynuowany w&nbsp;drugim semestrze roku szkolnego 2021\/2022.<\/p>\n\n\n\n<p>W ostatnim czasie otrzymali\u015bmy podzi\u0119kowania i\u00a0pozdrowienia z Kamerunu! \ud83d\ude42<\/p>\n\n\n\n<figure class=\"wp-block-embed is-type-video is-provider-youtube wp-block-embed-youtube wp-embed-aspect-16-9 wp-has-aspect-ratio\"><div class=\"wp-block-embed__wrapper\">\n<iframe loading=\"lazy\" title=\"Podzi\u0119kowania z Kamerunu\" width=\"1160\" height=\"653\" src=\"https:\/\/www.youtube.com\/embed\/JusinWFZXfo?feature=oembed\" frameborder=\"0\" allow=\"accelerometer; autoplay; clipboard-write; encrypted-media; gyroscope; picture-in-picture\" allowfullscreen><\/iframe>\n<\/div><\/figure>\n\n\n\n<p class=\"has-text-align-right\"><em>Wychowawcy klas 1-3 oraz Katecheci SP1<\/em><\/p>\n\n\n\n<p class=\"has-text-align-right\"><\/p>\n","protected":false},"excerpt":{"rendered":"<p>Od pocz\u0105tku wrze\u015bnia bie\u017c\u0105cego roku szkolnego realizujemy Og\u00f3lnopolski Projekt \u2013 \u201eMisje z&nbsp;Pasj\u0105\u201d. Na miar\u0119 naszych [&hellip;]<\/p>\n","protected":false},"author":13,"featured_media":20888,"comment_status":"closed","ping_status":"open","sticky":false,"template":"","format":"standard","meta":{"footnotes":""},"categories":[36],"tags":[],"class_list":["post-20886","post","type-post","status-publish","format-standard","has-post-thumbnail","hentry","category-wydarzenia"],"_links":{"self":[{"href":"https:\/\/sp1.kielce.eu\/index.php\/wp-json\/wp\/v2\/posts\/20886","targetHints":{"allow":["GET"]}}],"collection":[{"href":"https:\/\/sp1.kielce.eu\/index.php\/wp-json\/wp\/v2\/posts"}],"about":[{"href":"https:\/\/sp1.kielce.eu\/index.php\/wp-json\/wp\/v2\/types\/post"}],"author":[{"embeddable":true,"href":"https:\/\/sp1.kielce.eu\/index.php\/wp-json\/wp\/v2\/users\/13"}],"replies":[{"embeddable":true,"href":"https:\/\/sp1.kielce.eu\/index.php\/wp-json\/wp\/v2\/comments?post=20886"}],"version-history":[{"count":1,"href":"https:\/\/sp1.kielce.eu\/index.php\/wp-json\/wp\/v2\/posts\/20886\/revisions"}],"predecessor-version":[{"id":20887,"href":"https:\/\/sp1.kielce.eu\/index.php\/wp-json\/wp\/v2\/posts\/20886\/revisions\/20887"}],"wp:featuredmedia":[{"embeddable":true,"href":"https:\/\/sp1.kielce.eu\/index.php\/wp-json\/wp\/v2\/media\/20888"}],"wp:attachment":[{"href":"https:\/\/sp1.kielce.eu\/index.php\/wp-json\/wp\/v2\/media?parent=20886"}],"wp:term":[{"taxonomy":"category","embeddable":true,"href":"https:\/\/sp1.kielce.eu\/index.php\/wp-json\/wp\/v2\/categories?post=20886"},{"taxonomy":"post_tag","embeddable":true,"href":"https:\/\/sp1.kielce.eu\/index.php\/wp-json\/wp\/v2\/tags?post=20886"}],"curies":[{"name":"wp","href":"https:\/\/api.w.org\/{rel}","templated":true}]}}