{"id":20880,"date":"2022-01-28T14:01:13","date_gmt":"2022-01-28T13:01:13","guid":{"rendered":"http:\/\/sp1.kielce.eu\/?p=20880"},"modified":"2022-01-28T14:01:13","modified_gmt":"2022-01-28T13:01:13","slug":"organizacja-pracy-szkoly-od-31-01-2022-27-02-2022-r","status":"publish","type":"post","link":"https:\/\/sp1.kielce.eu\/index.php\/2022\/01\/28\/organizacja-pracy-szkoly-od-31-01-2022-27-02-2022-r\/","title":{"rendered":"Organizacja pracy  szko\u0142y od 31.01.2022 \u2013 27.02.2022 r."},"content":{"rendered":"\n<ul class=\"wp-block-list\"><li>Od<strong> 31.01.2022<\/strong> nauczanie w naszej szkole w klasach <strong>V-VIII<\/strong> b\u0119dzie prowadzone ponownie w<strong> formie zdalnej z wykorzystaniem metod i&nbsp;technik kszta\u0142cenia na odleg\u0142o\u015b\u0107 za po\u015brednictwem platformy Microsoft Teams. <\/strong>Plan nie ulega zmianie, lekcje on-line trwaj\u0105 45&nbsp;minut, <strong>z&nbsp;czego 30 minut to czas bezpo\u015bredniej pracy z&nbsp;nauczycielem<\/strong>.<\/li><li>Klasy <strong>I-IV<\/strong> pracuj\u0105 zgodnie z dotychczasowym obowi\u0105zuj\u0105cym planem w&nbsp;formie stacjonarnej.<\/li><li>\u015awietlica szkolna b\u0119dzie pracowa\u0107 w&nbsp;dotychczasowych godzinach, a&nbsp;obiady b\u0119d\u0105 wydawane zgodnie z&nbsp;obowi\u0105zuj\u0105cym harmonogramem dla uczni\u00f3w ucz\u0105cych si\u0119 stacjonarnie.<\/li><\/ul>\n","protected":false},"excerpt":{"rendered":"<p>Od 31.01.2022 nauczanie w naszej szkole w klasach V-VIII b\u0119dzie prowadzone ponownie w formie zdalnej [&hellip;]<\/p>\n","protected":false},"author":13,"featured_media":20881,"comment_status":"closed","ping_status":"open","sticky":false,"template":"","format":"standard","meta":{"footnotes":""},"categories":[1],"tags":[],"class_list":["post-20880","post","type-post","status-publish","format-standard","has-post-thumbnail","hentry","category-bez-kategorii"],"_links":{"self":[{"href":"https:\/\/sp1.kielce.eu\/index.php\/wp-json\/wp\/v2\/posts\/20880","targetHints":{"allow":["GET"]}}],"collection":[{"href":"https:\/\/sp1.kielce.eu\/index.php\/wp-json\/wp\/v2\/posts"}],"about":[{"href":"https:\/\/sp1.kielce.eu\/index.php\/wp-json\/wp\/v2\/types\/post"}],"author":[{"embeddable":true,"href":"https:\/\/sp1.kielce.eu\/index.php\/wp-json\/wp\/v2\/users\/13"}],"replies":[{"embeddable":true,"href":"https:\/\/sp1.kielce.eu\/index.php\/wp-json\/wp\/v2\/comments?post=20880"}],"version-history":[{"count":1,"href":"https:\/\/sp1.kielce.eu\/index.php\/wp-json\/wp\/v2\/posts\/20880\/revisions"}],"predecessor-version":[{"id":20882,"href":"https:\/\/sp1.kielce.eu\/index.php\/wp-json\/wp\/v2\/posts\/20880\/revisions\/20882"}],"wp:featuredmedia":[{"embeddable":true,"href":"https:\/\/sp1.kielce.eu\/index.php\/wp-json\/wp\/v2\/media\/20881"}],"wp:attachment":[{"href":"https:\/\/sp1.kielce.eu\/index.php\/wp-json\/wp\/v2\/media?parent=20880"}],"wp:term":[{"taxonomy":"category","embeddable":true,"href":"https:\/\/sp1.kielce.eu\/index.php\/wp-json\/wp\/v2\/categories?post=20880"},{"taxonomy":"post_tag","embeddable":true,"href":"https:\/\/sp1.kielce.eu\/index.php\/wp-json\/wp\/v2\/tags?post=20880"}],"curies":[{"name":"wp","href":"https:\/\/api.w.org\/{rel}","templated":true}]}}