{"id":20832,"date":"2022-01-17T23:56:35","date_gmt":"2022-01-17T22:56:35","guid":{"rendered":"http:\/\/sp1.kielce.eu\/?p=20832"},"modified":"2022-01-17T23:56:35","modified_gmt":"2022-01-17T22:56:35","slug":"wir-lernen-deutsch","status":"publish","type":"post","link":"https:\/\/sp1.kielce.eu\/index.php\/2022\/01\/17\/wir-lernen-deutsch\/","title":{"rendered":"Wir lernen Deutsch"},"content":{"rendered":"\n<p>Uczniowie klas 3a i 3b rozpocz\u0119li od wrze\u015bnia 2021swoj\u0105 przygod\u0119 z&nbsp;poznawaniem nowego j\u0119zyka oraz kultury pa\u0144stw niemieckoj\u0119zycznych. Zaj\u0119cia realizowane s\u0105 przy wsp\u00f3\u0142pracy Goethe Institut w&nbsp;ramach programu Deutsch Plus.<\/p>\n\n\n\n<p>Nauka j\u0119zyka niemieckiego sprawia dzieciom rado\u015b\u0107 i\u00a0przyjemno\u015b\u0107. Poprzez zabaw\u0119 rozbudzana jest motywacja do nauki a\u00a0w\u00a0konsekwencji ch\u0119\u0107 do dalszej edukacji j\u0119zykowej. Dzieci ucz\u0105 si\u0119 piosenek, wyliczanek, wierszyk\u00f3w i\u00a0dialog\u00f3w, uczestnicz\u0105 w\u00a0licznych grach i\u00a0zabawach j\u0119zykowych.<\/p>\n\n\n\n<p class=\"has-text-align-right\">Alina Dziopa<\/p>\n\n\n\n<figure class=\"wp-block-gallery columns-2 is-cropped wp-block-gallery-1 is-layout-flex wp-block-gallery-is-layout-flex\"><ul class=\"blocks-gallery-grid\"><li class=\"blocks-gallery-item\"><figure><a href=\"http:\/\/sp1.kielce.eu\/wp-content\/uploads\/2022\/01\/20210917_084520-Copy.jpg\"><img loading=\"lazy\" decoding=\"async\" width=\"675\" height=\"900\" src=\"http:\/\/sp1.kielce.eu\/wp-content\/uploads\/2022\/01\/20210917_084520-Copy.jpg\" alt=\"\" data-id=\"20833\" data-full-url=\"http:\/\/sp1.kielce.eu\/wp-content\/uploads\/2022\/01\/20210917_084520-Copy.jpg\" data-link=\"http:\/\/sp1.kielce.eu\/?attachment_id=20833\" class=\"wp-image-20833\" srcset=\"https:\/\/sp1.kielce.eu\/wp-content\/uploads\/2022\/01\/20210917_084520-Copy.jpg 675w, https:\/\/sp1.kielce.eu\/wp-content\/uploads\/2022\/01\/20210917_084520-Copy-225x300.jpg 225w\" sizes=\"auto, (max-width: 675px) 100vw, 675px\" \/><\/a><\/figure><\/li><li class=\"blocks-gallery-item\"><figure><a href=\"http:\/\/sp1.kielce.eu\/wp-content\/uploads\/2022\/01\/20211116_084518-Copy.jpg\"><img loading=\"lazy\" decoding=\"async\" width=\"912\" height=\"900\" src=\"http:\/\/sp1.kielce.eu\/wp-content\/uploads\/2022\/01\/20211116_084518-Copy.jpg\" alt=\"\" data-id=\"20834\" data-full-url=\"http:\/\/sp1.kielce.eu\/wp-content\/uploads\/2022\/01\/20211116_084518-Copy.jpg\" data-link=\"http:\/\/sp1.kielce.eu\/?attachment_id=20834\" class=\"wp-image-20834\" srcset=\"https:\/\/sp1.kielce.eu\/wp-content\/uploads\/2022\/01\/20211116_084518-Copy.jpg 912w, https:\/\/sp1.kielce.eu\/wp-content\/uploads\/2022\/01\/20211116_084518-Copy-300x296.jpg 300w, https:\/\/sp1.kielce.eu\/wp-content\/uploads\/2022\/01\/20211116_084518-Copy-768x758.jpg 768w, https:\/\/sp1.kielce.eu\/wp-content\/uploads\/2022\/01\/20211116_084518-Copy-820x809.jpg 820w\" sizes=\"auto, (max-width: 912px) 100vw, 912px\" \/><\/a><\/figure><\/li><\/ul><\/figure>\n","protected":false},"excerpt":{"rendered":"<p>Uczniowie klas 3a i 3b rozpocz\u0119li od wrze\u015bnia 2021swoj\u0105 przygod\u0119 z&nbsp;poznawaniem nowego j\u0119zyka oraz kultury [&hellip;]<\/p>\n","protected":false},"author":13,"featured_media":20835,"comment_status":"closed","ping_status":"open","sticky":false,"template":"","format":"standard","meta":{"footnotes":""},"categories":[36],"tags":[],"class_list":["post-20832","post","type-post","status-publish","format-standard","has-post-thumbnail","hentry","category-wydarzenia"],"_links":{"self":[{"href":"https:\/\/sp1.kielce.eu\/index.php\/wp-json\/wp\/v2\/posts\/20832","targetHints":{"allow":["GET"]}}],"collection":[{"href":"https:\/\/sp1.kielce.eu\/index.php\/wp-json\/wp\/v2\/posts"}],"about":[{"href":"https:\/\/sp1.kielce.eu\/index.php\/wp-json\/wp\/v2\/types\/post"}],"author":[{"embeddable":true,"href":"https:\/\/sp1.kielce.eu\/index.php\/wp-json\/wp\/v2\/users\/13"}],"replies":[{"embeddable":true,"href":"https:\/\/sp1.kielce.eu\/index.php\/wp-json\/wp\/v2\/comments?post=20832"}],"version-history":[{"count":1,"href":"https:\/\/sp1.kielce.eu\/index.php\/wp-json\/wp\/v2\/posts\/20832\/revisions"}],"predecessor-version":[{"id":20836,"href":"https:\/\/sp1.kielce.eu\/index.php\/wp-json\/wp\/v2\/posts\/20832\/revisions\/20836"}],"wp:featuredmedia":[{"embeddable":true,"href":"https:\/\/sp1.kielce.eu\/index.php\/wp-json\/wp\/v2\/media\/20835"}],"wp:attachment":[{"href":"https:\/\/sp1.kielce.eu\/index.php\/wp-json\/wp\/v2\/media?parent=20832"}],"wp:term":[{"taxonomy":"category","embeddable":true,"href":"https:\/\/sp1.kielce.eu\/index.php\/wp-json\/wp\/v2\/categories?post=20832"},{"taxonomy":"post_tag","embeddable":true,"href":"https:\/\/sp1.kielce.eu\/index.php\/wp-json\/wp\/v2\/tags?post=20832"}],"curies":[{"name":"wp","href":"https:\/\/api.w.org\/{rel}","templated":true}]}}