{"id":20814,"date":"2022-01-15T01:12:03","date_gmt":"2022-01-15T00:12:03","guid":{"rendered":"http:\/\/sp1.kielce.eu\/?p=20814"},"modified":"2022-01-15T01:12:03","modified_gmt":"2022-01-15T00:12:03","slug":"zima-w-swietlicy-szkolnej","status":"publish","type":"post","link":"https:\/\/sp1.kielce.eu\/index.php\/2022\/01\/15\/zima-w-swietlicy-szkolnej\/","title":{"rendered":"ZIMA w \u015bwietlicy szkolnej"},"content":{"rendered":"\n<p>Zima to temat bardzo atrakcyjny dla dzieci. W&nbsp;naszej \u015bwietlicy da\u0142o si\u0119 poczu\u0107 zimow\u0105 aur\u0119. Ba\u0142wanki opanowa\u0142y nasze sale i&nbsp;to nie wa\u017cne \u017ce by\u0142y z p\u0142atk\u00f3w kosmetycznych, bo i&nbsp;tak wywo\u0142a\u0142y u\u015bmiechy na twarzach podopiecznych.<\/p>\n\n\n\n<p>Podczas zaj\u0119\u0107 \u015bwietlicowych dzieci wykonywa\u0142y prace plastyczne, s\u0142ucha\u0142y opowiada\u0144, bajek i&nbsp;ba\u015bni nawi\u0105zuj\u0105cych do obecnej pory roku. Dzieci przypomnia\u0142y sobie r\u00f3wnie\u017c zasady bezpiecze\u0144stwa podczas zabaw na \u015bniegu.&nbsp;<\/p>\n\n\n\n<p class=\"has-text-align-right\">Nauczyciele \u015bwietlicy<\/p>\n\n\n\n<figure class=\"wp-block-gallery columns-5 is-cropped wp-block-gallery-1 is-layout-flex wp-block-gallery-is-layout-flex\"><ul class=\"blocks-gallery-grid\"><li class=\"blocks-gallery-item\"><figure><a href=\"http:\/\/sp1.kielce.eu\/wp-content\/uploads\/2022\/01\/20220111_125121-Copy.jpg\"><img loading=\"lazy\" decoding=\"async\" width=\"1200\" height=\"662\" src=\"http:\/\/sp1.kielce.eu\/wp-content\/uploads\/2022\/01\/20220111_125121-Copy.jpg\" alt=\"\" data-id=\"20815\" data-full-url=\"http:\/\/sp1.kielce.eu\/wp-content\/uploads\/2022\/01\/20220111_125121-Copy.jpg\" data-link=\"http:\/\/sp1.kielce.eu\/?attachment_id=20815\" class=\"wp-image-20815\" srcset=\"https:\/\/sp1.kielce.eu\/wp-content\/uploads\/2022\/01\/20220111_125121-Copy.jpg 1200w, https:\/\/sp1.kielce.eu\/wp-content\/uploads\/2022\/01\/20220111_125121-Copy-300x166.jpg 300w, https:\/\/sp1.kielce.eu\/wp-content\/uploads\/2022\/01\/20220111_125121-Copy-768x424.jpg 768w, https:\/\/sp1.kielce.eu\/wp-content\/uploads\/2022\/01\/20220111_125121-Copy-820x452.jpg 820w\" sizes=\"auto, (max-width: 1200px) 100vw, 1200px\" \/><\/a><\/figure><\/li><li class=\"blocks-gallery-item\"><figure><a href=\"http:\/\/sp1.kielce.eu\/wp-content\/uploads\/2022\/01\/20220111_125220-Copy.jpg\"><img loading=\"lazy\" decoding=\"async\" width=\"1200\" height=\"667\" src=\"http:\/\/sp1.kielce.eu\/wp-content\/uploads\/2022\/01\/20220111_125220-Copy.jpg\" alt=\"\" data-id=\"20816\" data-full-url=\"http:\/\/sp1.kielce.eu\/wp-content\/uploads\/2022\/01\/20220111_125220-Copy.jpg\" data-link=\"http:\/\/sp1.kielce.eu\/?attachment_id=20816\" class=\"wp-image-20816\" srcset=\"https:\/\/sp1.kielce.eu\/wp-content\/uploads\/2022\/01\/20220111_125220-Copy.jpg 1200w, https:\/\/sp1.kielce.eu\/wp-content\/uploads\/2022\/01\/20220111_125220-Copy-300x167.jpg 300w, https:\/\/sp1.kielce.eu\/wp-content\/uploads\/2022\/01\/20220111_125220-Copy-768x427.jpg 768w, https:\/\/sp1.kielce.eu\/wp-content\/uploads\/2022\/01\/20220111_125220-Copy-820x456.jpg 820w\" sizes=\"auto, (max-width: 1200px) 100vw, 1200px\" \/><\/a><\/figure><\/li><li class=\"blocks-gallery-item\"><figure><a href=\"http:\/\/sp1.kielce.eu\/wp-content\/uploads\/2022\/01\/20220111_130934-Copy.jpg\"><img loading=\"lazy\" decoding=\"async\" width=\"1200\" height=\"616\" src=\"http:\/\/sp1.kielce.eu\/wp-content\/uploads\/2022\/01\/20220111_130934-Copy.jpg\" alt=\"\" data-id=\"20817\" data-full-url=\"http:\/\/sp1.kielce.eu\/wp-content\/uploads\/2022\/01\/20220111_130934-Copy.jpg\" data-link=\"http:\/\/sp1.kielce.eu\/?attachment_id=20817\" class=\"wp-image-20817\" srcset=\"https:\/\/sp1.kielce.eu\/wp-content\/uploads\/2022\/01\/20220111_130934-Copy.jpg 1200w, https:\/\/sp1.kielce.eu\/wp-content\/uploads\/2022\/01\/20220111_130934-Copy-300x154.jpg 300w, https:\/\/sp1.kielce.eu\/wp-content\/uploads\/2022\/01\/20220111_130934-Copy-768x394.jpg 768w, https:\/\/sp1.kielce.eu\/wp-content\/uploads\/2022\/01\/20220111_130934-Copy-820x421.jpg 820w\" sizes=\"auto, (max-width: 1200px) 100vw, 1200px\" \/><\/a><\/figure><\/li><li class=\"blocks-gallery-item\"><figure><a href=\"http:\/\/sp1.kielce.eu\/wp-content\/uploads\/2022\/01\/20220111_134654-Copy.jpg\"><img loading=\"lazy\" decoding=\"async\" width=\"1200\" height=\"553\" src=\"http:\/\/sp1.kielce.eu\/wp-content\/uploads\/2022\/01\/20220111_134654-Copy.jpg\" alt=\"\" data-id=\"20818\" data-full-url=\"http:\/\/sp1.kielce.eu\/wp-content\/uploads\/2022\/01\/20220111_134654-Copy.jpg\" data-link=\"http:\/\/sp1.kielce.eu\/?attachment_id=20818\" class=\"wp-image-20818\" srcset=\"https:\/\/sp1.kielce.eu\/wp-content\/uploads\/2022\/01\/20220111_134654-Copy.jpg 1200w, https:\/\/sp1.kielce.eu\/wp-content\/uploads\/2022\/01\/20220111_134654-Copy-300x138.jpg 300w, https:\/\/sp1.kielce.eu\/wp-content\/uploads\/2022\/01\/20220111_134654-Copy-768x354.jpg 768w, https:\/\/sp1.kielce.eu\/wp-content\/uploads\/2022\/01\/20220111_134654-Copy-820x378.jpg 820w\" sizes=\"auto, (max-width: 1200px) 100vw, 1200px\" \/><\/a><\/figure><\/li><li class=\"blocks-gallery-item\"><figure><a href=\"http:\/\/sp1.kielce.eu\/wp-content\/uploads\/2022\/01\/20220111_134818-Copy.jpg\"><img loading=\"lazy\" decoding=\"async\" width=\"1033\" height=\"900\" src=\"http:\/\/sp1.kielce.eu\/wp-content\/uploads\/2022\/01\/20220111_134818-Copy.jpg\" alt=\"\" data-id=\"20819\" data-full-url=\"http:\/\/sp1.kielce.eu\/wp-content\/uploads\/2022\/01\/20220111_134818-Copy.jpg\" data-link=\"http:\/\/sp1.kielce.eu\/?attachment_id=20819\" class=\"wp-image-20819\" srcset=\"https:\/\/sp1.kielce.eu\/wp-content\/uploads\/2022\/01\/20220111_134818-Copy.jpg 1033w, https:\/\/sp1.kielce.eu\/wp-content\/uploads\/2022\/01\/20220111_134818-Copy-300x261.jpg 300w, https:\/\/sp1.kielce.eu\/wp-content\/uploads\/2022\/01\/20220111_134818-Copy-768x669.jpg 768w, https:\/\/sp1.kielce.eu\/wp-content\/uploads\/2022\/01\/20220111_134818-Copy-820x714.jpg 820w\" sizes=\"auto, (max-width: 1033px) 100vw, 1033px\" \/><\/a><\/figure><\/li><\/ul><\/figure>\n","protected":false},"excerpt":{"rendered":"<p>Zima to temat bardzo atrakcyjny dla dzieci. W&nbsp;naszej \u015bwietlicy da\u0142o si\u0119 poczu\u0107 zimow\u0105 aur\u0119. Ba\u0142wanki [&hellip;]<\/p>\n","protected":false},"author":13,"featured_media":20821,"comment_status":"closed","ping_status":"open","sticky":false,"template":"","format":"standard","meta":{"footnotes":""},"categories":[25],"tags":[],"class_list":["post-20814","post","type-post","status-publish","format-standard","has-post-thumbnail","hentry","category-swietlica"],"_links":{"self":[{"href":"https:\/\/sp1.kielce.eu\/index.php\/wp-json\/wp\/v2\/posts\/20814","targetHints":{"allow":["GET"]}}],"collection":[{"href":"https:\/\/sp1.kielce.eu\/index.php\/wp-json\/wp\/v2\/posts"}],"about":[{"href":"https:\/\/sp1.kielce.eu\/index.php\/wp-json\/wp\/v2\/types\/post"}],"author":[{"embeddable":true,"href":"https:\/\/sp1.kielce.eu\/index.php\/wp-json\/wp\/v2\/users\/13"}],"replies":[{"embeddable":true,"href":"https:\/\/sp1.kielce.eu\/index.php\/wp-json\/wp\/v2\/comments?post=20814"}],"version-history":[{"count":1,"href":"https:\/\/sp1.kielce.eu\/index.php\/wp-json\/wp\/v2\/posts\/20814\/revisions"}],"predecessor-version":[{"id":20820,"href":"https:\/\/sp1.kielce.eu\/index.php\/wp-json\/wp\/v2\/posts\/20814\/revisions\/20820"}],"wp:featuredmedia":[{"embeddable":true,"href":"https:\/\/sp1.kielce.eu\/index.php\/wp-json\/wp\/v2\/media\/20821"}],"wp:attachment":[{"href":"https:\/\/sp1.kielce.eu\/index.php\/wp-json\/wp\/v2\/media?parent=20814"}],"wp:term":[{"taxonomy":"category","embeddable":true,"href":"https:\/\/sp1.kielce.eu\/index.php\/wp-json\/wp\/v2\/categories?post=20814"},{"taxonomy":"post_tag","embeddable":true,"href":"https:\/\/sp1.kielce.eu\/index.php\/wp-json\/wp\/v2\/tags?post=20814"}],"curies":[{"name":"wp","href":"https:\/\/api.w.org\/{rel}","templated":true}]}}