{"id":20752,"date":"2022-01-12T22:24:48","date_gmt":"2022-01-12T21:24:48","guid":{"rendered":"http:\/\/sp1.kielce.eu\/?p=20752"},"modified":"2022-01-12T22:25:45","modified_gmt":"2022-01-12T21:25:45","slug":"swiateczny-konkurs-plastyczno-techniczny-pt-zabawka-choinkowa-wyniki","status":"publish","type":"post","link":"https:\/\/sp1.kielce.eu\/index.php\/2022\/01\/12\/swiateczny-konkurs-plastyczno-techniczny-pt-zabawka-choinkowa-wyniki\/","title":{"rendered":"\u015aWI\u0104TECZNY KONKURS PLASTYCZNO-TECHNICZNY pt. &#8222;Zabawka choinkowa&#8221; &#8211; wyniki"},"content":{"rendered":"\n<p>Liczna grupa dzieci ucz\u0119szczaj\u0105cych do \u015bwietlicy szkolnej, wzi\u0119\u0142a udzia\u0142 w&nbsp;\u015awi\u0105tecznym Konkursie Plastyczno-Technicznym pt.&nbsp;&#8222;Zabawka choinkowa&#8221; zorganizowanym przez \u015awietlic\u0119 Wspieraj\u0105co-Integruj\u0105c\u0105 &#8222;PLUS&#8221; w&nbsp;Kielcach. Mi\u0142o nam poinformowa\u0107, \u017ce laureatami zostali:<\/p>\n\n\n\n<p>Maria Mazur 2c &#8211; I miejsce<br>Kinga W\u00f3jcik 2a &#8211; I miejsce<br>Julia Halemba 3a &#8211; II miejsce<br>Bartosz Adamski 4b &#8211; wyr\u00f3\u017cnienie&nbsp;<\/p>\n\n\n\n<p class=\"has-text-align-center\">Gratulujemy! <\/p>\n\n\n\n<p class=\"has-text-align-right\">Agnieszka Rycombel &#8211; kierownik \u015bwietlicy<\/p>\n\n\n\n<figure class=\"wp-block-gallery columns-4 is-cropped wp-block-gallery-1 is-layout-flex wp-block-gallery-is-layout-flex\"><ul class=\"blocks-gallery-grid\"><li class=\"blocks-gallery-item\"><figure><a href=\"http:\/\/sp1.kielce.eu\/wp-content\/uploads\/2022\/01\/20220111_101047-Copy.jpg\"><img loading=\"lazy\" decoding=\"async\" width=\"427\" height=\"900\" src=\"http:\/\/sp1.kielce.eu\/wp-content\/uploads\/2022\/01\/20220111_101047-Copy.jpg\" alt=\"\" data-id=\"20753\" data-full-url=\"http:\/\/sp1.kielce.eu\/wp-content\/uploads\/2022\/01\/20220111_101047-Copy.jpg\" data-link=\"http:\/\/sp1.kielce.eu\/?attachment_id=20753\" class=\"wp-image-20753\" srcset=\"https:\/\/sp1.kielce.eu\/wp-content\/uploads\/2022\/01\/20220111_101047-Copy.jpg 427w, https:\/\/sp1.kielce.eu\/wp-content\/uploads\/2022\/01\/20220111_101047-Copy-142x300.jpg 142w\" sizes=\"auto, (max-width: 427px) 100vw, 427px\" \/><\/a><\/figure><\/li><li class=\"blocks-gallery-item\"><figure><a href=\"http:\/\/sp1.kielce.eu\/wp-content\/uploads\/2022\/01\/20220111_101316-Copy.jpg\"><img loading=\"lazy\" decoding=\"async\" width=\"476\" height=\"900\" src=\"http:\/\/sp1.kielce.eu\/wp-content\/uploads\/2022\/01\/20220111_101316-Copy.jpg\" alt=\"\" data-id=\"20754\" data-full-url=\"http:\/\/sp1.kielce.eu\/wp-content\/uploads\/2022\/01\/20220111_101316-Copy.jpg\" data-link=\"http:\/\/sp1.kielce.eu\/?attachment_id=20754\" class=\"wp-image-20754\" srcset=\"https:\/\/sp1.kielce.eu\/wp-content\/uploads\/2022\/01\/20220111_101316-Copy.jpg 476w, https:\/\/sp1.kielce.eu\/wp-content\/uploads\/2022\/01\/20220111_101316-Copy-159x300.jpg 159w\" sizes=\"auto, (max-width: 476px) 100vw, 476px\" \/><\/a><\/figure><\/li><li class=\"blocks-gallery-item\"><figure><a href=\"http:\/\/sp1.kielce.eu\/wp-content\/uploads\/2022\/01\/20220111_101918-Copy.jpg\"><img loading=\"lazy\" decoding=\"async\" width=\"481\" height=\"900\" src=\"http:\/\/sp1.kielce.eu\/wp-content\/uploads\/2022\/01\/20220111_101918-Copy.jpg\" alt=\"\" data-id=\"20755\" data-full-url=\"http:\/\/sp1.kielce.eu\/wp-content\/uploads\/2022\/01\/20220111_101918-Copy.jpg\" data-link=\"http:\/\/sp1.kielce.eu\/?attachment_id=20755\" class=\"wp-image-20755\" srcset=\"https:\/\/sp1.kielce.eu\/wp-content\/uploads\/2022\/01\/20220111_101918-Copy.jpg 481w, https:\/\/sp1.kielce.eu\/wp-content\/uploads\/2022\/01\/20220111_101918-Copy-160x300.jpg 160w\" sizes=\"auto, (max-width: 481px) 100vw, 481px\" \/><\/a><\/figure><\/li><li class=\"blocks-gallery-item\"><figure><a href=\"http:\/\/sp1.kielce.eu\/wp-content\/uploads\/2022\/01\/20220111_102206-Copy.jpg\"><img loading=\"lazy\" decoding=\"async\" width=\"530\" height=\"900\" src=\"http:\/\/sp1.kielce.eu\/wp-content\/uploads\/2022\/01\/20220111_102206-Copy.jpg\" alt=\"\" data-id=\"20756\" data-full-url=\"http:\/\/sp1.kielce.eu\/wp-content\/uploads\/2022\/01\/20220111_102206-Copy.jpg\" data-link=\"http:\/\/sp1.kielce.eu\/?attachment_id=20756\" class=\"wp-image-20756\" srcset=\"https:\/\/sp1.kielce.eu\/wp-content\/uploads\/2022\/01\/20220111_102206-Copy.jpg 530w, https:\/\/sp1.kielce.eu\/wp-content\/uploads\/2022\/01\/20220111_102206-Copy-177x300.jpg 177w\" sizes=\"auto, (max-width: 530px) 100vw, 530px\" \/><\/a><\/figure><\/li><\/ul><\/figure>\n","protected":false},"excerpt":{"rendered":"<p>Liczna grupa dzieci ucz\u0119szczaj\u0105cych do \u015bwietlicy szkolnej, wzi\u0119\u0142a udzia\u0142 w&nbsp;\u015awi\u0105tecznym Konkursie Plastyczno-Technicznym pt.&nbsp;&#8222;Zabawka choinkowa&#8221; zorganizowanym [&hellip;]<\/p>\n","protected":false},"author":13,"featured_media":20757,"comment_status":"closed","ping_status":"open","sticky":false,"template":"","format":"standard","meta":{"footnotes":""},"categories":[25],"tags":[],"class_list":["post-20752","post","type-post","status-publish","format-standard","has-post-thumbnail","hentry","category-swietlica"],"_links":{"self":[{"href":"https:\/\/sp1.kielce.eu\/index.php\/wp-json\/wp\/v2\/posts\/20752","targetHints":{"allow":["GET"]}}],"collection":[{"href":"https:\/\/sp1.kielce.eu\/index.php\/wp-json\/wp\/v2\/posts"}],"about":[{"href":"https:\/\/sp1.kielce.eu\/index.php\/wp-json\/wp\/v2\/types\/post"}],"author":[{"embeddable":true,"href":"https:\/\/sp1.kielce.eu\/index.php\/wp-json\/wp\/v2\/users\/13"}],"replies":[{"embeddable":true,"href":"https:\/\/sp1.kielce.eu\/index.php\/wp-json\/wp\/v2\/comments?post=20752"}],"version-history":[{"count":2,"href":"https:\/\/sp1.kielce.eu\/index.php\/wp-json\/wp\/v2\/posts\/20752\/revisions"}],"predecessor-version":[{"id":20759,"href":"https:\/\/sp1.kielce.eu\/index.php\/wp-json\/wp\/v2\/posts\/20752\/revisions\/20759"}],"wp:featuredmedia":[{"embeddable":true,"href":"https:\/\/sp1.kielce.eu\/index.php\/wp-json\/wp\/v2\/media\/20757"}],"wp:attachment":[{"href":"https:\/\/sp1.kielce.eu\/index.php\/wp-json\/wp\/v2\/media?parent=20752"}],"wp:term":[{"taxonomy":"category","embeddable":true,"href":"https:\/\/sp1.kielce.eu\/index.php\/wp-json\/wp\/v2\/categories?post=20752"},{"taxonomy":"post_tag","embeddable":true,"href":"https:\/\/sp1.kielce.eu\/index.php\/wp-json\/wp\/v2\/tags?post=20752"}],"curies":[{"name":"wp","href":"https:\/\/api.w.org\/{rel}","templated":true}]}}