{"id":20503,"date":"2021-12-21T22:13:21","date_gmt":"2021-12-21T21:13:21","guid":{"rendered":"http:\/\/sp1.kielce.eu\/?p=20503"},"modified":"2021-12-21T22:13:21","modified_gmt":"2021-12-21T21:13:21","slug":"podarowalismy-troche-ciepla-podziekowanie","status":"publish","type":"post","link":"https:\/\/sp1.kielce.eu\/index.php\/2021\/12\/21\/podarowalismy-troche-ciepla-podziekowanie\/","title":{"rendered":"Podarowali\u015bmy troch\u0119 CIEP\u0141A &#8211; PODZI\u0118KOWANIE!"},"content":{"rendered":"\n<p><strong>Dar CIEP\u0141A<\/strong>, wyra\u017cony w&nbsp;zako\u0144czonej zbi\u00f3rce w&nbsp;naszej Szkole, \u201e<strong><em>Podaruj troch\u0119 ciep\u0142a\u201d<\/em><\/strong> \u2013 <strong>bardzo wiele nowych, przyniesionych czapek i&nbsp;r\u0119kawiczek<\/strong> \u2013 <strong>trafi\u0142 dwukrotnie<\/strong> <strong>przez naszych wspania\u0142ych Wolontariuszy<\/strong> do Diecezjalnego Centrum Wolontariatu w&nbsp;Kielcach (DCW).<\/p>\n\n\n\n<p>&nbsp; Tak wielu bezdomnych, przez po\u015brednictwo Caritas Kielce, 24 grudnia, w&nbsp;Wigili\u0119 BO\u017bEGO NARODZENIA &#8211; <strong>dzi\u0119ki ofiarno\u015bci mi\u0119dzy innymi naszej spo\u0142eczno\u015bci szkolnej <\/strong>\u2013 otrzyma <strong>w&nbsp;darze ciep\u0142\u0105 czapk\u0119 i&nbsp;r\u0119kawiczki, <\/strong>z&nbsp;naszych CIEP\u0141YCH, wra\u017cliwych serc!<\/p>\n\n\n\n<p><strong>Dar CIEP\u0141A, podobnie jak dar \u015aWIAT\u0141A ROZSZERZA SI\u0118, gdy jest przekazywany!<\/strong><\/p>\n\n\n\n<p>Od DCWw&nbsp;Kielcach,<strong> otrzymali\u015bmy wielkie podzi\u0119kowanie i&nbsp;gratulacje, <\/strong>za kolejn\u0105, konkretn\u0105 pomoc naszej Szko\u0142y dla ubogich i&nbsp;bezdomnych!<\/p>\n\n\n\n<p>W imieniu bezdomnych i&nbsp;potrzebuj\u0105cych, <strong>dzi\u0119kujemy za ka\u017cd\u0105 kupion\u0105 i&nbsp;przekazan\u0105 cieplutk\u0105 czapk\u0119 i&nbsp;r\u0119kawiczki<\/strong>!<\/p>\n\n\n\n<p class=\"has-text-align-right\">ks. Konrad Walerczak,<br>ks. Dariusz W\u0119grzyn,<br>s. Faustyna Czajkowska,<br>p. Agnieszka Rycombel,<br>p. Ma\u0142gorzata Wojciechowska,<br>p. Paulina Kondracka,<br>wychowawcy klas<\/p>\n\n\n\n<figure class=\"wp-block-gallery columns-4 is-cropped wp-block-gallery-1 is-layout-flex wp-block-gallery-is-layout-flex\"><ul class=\"blocks-gallery-grid\"><li class=\"blocks-gallery-item\"><figure><a href=\"http:\/\/sp1.kielce.eu\/wp-content\/uploads\/2021\/12\/20211216-103508-Copy.jpg\"><img loading=\"lazy\" decoding=\"async\" width=\"1200\" height=\"900\" src=\"http:\/\/sp1.kielce.eu\/wp-content\/uploads\/2021\/12\/20211216-103508-Copy.jpg\" alt=\"\" data-id=\"20504\" data-full-url=\"http:\/\/sp1.kielce.eu\/wp-content\/uploads\/2021\/12\/20211216-103508-Copy.jpg\" data-link=\"http:\/\/sp1.kielce.eu\/?attachment_id=20504\" class=\"wp-image-20504\" srcset=\"https:\/\/sp1.kielce.eu\/wp-content\/uploads\/2021\/12\/20211216-103508-Copy.jpg 1200w, https:\/\/sp1.kielce.eu\/wp-content\/uploads\/2021\/12\/20211216-103508-Copy-300x225.jpg 300w, https:\/\/sp1.kielce.eu\/wp-content\/uploads\/2021\/12\/20211216-103508-Copy-768x576.jpg 768w, https:\/\/sp1.kielce.eu\/wp-content\/uploads\/2021\/12\/20211216-103508-Copy-820x615.jpg 820w\" sizes=\"auto, (max-width: 1200px) 100vw, 1200px\" \/><\/a><\/figure><\/li><li class=\"blocks-gallery-item\"><figure><a href=\"http:\/\/sp1.kielce.eu\/wp-content\/uploads\/2021\/12\/20211216-111555-Copy.jpg\"><img loading=\"lazy\" decoding=\"async\" width=\"675\" height=\"900\" src=\"http:\/\/sp1.kielce.eu\/wp-content\/uploads\/2021\/12\/20211216-111555-Copy.jpg\" alt=\"\" data-id=\"20505\" data-full-url=\"http:\/\/sp1.kielce.eu\/wp-content\/uploads\/2021\/12\/20211216-111555-Copy.jpg\" data-link=\"http:\/\/sp1.kielce.eu\/?attachment_id=20505\" class=\"wp-image-20505\" srcset=\"https:\/\/sp1.kielce.eu\/wp-content\/uploads\/2021\/12\/20211216-111555-Copy.jpg 675w, https:\/\/sp1.kielce.eu\/wp-content\/uploads\/2021\/12\/20211216-111555-Copy-225x300.jpg 225w\" sizes=\"auto, (max-width: 675px) 100vw, 675px\" \/><\/a><\/figure><\/li><li class=\"blocks-gallery-item\"><figure><a href=\"http:\/\/sp1.kielce.eu\/wp-content\/uploads\/2021\/12\/20211216-121554-Copy.jpg\"><img loading=\"lazy\" decoding=\"async\" width=\"635\" height=\"900\" src=\"http:\/\/sp1.kielce.eu\/wp-content\/uploads\/2021\/12\/20211216-121554-Copy.jpg\" alt=\"\" data-id=\"20506\" data-full-url=\"http:\/\/sp1.kielce.eu\/wp-content\/uploads\/2021\/12\/20211216-121554-Copy.jpg\" data-link=\"http:\/\/sp1.kielce.eu\/?attachment_id=20506\" class=\"wp-image-20506\" srcset=\"https:\/\/sp1.kielce.eu\/wp-content\/uploads\/2021\/12\/20211216-121554-Copy.jpg 635w, https:\/\/sp1.kielce.eu\/wp-content\/uploads\/2021\/12\/20211216-121554-Copy-212x300.jpg 212w\" sizes=\"auto, (max-width: 635px) 100vw, 635px\" \/><\/a><\/figure><\/li><li class=\"blocks-gallery-item\"><figure><a href=\"http:\/\/sp1.kielce.eu\/wp-content\/uploads\/2021\/12\/20211220-120626-Copy.jpg\"><img loading=\"lazy\" decoding=\"async\" width=\"1200\" height=\"900\" src=\"http:\/\/sp1.kielce.eu\/wp-content\/uploads\/2021\/12\/20211220-120626-Copy.jpg\" alt=\"\" data-id=\"20507\" data-full-url=\"http:\/\/sp1.kielce.eu\/wp-content\/uploads\/2021\/12\/20211220-120626-Copy.jpg\" data-link=\"http:\/\/sp1.kielce.eu\/?attachment_id=20507\" class=\"wp-image-20507\" srcset=\"https:\/\/sp1.kielce.eu\/wp-content\/uploads\/2021\/12\/20211220-120626-Copy.jpg 1200w, https:\/\/sp1.kielce.eu\/wp-content\/uploads\/2021\/12\/20211220-120626-Copy-300x225.jpg 300w, https:\/\/sp1.kielce.eu\/wp-content\/uploads\/2021\/12\/20211220-120626-Copy-768x576.jpg 768w, https:\/\/sp1.kielce.eu\/wp-content\/uploads\/2021\/12\/20211220-120626-Copy-820x615.jpg 820w\" sizes=\"auto, (max-width: 1200px) 100vw, 1200px\" \/><\/a><\/figure><\/li><\/ul><\/figure>\n","protected":false},"excerpt":{"rendered":"<p>Dar CIEP\u0141A, wyra\u017cony w&nbsp;zako\u0144czonej zbi\u00f3rce w&nbsp;naszej Szkole, \u201ePodaruj troch\u0119 ciep\u0142a\u201d \u2013 bardzo wiele nowych, przyniesionych [&hellip;]<\/p>\n","protected":false},"author":13,"featured_media":20508,"comment_status":"closed","ping_status":"open","sticky":false,"template":"","format":"standard","meta":{"footnotes":""},"categories":[163,23],"tags":[],"class_list":["post-20503","post","type-post","status-publish","format-standard","has-post-thumbnail","hentry","category-skw","category-charytatywne"],"_links":{"self":[{"href":"https:\/\/sp1.kielce.eu\/index.php\/wp-json\/wp\/v2\/posts\/20503","targetHints":{"allow":["GET"]}}],"collection":[{"href":"https:\/\/sp1.kielce.eu\/index.php\/wp-json\/wp\/v2\/posts"}],"about":[{"href":"https:\/\/sp1.kielce.eu\/index.php\/wp-json\/wp\/v2\/types\/post"}],"author":[{"embeddable":true,"href":"https:\/\/sp1.kielce.eu\/index.php\/wp-json\/wp\/v2\/users\/13"}],"replies":[{"embeddable":true,"href":"https:\/\/sp1.kielce.eu\/index.php\/wp-json\/wp\/v2\/comments?post=20503"}],"version-history":[{"count":1,"href":"https:\/\/sp1.kielce.eu\/index.php\/wp-json\/wp\/v2\/posts\/20503\/revisions"}],"predecessor-version":[{"id":20509,"href":"https:\/\/sp1.kielce.eu\/index.php\/wp-json\/wp\/v2\/posts\/20503\/revisions\/20509"}],"wp:featuredmedia":[{"embeddable":true,"href":"https:\/\/sp1.kielce.eu\/index.php\/wp-json\/wp\/v2\/media\/20508"}],"wp:attachment":[{"href":"https:\/\/sp1.kielce.eu\/index.php\/wp-json\/wp\/v2\/media?parent=20503"}],"wp:term":[{"taxonomy":"category","embeddable":true,"href":"https:\/\/sp1.kielce.eu\/index.php\/wp-json\/wp\/v2\/categories?post=20503"},{"taxonomy":"post_tag","embeddable":true,"href":"https:\/\/sp1.kielce.eu\/index.php\/wp-json\/wp\/v2\/tags?post=20503"}],"curies":[{"name":"wp","href":"https:\/\/api.w.org\/{rel}","templated":true}]}}