{"id":20479,"date":"2021-12-21T22:11:00","date_gmt":"2021-12-21T21:11:00","guid":{"rendered":"http:\/\/sp1.kielce.eu\/?p=20479"},"modified":"2021-12-23T00:16:12","modified_gmt":"2021-12-22T23:16:12","slug":"olimpiada-geograficzna-mamy-to","status":"publish","type":"post","link":"https:\/\/sp1.kielce.eu\/index.php\/2021\/12\/21\/olimpiada-geograficzna-mamy-to\/","title":{"rendered":"OLIMPIADA GEOGRAFICZNA \u2013 MAMY TO !!!"},"content":{"rendered":"\n<p>Nie mogli\u015bmy si\u0119 doczeka\u0107 wynik\u00f3w, ale ju\u017c s\u0105 \ud83d\ude42<\/p>\n\n\n\n<p>Ucze\u0144 naszej szko\u0142y, a dok\u0142adniej klasy 8B &#8211; Cezary Kromer zakwalifikowa\u0142 si\u0119 do 2 etapu Olimpiady Geograficznej.<\/p>\n\n\n\n<p>Jest to konkurs przeznaczony dla szk\u00f3\u0142 ponadpodstawowych, ale MY, w drodze wyj\u0105tku, mogli\u015bmy do niego przyst\u0105pi\u0107.<\/p>\n\n\n\n<p>Jego praca pt. RADOSTOWA \u2013 JEDNA Z WIZYT\u00d3WEK G\u00d3R \u015aWI\u0118TOKRZYSKICH, zdoby\u0142a a\u017c <strong>84<\/strong> pkt na <strong>100<\/strong> (9 miejsce z 28 w wojew\u00f3dztwie \u015bwi\u0119tokrzyskim).<\/p>\n\n\n\n<p>Celem Olimpiady Geograficznej jest rozbudzanie w\u015br\u00f3d m\u0142odzie\u017cy szkolnej zainteresowania geografi\u0105, wykrywanie i\u202frozwijanie uzdolnie\u0144, pobudzanie do tw\u00f3rczego my\u015blenia i podnoszenie poziomu wiedzy geograficznej uczni\u00f3w.<\/p>\n\n\n\n<p>Olimpiada s\u0142u\u017cy te\u017c zapewnieniu dop\u0142ywu odpowiednich, lepiej przygotowanych do studi\u00f3w kandydat\u00f3w do szk\u00f3\u0142 wy\u017cszych oraz wy\u0142anianiu reprezentacji Polski na zawody Mi\u0119dzynarodowej Olimpiady Geograficznej.<\/p>\n\n\n\n<h3 class=\"wp-block-heading\">ZAWODY II STOPNIA \u2013 OKR\u0118GOWE odb\u0119d\u0105 si\u0119:<\/h3>\n\n\n\n<ul class=\"wp-block-list\"><li><\/li><\/ul>\n\n\n\n<p>Trzymajmy wszyscy kciuki za Czarka, aby godnie reprezentowa\u0142 nasz\u0105 szko\u0142\u0119!!!<\/p>\n\n\n\n<p>nauczyciel geografii<\/p>\n\n\n\n<p>Ewa Waleniak<\/p>\n\n\n\n<p>Protok\u00f3\u0142 wynik\u00f3w zawod\u00f3w II stopnia XLVIII Olimpiady Geograficznej w roku szkolnym 2021\/2022 dost\u0119pny pod linkiem:<\/p>\n\n\n\n<p><a href=\"http:\/\/www.olimpiadageograficzna.edu.pl\/wp-content\/uploads\/2021\/12\/XLVIIIOG_Protok%C3%B3%C5%82_II_etap_weryfikacja-%E2%80%94-Kielce.pdf\">http:\/\/www.olimpiadageograficzna.edu.pl\/wp-content\/uploads\/2021\/12\/XLVIIIOG_Protok%C3%B3%C5%82_II_etap_weryfikacja-%E2%80%94-Kielce.pdf<\/a><\/p>\n\n\n\n<p><\/p>\n","protected":false},"excerpt":{"rendered":"<p>Nie mogli\u015bmy si\u0119 doczeka\u0107 wynik\u00f3w, ale ju\u017c s\u0105 \ud83d\ude42 Ucze\u0144 naszej szko\u0142y, a dok\u0142adniej klasy [&hellip;]<\/p>\n","protected":false},"author":5,"featured_media":20480,"comment_status":"closed","ping_status":"open","sticky":false,"template":"","format":"standard","meta":{"footnotes":""},"categories":[36],"tags":[],"class_list":["post-20479","post","type-post","status-publish","format-standard","has-post-thumbnail","hentry","category-wydarzenia"],"_links":{"self":[{"href":"https:\/\/sp1.kielce.eu\/index.php\/wp-json\/wp\/v2\/posts\/20479","targetHints":{"allow":["GET"]}}],"collection":[{"href":"https:\/\/sp1.kielce.eu\/index.php\/wp-json\/wp\/v2\/posts"}],"about":[{"href":"https:\/\/sp1.kielce.eu\/index.php\/wp-json\/wp\/v2\/types\/post"}],"author":[{"embeddable":true,"href":"https:\/\/sp1.kielce.eu\/index.php\/wp-json\/wp\/v2\/users\/5"}],"replies":[{"embeddable":true,"href":"https:\/\/sp1.kielce.eu\/index.php\/wp-json\/wp\/v2\/comments?post=20479"}],"version-history":[{"count":1,"href":"https:\/\/sp1.kielce.eu\/index.php\/wp-json\/wp\/v2\/posts\/20479\/revisions"}],"predecessor-version":[{"id":20481,"href":"https:\/\/sp1.kielce.eu\/index.php\/wp-json\/wp\/v2\/posts\/20479\/revisions\/20481"}],"wp:featuredmedia":[{"embeddable":true,"href":"https:\/\/sp1.kielce.eu\/index.php\/wp-json\/wp\/v2\/media\/20480"}],"wp:attachment":[{"href":"https:\/\/sp1.kielce.eu\/index.php\/wp-json\/wp\/v2\/media?parent=20479"}],"wp:term":[{"taxonomy":"category","embeddable":true,"href":"https:\/\/sp1.kielce.eu\/index.php\/wp-json\/wp\/v2\/categories?post=20479"},{"taxonomy":"post_tag","embeddable":true,"href":"https:\/\/sp1.kielce.eu\/index.php\/wp-json\/wp\/v2\/tags?post=20479"}],"curies":[{"name":"wp","href":"https:\/\/api.w.org\/{rel}","templated":true}]}}