{"id":20451,"date":"2021-12-19T20:32:07","date_gmt":"2021-12-19T19:32:07","guid":{"rendered":"http:\/\/sp1.kielce.eu\/?p=20451"},"modified":"2021-12-19T20:32:07","modified_gmt":"2021-12-19T19:32:07","slug":"konkurs-koled-hej-koleda","status":"publish","type":"post","link":"https:\/\/sp1.kielce.eu\/index.php\/2021\/12\/19\/konkurs-koled-hej-koleda\/","title":{"rendered":"Konkurs Kol\u0119d \u201eHej kol\u0119da..\u201d"},"content":{"rendered":"\n<p>Dnia 15.12.2021 w&nbsp;naszej szkole odby\u0142 si\u0119 \u015awietlicowy Konkurs Kol\u0119d i&nbsp;Pastora\u0142ek \u201eHej kol\u0119da\u201d&#8230;Wzi\u0119li w&nbsp;nim udzia\u0142 podopieczni \u015bwietlicy z&nbsp;klas I-III. Dzieci wykona\u0142y pi\u0119knie interpretacje kol\u0119d i&nbsp;pastora\u0142ek. Celem konkursu by\u0142o kultywowanie tradycji \u015bwi\u0105tecznych, inspirowanie do nauki znanych kol\u0119d i&nbsp;pastora\u0142ek.<\/p>\n\n\n\n<p>I miejsce Miko\u0142aj \u015amigielski III a.<br>I miejsce Nina Ajchel I c.<br>I miejsce Liliana Kowalska I a.<br>II miejsce Oliwia Buczy\u0144ska I b. <br>II miejsce Gabriela Guz I b.<\/p>\n\n\n\n<p class=\"has-text-align-right\">Organizatorzy: E. Litwinek, A. Szcze\u015bniak.<\/p>\n\n\n\n<figure class=\"wp-block-gallery columns-2 is-cropped wp-block-gallery-1 is-layout-flex wp-block-gallery-is-layout-flex\"><ul class=\"blocks-gallery-grid\"><li class=\"blocks-gallery-item\"><figure><a href=\"http:\/\/sp1.kielce.eu\/wp-content\/uploads\/2021\/12\/IMG_20211216_134505-Copy.jpg\"><img loading=\"lazy\" decoding=\"async\" width=\"675\" height=\"900\" src=\"http:\/\/sp1.kielce.eu\/wp-content\/uploads\/2021\/12\/IMG_20211216_134505-Copy.jpg\" alt=\"\" data-id=\"20452\" data-full-url=\"http:\/\/sp1.kielce.eu\/wp-content\/uploads\/2021\/12\/IMG_20211216_134505-Copy.jpg\" data-link=\"http:\/\/sp1.kielce.eu\/?attachment_id=20452\" class=\"wp-image-20452\" srcset=\"https:\/\/sp1.kielce.eu\/wp-content\/uploads\/2021\/12\/IMG_20211216_134505-Copy.jpg 675w, https:\/\/sp1.kielce.eu\/wp-content\/uploads\/2021\/12\/IMG_20211216_134505-Copy-225x300.jpg 225w\" sizes=\"auto, (max-width: 675px) 100vw, 675px\" \/><\/a><\/figure><\/li><li class=\"blocks-gallery-item\"><figure><a href=\"http:\/\/sp1.kielce.eu\/wp-content\/uploads\/2021\/12\/IMG_20211217_103240-Copy.jpg\"><img loading=\"lazy\" decoding=\"async\" width=\"675\" height=\"900\" src=\"http:\/\/sp1.kielce.eu\/wp-content\/uploads\/2021\/12\/IMG_20211217_103240-Copy.jpg\" alt=\"\" data-id=\"20453\" data-full-url=\"http:\/\/sp1.kielce.eu\/wp-content\/uploads\/2021\/12\/IMG_20211217_103240-Copy.jpg\" data-link=\"http:\/\/sp1.kielce.eu\/?attachment_id=20453\" class=\"wp-image-20453\" srcset=\"https:\/\/sp1.kielce.eu\/wp-content\/uploads\/2021\/12\/IMG_20211217_103240-Copy.jpg 675w, https:\/\/sp1.kielce.eu\/wp-content\/uploads\/2021\/12\/IMG_20211217_103240-Copy-225x300.jpg 225w\" sizes=\"auto, (max-width: 675px) 100vw, 675px\" \/><\/a><\/figure><\/li><\/ul><\/figure>\n","protected":false},"excerpt":{"rendered":"<p>Dnia 15.12.2021 w&nbsp;naszej szkole odby\u0142 si\u0119 \u015awietlicowy Konkurs Kol\u0119d i&nbsp;Pastora\u0142ek \u201eHej kol\u0119da\u201d&#8230;Wzi\u0119li w&nbsp;nim udzia\u0142 podopieczni [&hellip;]<\/p>\n","protected":false},"author":13,"featured_media":20454,"comment_status":"closed","ping_status":"open","sticky":false,"template":"","format":"standard","meta":{"footnotes":""},"categories":[25],"tags":[],"class_list":["post-20451","post","type-post","status-publish","format-standard","has-post-thumbnail","hentry","category-swietlica"],"_links":{"self":[{"href":"https:\/\/sp1.kielce.eu\/index.php\/wp-json\/wp\/v2\/posts\/20451","targetHints":{"allow":["GET"]}}],"collection":[{"href":"https:\/\/sp1.kielce.eu\/index.php\/wp-json\/wp\/v2\/posts"}],"about":[{"href":"https:\/\/sp1.kielce.eu\/index.php\/wp-json\/wp\/v2\/types\/post"}],"author":[{"embeddable":true,"href":"https:\/\/sp1.kielce.eu\/index.php\/wp-json\/wp\/v2\/users\/13"}],"replies":[{"embeddable":true,"href":"https:\/\/sp1.kielce.eu\/index.php\/wp-json\/wp\/v2\/comments?post=20451"}],"version-history":[{"count":1,"href":"https:\/\/sp1.kielce.eu\/index.php\/wp-json\/wp\/v2\/posts\/20451\/revisions"}],"predecessor-version":[{"id":20455,"href":"https:\/\/sp1.kielce.eu\/index.php\/wp-json\/wp\/v2\/posts\/20451\/revisions\/20455"}],"wp:featuredmedia":[{"embeddable":true,"href":"https:\/\/sp1.kielce.eu\/index.php\/wp-json\/wp\/v2\/media\/20454"}],"wp:attachment":[{"href":"https:\/\/sp1.kielce.eu\/index.php\/wp-json\/wp\/v2\/media?parent=20451"}],"wp:term":[{"taxonomy":"category","embeddable":true,"href":"https:\/\/sp1.kielce.eu\/index.php\/wp-json\/wp\/v2\/categories?post=20451"},{"taxonomy":"post_tag","embeddable":true,"href":"https:\/\/sp1.kielce.eu\/index.php\/wp-json\/wp\/v2\/tags?post=20451"}],"curies":[{"name":"wp","href":"https:\/\/api.w.org\/{rel}","templated":true}]}}