{"id":20371,"date":"2021-12-15T10:21:31","date_gmt":"2021-12-15T09:21:31","guid":{"rendered":"http:\/\/sp1.kielce.eu\/?p=20371"},"modified":"2021-12-15T10:21:31","modified_gmt":"2021-12-15T09:21:31","slug":"matematyczna-liga-mistrzow-w-sp1","status":"publish","type":"post","link":"https:\/\/sp1.kielce.eu\/index.php\/2021\/12\/15\/matematyczna-liga-mistrzow-w-sp1\/","title":{"rendered":"MATEMATYCZNA LIGA MISTRZ\u00d3W w SP1"},"content":{"rendered":"\n<p>W ramach nowego projektu \u201eMatematyczna Liga Mistrz\u00f3w\u201d \u015awi\u0119tokrzyskiego Centrum Doskonalenia Nauczycieli w Kielcach oraz Kuratorium O\u015bwiaty w Kielcach nasi uczniowie wzi\u0119li udzia\u0142 w I etapie Meczy matematycznych\u201d.Uczniowie szk\u00f3\u0142 podstawowych z ca\u0142ego wojew\u00f3dztwa \u015bwi\u0119tokrzyskiego mieli mo\u017cliwo\u015b\u0107 po raz pierwszy zmierzy\u0107 si\u0119 z ciekawymi zadaniami, rywalizuj\u0105c z r\u00f3wie\u015bnikami podczas eliminacji szkolnych. Spo\u015br\u00f3d uczestnik\u00f3w zostanie wy\u0142oniona sze\u015bcioosobowa dru\u017cyna, kt\u00f3ra b\u0119dzie reprezentowa\u0142a szko\u0142\u0119 w kolejnym etapie.<\/p>\n\n\n\n<p class=\"has-text-align-right\">Anna Mazur<\/p>\n\n\n\n<p class=\"has-text-align-right\">Urszula Sodel<\/p>\n\n\n\n<p class=\"has-text-align-right\">Ma\u0142gorzata G\u0119bska-Lisowska<\/p>\n\n\n\n<figure class=\"wp-block-gallery columns-1 is-cropped wp-block-gallery-1 is-layout-flex wp-block-gallery-is-layout-flex\"><ul class=\"blocks-gallery-grid\"><li class=\"blocks-gallery-item\"><figure><a href=\"http:\/\/sp1.kielce.eu\/wp-content\/uploads\/2021\/12\/20211208_140603-Medium-rotated.jpg\"><img loading=\"lazy\" decoding=\"async\" width=\"675\" height=\"900\" src=\"http:\/\/sp1.kielce.eu\/wp-content\/uploads\/2021\/12\/20211208_140603-Medium-675x900.jpg\" alt=\"\" data-id=\"20372\" data-full-url=\"http:\/\/sp1.kielce.eu\/wp-content\/uploads\/2021\/12\/20211208_140603-Medium-rotated.jpg\" data-link=\"http:\/\/sp1.kielce.eu\/?attachment_id=20372\" class=\"wp-image-20372\" srcset=\"https:\/\/sp1.kielce.eu\/wp-content\/uploads\/2021\/12\/20211208_140603-Medium-675x900.jpg 675w, https:\/\/sp1.kielce.eu\/wp-content\/uploads\/2021\/12\/20211208_140603-Medium-225x300.jpg 225w, https:\/\/sp1.kielce.eu\/wp-content\/uploads\/2021\/12\/20211208_140603-Medium-rotated.jpg 768w\" sizes=\"auto, (max-width: 675px) 100vw, 675px\" \/><\/a><\/figure><\/li><\/ul><\/figure>\n","protected":false},"excerpt":{"rendered":"<p>W ramach nowego projektu \u201eMatematyczna Liga Mistrz\u00f3w\u201d \u015awi\u0119tokrzyskiego Centrum Doskonalenia Nauczycieli w Kielcach oraz Kuratorium [&hellip;]<\/p>\n","protected":false},"author":5,"featured_media":20372,"comment_status":"closed","ping_status":"open","sticky":false,"template":"","format":"standard","meta":{"footnotes":""},"categories":[36],"tags":[],"class_list":["post-20371","post","type-post","status-publish","format-standard","has-post-thumbnail","hentry","category-wydarzenia"],"_links":{"self":[{"href":"https:\/\/sp1.kielce.eu\/index.php\/wp-json\/wp\/v2\/posts\/20371","targetHints":{"allow":["GET"]}}],"collection":[{"href":"https:\/\/sp1.kielce.eu\/index.php\/wp-json\/wp\/v2\/posts"}],"about":[{"href":"https:\/\/sp1.kielce.eu\/index.php\/wp-json\/wp\/v2\/types\/post"}],"author":[{"embeddable":true,"href":"https:\/\/sp1.kielce.eu\/index.php\/wp-json\/wp\/v2\/users\/5"}],"replies":[{"embeddable":true,"href":"https:\/\/sp1.kielce.eu\/index.php\/wp-json\/wp\/v2\/comments?post=20371"}],"version-history":[{"count":1,"href":"https:\/\/sp1.kielce.eu\/index.php\/wp-json\/wp\/v2\/posts\/20371\/revisions"}],"predecessor-version":[{"id":20373,"href":"https:\/\/sp1.kielce.eu\/index.php\/wp-json\/wp\/v2\/posts\/20371\/revisions\/20373"}],"wp:featuredmedia":[{"embeddable":true,"href":"https:\/\/sp1.kielce.eu\/index.php\/wp-json\/wp\/v2\/media\/20372"}],"wp:attachment":[{"href":"https:\/\/sp1.kielce.eu\/index.php\/wp-json\/wp\/v2\/media?parent=20371"}],"wp:term":[{"taxonomy":"category","embeddable":true,"href":"https:\/\/sp1.kielce.eu\/index.php\/wp-json\/wp\/v2\/categories?post=20371"},{"taxonomy":"post_tag","embeddable":true,"href":"https:\/\/sp1.kielce.eu\/index.php\/wp-json\/wp\/v2\/tags?post=20371"}],"curies":[{"name":"wp","href":"https:\/\/api.w.org\/{rel}","templated":true}]}}