{"id":20367,"date":"2021-12-06T10:16:00","date_gmt":"2021-12-06T09:16:00","guid":{"rendered":"http:\/\/sp1.kielce.eu\/?p=20367"},"modified":"2021-12-15T10:18:40","modified_gmt":"2021-12-15T09:18:40","slug":"mikolajkowe-wyjscie-klas-6a-i-6b","status":"publish","type":"post","link":"https:\/\/sp1.kielce.eu\/index.php\/2021\/12\/06\/mikolajkowe-wyjscie-klas-6a-i-6b\/","title":{"rendered":"Miko\u0142ajkowe wyj\u015bcie klas 6a i 6b"},"content":{"rendered":"\n<p>Uczniowie klas sz\u00f3stych udali si\u0119 do kina na seans \u201eJak zosta\u0107 \u015bwi\u0119tym Miko\u0142ajem\u201d, kt\u00f3rego g\u0142\u00f3wn\u0105 bohaterk\u0105 jest 12-letnia Lucia. Jest ona pierwsz\u0105 dziewczynk\u0105 ucz\u0105c\u0105 si\u0119 w mi\u0119dzynarodowej szkole dla Miko\u0142aj\u00f3w. Ekranowe przygody dziewczynki, jej przyjaci\u00f3\u0142 oraz spotkanie z Miko\u0142ajem wprowadzi\u0142y uczni\u00f3w w \u015bwi\u0105teczny nastr\u00f3j. Wsp\u00f3lne sp\u0119dzony czas by\u0142 \u015bwietn\u0105 zabaw\u0105 dla wszystkich uczni\u00f3w.<\/p>\n\n\n\n<p class=\"has-text-align-right\">Wychowawcy kl. 6<\/p>\n\n\n\n<figure class=\"wp-block-gallery columns-2 is-cropped wp-block-gallery-1 is-layout-flex wp-block-gallery-is-layout-flex\"><ul class=\"blocks-gallery-grid\"><li class=\"blocks-gallery-item\"><figure><a href=\"http:\/\/sp1.kielce.eu\/wp-content\/uploads\/2021\/12\/Mikoeajki-scaled.jpg\"><img loading=\"lazy\" decoding=\"async\" width=\"493\" height=\"900\" src=\"http:\/\/sp1.kielce.eu\/wp-content\/uploads\/2021\/12\/Mikoeajki-493x900.jpg\" alt=\"\" data-id=\"20368\" data-full-url=\"http:\/\/sp1.kielce.eu\/wp-content\/uploads\/2021\/12\/Mikoeajki-scaled.jpg\" data-link=\"http:\/\/sp1.kielce.eu\/?attachment_id=20368\" class=\"wp-image-20368\" srcset=\"https:\/\/sp1.kielce.eu\/wp-content\/uploads\/2021\/12\/Mikoeajki-493x900.jpg 493w, https:\/\/sp1.kielce.eu\/wp-content\/uploads\/2021\/12\/Mikoeajki-164x300.jpg 164w, https:\/\/sp1.kielce.eu\/wp-content\/uploads\/2021\/12\/Mikoeajki-768x1402.jpg 768w, https:\/\/sp1.kielce.eu\/wp-content\/uploads\/2021\/12\/Mikoeajki-841x1536.jpg 841w, https:\/\/sp1.kielce.eu\/wp-content\/uploads\/2021\/12\/Mikoeajki-1122x2048.jpg 1122w, https:\/\/sp1.kielce.eu\/wp-content\/uploads\/2021\/12\/Mikoeajki-820x1497.jpg 820w, https:\/\/sp1.kielce.eu\/wp-content\/uploads\/2021\/12\/Mikoeajki-scaled.jpg 1402w\" sizes=\"auto, (max-width: 493px) 100vw, 493px\" \/><\/a><\/figure><\/li><li class=\"blocks-gallery-item\"><figure><a href=\"http:\/\/sp1.kielce.eu\/wp-content\/uploads\/2021\/12\/Mikoeajki1-scaled.jpg\"><img loading=\"lazy\" decoding=\"async\" width=\"1400\" height=\"631\" src=\"http:\/\/sp1.kielce.eu\/wp-content\/uploads\/2021\/12\/Mikoeajki1-1400x631.jpg\" alt=\"\" data-id=\"20369\" data-full-url=\"http:\/\/sp1.kielce.eu\/wp-content\/uploads\/2021\/12\/Mikoeajki1-scaled.jpg\" data-link=\"http:\/\/sp1.kielce.eu\/?attachment_id=20369\" class=\"wp-image-20369\" srcset=\"https:\/\/sp1.kielce.eu\/wp-content\/uploads\/2021\/12\/Mikoeajki1-1400x631.jpg 1400w, https:\/\/sp1.kielce.eu\/wp-content\/uploads\/2021\/12\/Mikoeajki1-300x135.jpg 300w, https:\/\/sp1.kielce.eu\/wp-content\/uploads\/2021\/12\/Mikoeajki1-768x346.jpg 768w, https:\/\/sp1.kielce.eu\/wp-content\/uploads\/2021\/12\/Mikoeajki1-1536x693.jpg 1536w, https:\/\/sp1.kielce.eu\/wp-content\/uploads\/2021\/12\/Mikoeajki1-2048x924.jpg 2048w, https:\/\/sp1.kielce.eu\/wp-content\/uploads\/2021\/12\/Mikoeajki1-820x370.jpg 820w\" sizes=\"auto, (max-width: 1400px) 100vw, 1400px\" \/><\/a><\/figure><\/li><\/ul><\/figure>\n","protected":false},"excerpt":{"rendered":"<p>Uczniowie klas sz\u00f3stych udali si\u0119 do kina na seans \u201eJak zosta\u0107 \u015bwi\u0119tym Miko\u0142ajem\u201d, kt\u00f3rego g\u0142\u00f3wn\u0105 [&hellip;]<\/p>\n","protected":false},"author":5,"featured_media":20368,"comment_status":"closed","ping_status":"open","sticky":false,"template":"","format":"standard","meta":{"footnotes":""},"categories":[36],"tags":[],"class_list":["post-20367","post","type-post","status-publish","format-standard","has-post-thumbnail","hentry","category-wydarzenia"],"_links":{"self":[{"href":"https:\/\/sp1.kielce.eu\/index.php\/wp-json\/wp\/v2\/posts\/20367","targetHints":{"allow":["GET"]}}],"collection":[{"href":"https:\/\/sp1.kielce.eu\/index.php\/wp-json\/wp\/v2\/posts"}],"about":[{"href":"https:\/\/sp1.kielce.eu\/index.php\/wp-json\/wp\/v2\/types\/post"}],"author":[{"embeddable":true,"href":"https:\/\/sp1.kielce.eu\/index.php\/wp-json\/wp\/v2\/users\/5"}],"replies":[{"embeddable":true,"href":"https:\/\/sp1.kielce.eu\/index.php\/wp-json\/wp\/v2\/comments?post=20367"}],"version-history":[{"count":1,"href":"https:\/\/sp1.kielce.eu\/index.php\/wp-json\/wp\/v2\/posts\/20367\/revisions"}],"predecessor-version":[{"id":20370,"href":"https:\/\/sp1.kielce.eu\/index.php\/wp-json\/wp\/v2\/posts\/20367\/revisions\/20370"}],"wp:featuredmedia":[{"embeddable":true,"href":"https:\/\/sp1.kielce.eu\/index.php\/wp-json\/wp\/v2\/media\/20368"}],"wp:attachment":[{"href":"https:\/\/sp1.kielce.eu\/index.php\/wp-json\/wp\/v2\/media?parent=20367"}],"wp:term":[{"taxonomy":"category","embeddable":true,"href":"https:\/\/sp1.kielce.eu\/index.php\/wp-json\/wp\/v2\/categories?post=20367"},{"taxonomy":"post_tag","embeddable":true,"href":"https:\/\/sp1.kielce.eu\/index.php\/wp-json\/wp\/v2\/tags?post=20367"}],"curies":[{"name":"wp","href":"https:\/\/api.w.org\/{rel}","templated":true}]}}