{"id":20321,"date":"2021-12-10T01:39:51","date_gmt":"2021-12-10T00:39:51","guid":{"rendered":"http:\/\/sp1.kielce.eu\/?p=20321"},"modified":"2022-01-17T00:12:06","modified_gmt":"2022-01-16T23:12:06","slug":"final-miedzyszkolnego-konkursu-recytatorskiego-w-labiryncie-emocji","status":"publish","type":"post","link":"https:\/\/sp1.kielce.eu\/index.php\/2021\/12\/10\/final-miedzyszkolnego-konkursu-recytatorskiego-w-labiryncie-emocji\/","title":{"rendered":"Fina\u0142 Mi\u0119dzyszkolnego Konkursu Recytatorskiego \u201eW labiryncie emocji\u201d"},"content":{"rendered":"\n<p class=\"has-text-align-left\">9 grudnia 2021\u00a0r. w\u00a0Teatrze Lalki i\u00a0Aktora \u201eKubu\u015b\u201d odby\u0142 si\u0119 koncert fina\u0142owy laureat\u00f3w IX\u00a0Mi\u0119dzyszkolnego Konkursu Recytatorskiego pod has\u0142em \u201eW labiryncie emocji\u201d. W\u015br\u00f3d 10 finalist\u00f3w z\u00a0klas trzecich kieleckich szk\u00f3\u0142 podstawowych znalaz\u0142a si\u0119 reprezentantka naszej Szko\u0142y &#8211; <strong>Aleksandra R\u0119bi\u015b<\/strong> z\u00a0klasy 3b, kt\u00f3ra zaprezentowa\u0142a utw\u00f3r Doroty Gellner pt. &#8222;Z\u0142y humorek&#8221;.<\/p>\n\n\n\n<p class=\"has-text-align-right\">El\u017cbieta Lis<\/p>\n\n\n\n<figure class=\"wp-block-gallery columns-3 is-cropped wp-block-gallery-1 is-layout-flex wp-block-gallery-is-layout-flex\"><ul class=\"blocks-gallery-grid\"><li class=\"blocks-gallery-item\"><figure><a href=\"http:\/\/sp1.kielce.eu\/wp-content\/uploads\/2021\/12\/IMG-20211209-WA0001-Copy.jpg\"><img loading=\"lazy\" decoding=\"async\" width=\"405\" height=\"900\" src=\"http:\/\/sp1.kielce.eu\/wp-content\/uploads\/2021\/12\/IMG-20211209-WA0001-Copy.jpg\" alt=\"\" data-id=\"20324\" data-full-url=\"http:\/\/sp1.kielce.eu\/wp-content\/uploads\/2021\/12\/IMG-20211209-WA0001-Copy.jpg\" data-link=\"http:\/\/sp1.kielce.eu\/?attachment_id=20324\" class=\"wp-image-20324\" srcset=\"https:\/\/sp1.kielce.eu\/wp-content\/uploads\/2021\/12\/IMG-20211209-WA0001-Copy.jpg 405w, https:\/\/sp1.kielce.eu\/wp-content\/uploads\/2021\/12\/IMG-20211209-WA0001-Copy-135x300.jpg 135w\" sizes=\"auto, (max-width: 405px) 100vw, 405px\" \/><\/a><\/figure><\/li><li class=\"blocks-gallery-item\"><figure><a href=\"http:\/\/sp1.kielce.eu\/wp-content\/uploads\/2021\/12\/IMG-20211209-WA0002-Copy.jpg\"><img loading=\"lazy\" decoding=\"async\" width=\"405\" height=\"900\" src=\"http:\/\/sp1.kielce.eu\/wp-content\/uploads\/2021\/12\/IMG-20211209-WA0002-Copy.jpg\" alt=\"\" data-id=\"20325\" data-full-url=\"http:\/\/sp1.kielce.eu\/wp-content\/uploads\/2021\/12\/IMG-20211209-WA0002-Copy.jpg\" data-link=\"http:\/\/sp1.kielce.eu\/?attachment_id=20325\" class=\"wp-image-20325\" srcset=\"https:\/\/sp1.kielce.eu\/wp-content\/uploads\/2021\/12\/IMG-20211209-WA0002-Copy.jpg 405w, https:\/\/sp1.kielce.eu\/wp-content\/uploads\/2021\/12\/IMG-20211209-WA0002-Copy-135x300.jpg 135w\" sizes=\"auto, (max-width: 405px) 100vw, 405px\" \/><\/a><\/figure><\/li><li class=\"blocks-gallery-item\"><figure><a href=\"http:\/\/sp1.kielce.eu\/wp-content\/uploads\/2021\/12\/IMG-20211209-WA0003-Copy.jpg\"><img loading=\"lazy\" decoding=\"async\" width=\"405\" height=\"900\" src=\"http:\/\/sp1.kielce.eu\/wp-content\/uploads\/2021\/12\/IMG-20211209-WA0003-Copy.jpg\" alt=\"\" data-id=\"20326\" data-full-url=\"http:\/\/sp1.kielce.eu\/wp-content\/uploads\/2021\/12\/IMG-20211209-WA0003-Copy.jpg\" data-link=\"http:\/\/sp1.kielce.eu\/?attachment_id=20326\" class=\"wp-image-20326\" srcset=\"https:\/\/sp1.kielce.eu\/wp-content\/uploads\/2021\/12\/IMG-20211209-WA0003-Copy.jpg 405w, https:\/\/sp1.kielce.eu\/wp-content\/uploads\/2021\/12\/IMG-20211209-WA0003-Copy-135x300.jpg 135w\" sizes=\"auto, (max-width: 405px) 100vw, 405px\" \/><\/a><\/figure><\/li><\/ul><\/figure>\n","protected":false},"excerpt":{"rendered":"<p>9 grudnia 2021\u00a0r. w\u00a0Teatrze Lalki i\u00a0Aktora \u201eKubu\u015b\u201d odby\u0142 si\u0119 koncert fina\u0142owy laureat\u00f3w IX\u00a0Mi\u0119dzyszkolnego Konkursu Recytatorskiego [&hellip;]<\/p>\n","protected":false},"author":13,"featured_media":20327,"comment_status":"closed","ping_status":"open","sticky":false,"template":"","format":"standard","meta":{"footnotes":""},"categories":[36,10,21],"tags":[],"class_list":["post-20321","post","type-post","status-publish","format-standard","has-post-thumbnail","hentry","category-wydarzenia","category-konkursy-przedmiotowe","category-konkursy"],"_links":{"self":[{"href":"https:\/\/sp1.kielce.eu\/index.php\/wp-json\/wp\/v2\/posts\/20321","targetHints":{"allow":["GET"]}}],"collection":[{"href":"https:\/\/sp1.kielce.eu\/index.php\/wp-json\/wp\/v2\/posts"}],"about":[{"href":"https:\/\/sp1.kielce.eu\/index.php\/wp-json\/wp\/v2\/types\/post"}],"author":[{"embeddable":true,"href":"https:\/\/sp1.kielce.eu\/index.php\/wp-json\/wp\/v2\/users\/13"}],"replies":[{"embeddable":true,"href":"https:\/\/sp1.kielce.eu\/index.php\/wp-json\/wp\/v2\/comments?post=20321"}],"version-history":[{"count":3,"href":"https:\/\/sp1.kielce.eu\/index.php\/wp-json\/wp\/v2\/posts\/20321\/revisions"}],"predecessor-version":[{"id":20328,"href":"https:\/\/sp1.kielce.eu\/index.php\/wp-json\/wp\/v2\/posts\/20321\/revisions\/20328"}],"wp:featuredmedia":[{"embeddable":true,"href":"https:\/\/sp1.kielce.eu\/index.php\/wp-json\/wp\/v2\/media\/20327"}],"wp:attachment":[{"href":"https:\/\/sp1.kielce.eu\/index.php\/wp-json\/wp\/v2\/media?parent=20321"}],"wp:term":[{"taxonomy":"category","embeddable":true,"href":"https:\/\/sp1.kielce.eu\/index.php\/wp-json\/wp\/v2\/categories?post=20321"},{"taxonomy":"post_tag","embeddable":true,"href":"https:\/\/sp1.kielce.eu\/index.php\/wp-json\/wp\/v2\/tags?post=20321"}],"curies":[{"name":"wp","href":"https:\/\/api.w.org\/{rel}","templated":true}]}}