{"id":20310,"date":"2021-12-08T08:31:13","date_gmt":"2021-12-08T07:31:13","guid":{"rendered":"http:\/\/sp1.kielce.eu\/?p=20310"},"modified":"2021-12-08T08:31:13","modified_gmt":"2021-12-08T07:31:13","slug":"xvi-swietokrzyska-gala-wolontariatu","status":"publish","type":"post","link":"https:\/\/sp1.kielce.eu\/index.php\/2021\/12\/08\/xvi-swietokrzyska-gala-wolontariatu\/","title":{"rendered":"XVI \u015aWI\u0118TOKRZYSKA GALA WOLONTARIATU"},"content":{"rendered":"\n<p>W dniu <strong><em>5 grudnia 2021r.<\/em><\/strong> reprezentanci Szkolnego Ko\u0142a Wolontariatu<br>wraz z Pani\u0105 \u017banet\u0105 Szczepaniak \u2013 dyrektor naszej szko\u0142y, uczestniczyli<br>&nbsp;w <strong><em>XVI \u015awi\u0119tokrzyskiej Gali Wolontariatu<\/em><\/strong> zorganizowanej przez Regionalne Centrum Wolontariatu, Diecezjalne Centrum Wolontariatu oraz Wolontariat<br>przy Miejskim O\u015brodku Pomocy Rodzinie w Kielcach. Uroczysto\u015b\u0107 ta odby\u0142a si\u0119 w Zespole Szk\u00f3\u0142 Muzycznych w Kielcach i mia\u0142a charakter podnios\u0142y,<br>&nbsp;gdy\u017c podczas gal zosta\u0142y wr\u0119czone statuetki Laur Wolontariatu dla najbardziej zaanga\u017cowanych i zas\u0142u\u017conych os\u00f3b dzia\u0142aj\u0105cych bezinteresownie na rzecz drugiego, potrzebuj\u0105cego cz\u0142owieka.<br>Osoby nagrodzone nie kry\u0142y wzruszenia i rado\u015bci z otrzymanego wyr\u00f3\u017cnienia.<br>By\u0142o nam bardzo mi\u0142o uczestniczy\u0107 w tej\u017ce uroczysto\u015bci, chocia\u017cby dlatego,<br>&nbsp;\u017ce 5 grudnia to Dzie\u0144 Wolontariusza, wi\u0119c mogli\u015bmy wsp\u00f3lnie po\u015bwi\u0119towa\u0107. Popo\u0142udnie umili\u0142 wyst\u0119p nauczycieli i uczni\u00f3w ze szko\u0142y muzycznej a tak\u017ce pokaz artystyczny uczestniczki programu \u201eMam Talent\u201d.<br>Nagrodzonym serdecznie gratulujemy a organizatorom dzi\u0119kujemy<br>za zaproszenie.<\/p>\n\n\n\n<p><em>Mamy nadziej\u0119, \u017ce w przysz\u0142ym roku nasze tak licznie podejmowane dzia\u0142ania na rzecz potrzebuj\u0105cych zostan\u0105 dostrze\u017cone i nagrodzone.<\/em><\/p>\n\n\n\n<p>&nbsp;&nbsp;&nbsp;&nbsp;&nbsp;&nbsp;&nbsp;&nbsp;&nbsp;&nbsp;&nbsp;&nbsp;&nbsp;&nbsp;&nbsp;&nbsp;&nbsp;&nbsp;&nbsp;&nbsp;&nbsp;&nbsp;&nbsp;&nbsp;&nbsp;&nbsp;&nbsp;&nbsp;&nbsp;&nbsp;&nbsp;&nbsp;&nbsp;&nbsp;&nbsp;&nbsp;&nbsp;&nbsp;&nbsp;&nbsp;&nbsp;&nbsp;&nbsp;&nbsp;&nbsp;&nbsp;&nbsp;&nbsp;&nbsp;&nbsp;&nbsp;&nbsp;&nbsp;&nbsp;&nbsp;&nbsp;&nbsp;&nbsp;&nbsp;&nbsp;&nbsp;&nbsp;&nbsp;&nbsp;&nbsp; Ks. Konrad Walerczak<\/p>\n\n\n\n<p>&nbsp;&nbsp;&nbsp;&nbsp;&nbsp;&nbsp;&nbsp;&nbsp;&nbsp;&nbsp;&nbsp;&nbsp;&nbsp;&nbsp;&nbsp;&nbsp;&nbsp;&nbsp;&nbsp;&nbsp;&nbsp;&nbsp;&nbsp;&nbsp;&nbsp;&nbsp;&nbsp;&nbsp;&nbsp;&nbsp;&nbsp;&nbsp;&nbsp;&nbsp;&nbsp;&nbsp;&nbsp;&nbsp;&nbsp;&nbsp;&nbsp;&nbsp;&nbsp;&nbsp;&nbsp;&nbsp;&nbsp;&nbsp;&nbsp;&nbsp;&nbsp;&nbsp;&nbsp;&nbsp;&nbsp;&nbsp;&nbsp;&nbsp;&nbsp;&nbsp;&nbsp;&nbsp;&nbsp;&nbsp;&nbsp; p. Paulina Kondracka<\/p>\n\n\n\n<p>\u00a0\u00a0\u00a0\u00a0\u00a0\u00a0\u00a0\u00a0\u00a0\u00a0\u00a0\u00a0\u00a0\u00a0\u00a0\u00a0\u00a0\u00a0\u00a0\u00a0\u00a0\u00a0\u00a0\u00a0\u00a0\u00a0\u00a0\u00a0\u00a0\u00a0\u00a0\u00a0\u00a0\u00a0\u00a0\u00a0\u00a0\u00a0\u00a0\u00a0\u00a0\u00a0\u00a0\u00a0\u00a0\u00a0\u00a0\u00a0\u00a0\u00a0\u00a0\u00a0\u00a0\u00a0\u00a0\u00a0\u00a0\u00a0\u00a0\u00a0\u00a0\u00a0\u00a0\u00a0\u00a0 p. Ma\u0142gorzata Wojciechowska<\/p>\n\n\n\n<figure class=\"wp-block-gallery columns-3 is-cropped wp-block-gallery-1 is-layout-flex wp-block-gallery-is-layout-flex\"><ul class=\"blocks-gallery-grid\"><li class=\"blocks-gallery-item\"><figure><a href=\"http:\/\/sp1.kielce.eu\/wp-content\/uploads\/2021\/12\/20211205_174808-Medium.jpg\"><img loading=\"lazy\" decoding=\"async\" width=\"1024\" height=\"768\" src=\"http:\/\/sp1.kielce.eu\/wp-content\/uploads\/2021\/12\/20211205_174808-Medium.jpg\" alt=\"\" data-id=\"20311\" data-full-url=\"http:\/\/sp1.kielce.eu\/wp-content\/uploads\/2021\/12\/20211205_174808-Medium.jpg\" data-link=\"http:\/\/sp1.kielce.eu\/?attachment_id=20311\" class=\"wp-image-20311\" srcset=\"https:\/\/sp1.kielce.eu\/wp-content\/uploads\/2021\/12\/20211205_174808-Medium.jpg 1024w, https:\/\/sp1.kielce.eu\/wp-content\/uploads\/2021\/12\/20211205_174808-Medium-300x225.jpg 300w, https:\/\/sp1.kielce.eu\/wp-content\/uploads\/2021\/12\/20211205_174808-Medium-768x576.jpg 768w, https:\/\/sp1.kielce.eu\/wp-content\/uploads\/2021\/12\/20211205_174808-Medium-820x615.jpg 820w\" sizes=\"auto, (max-width: 1024px) 100vw, 1024px\" \/><\/a><\/figure><\/li><li class=\"blocks-gallery-item\"><figure><a href=\"http:\/\/sp1.kielce.eu\/wp-content\/uploads\/2021\/12\/20211205_174008-Medium.jpg\"><img loading=\"lazy\" decoding=\"async\" width=\"1024\" height=\"768\" src=\"http:\/\/sp1.kielce.eu\/wp-content\/uploads\/2021\/12\/20211205_174008-Medium.jpg\" alt=\"\" data-id=\"20312\" data-full-url=\"http:\/\/sp1.kielce.eu\/wp-content\/uploads\/2021\/12\/20211205_174008-Medium.jpg\" data-link=\"http:\/\/sp1.kielce.eu\/?attachment_id=20312\" class=\"wp-image-20312\" srcset=\"https:\/\/sp1.kielce.eu\/wp-content\/uploads\/2021\/12\/20211205_174008-Medium.jpg 1024w, https:\/\/sp1.kielce.eu\/wp-content\/uploads\/2021\/12\/20211205_174008-Medium-300x225.jpg 300w, https:\/\/sp1.kielce.eu\/wp-content\/uploads\/2021\/12\/20211205_174008-Medium-768x576.jpg 768w, https:\/\/sp1.kielce.eu\/wp-content\/uploads\/2021\/12\/20211205_174008-Medium-820x615.jpg 820w\" sizes=\"auto, (max-width: 1024px) 100vw, 1024px\" \/><\/a><\/figure><\/li><li class=\"blocks-gallery-item\"><figure><a href=\"http:\/\/sp1.kielce.eu\/wp-content\/uploads\/2021\/12\/20211205_175625-Medium.jpg\"><img loading=\"lazy\" decoding=\"async\" width=\"1024\" height=\"768\" src=\"http:\/\/sp1.kielce.eu\/wp-content\/uploads\/2021\/12\/20211205_175625-Medium.jpg\" alt=\"\" data-id=\"20313\" data-full-url=\"http:\/\/sp1.kielce.eu\/wp-content\/uploads\/2021\/12\/20211205_175625-Medium.jpg\" data-link=\"http:\/\/sp1.kielce.eu\/?attachment_id=20313\" class=\"wp-image-20313\" srcset=\"https:\/\/sp1.kielce.eu\/wp-content\/uploads\/2021\/12\/20211205_175625-Medium.jpg 1024w, https:\/\/sp1.kielce.eu\/wp-content\/uploads\/2021\/12\/20211205_175625-Medium-300x225.jpg 300w, https:\/\/sp1.kielce.eu\/wp-content\/uploads\/2021\/12\/20211205_175625-Medium-768x576.jpg 768w, https:\/\/sp1.kielce.eu\/wp-content\/uploads\/2021\/12\/20211205_175625-Medium-820x615.jpg 820w\" sizes=\"auto, (max-width: 1024px) 100vw, 1024px\" \/><\/a><\/figure><\/li><li class=\"blocks-gallery-item\"><figure><a href=\"http:\/\/sp1.kielce.eu\/wp-content\/uploads\/2021\/12\/20211205_180426-Medium.jpg\"><img loading=\"lazy\" decoding=\"async\" width=\"1024\" height=\"768\" src=\"http:\/\/sp1.kielce.eu\/wp-content\/uploads\/2021\/12\/20211205_180426-Medium.jpg\" alt=\"\" data-id=\"20314\" data-full-url=\"http:\/\/sp1.kielce.eu\/wp-content\/uploads\/2021\/12\/20211205_180426-Medium.jpg\" data-link=\"http:\/\/sp1.kielce.eu\/?attachment_id=20314\" class=\"wp-image-20314\" srcset=\"https:\/\/sp1.kielce.eu\/wp-content\/uploads\/2021\/12\/20211205_180426-Medium.jpg 1024w, https:\/\/sp1.kielce.eu\/wp-content\/uploads\/2021\/12\/20211205_180426-Medium-300x225.jpg 300w, https:\/\/sp1.kielce.eu\/wp-content\/uploads\/2021\/12\/20211205_180426-Medium-768x576.jpg 768w, https:\/\/sp1.kielce.eu\/wp-content\/uploads\/2021\/12\/20211205_180426-Medium-820x615.jpg 820w\" sizes=\"auto, (max-width: 1024px) 100vw, 1024px\" \/><\/a><\/figure><\/li><li class=\"blocks-gallery-item\"><figure><a href=\"http:\/\/sp1.kielce.eu\/wp-content\/uploads\/2021\/12\/20211205_174310-Medium.jpg\"><img loading=\"lazy\" decoding=\"async\" width=\"1024\" height=\"768\" src=\"http:\/\/sp1.kielce.eu\/wp-content\/uploads\/2021\/12\/20211205_174310-Medium.jpg\" alt=\"\" data-id=\"20315\" data-full-url=\"http:\/\/sp1.kielce.eu\/wp-content\/uploads\/2021\/12\/20211205_174310-Medium.jpg\" data-link=\"http:\/\/sp1.kielce.eu\/?attachment_id=20315\" class=\"wp-image-20315\" srcset=\"https:\/\/sp1.kielce.eu\/wp-content\/uploads\/2021\/12\/20211205_174310-Medium.jpg 1024w, https:\/\/sp1.kielce.eu\/wp-content\/uploads\/2021\/12\/20211205_174310-Medium-300x225.jpg 300w, https:\/\/sp1.kielce.eu\/wp-content\/uploads\/2021\/12\/20211205_174310-Medium-768x576.jpg 768w, https:\/\/sp1.kielce.eu\/wp-content\/uploads\/2021\/12\/20211205_174310-Medium-820x615.jpg 820w\" sizes=\"auto, (max-width: 1024px) 100vw, 1024px\" \/><\/a><\/figure><\/li><li class=\"blocks-gallery-item\"><figure><a href=\"http:\/\/sp1.kielce.eu\/wp-content\/uploads\/2021\/12\/20211205_162451-Medium.jpg\"><img loading=\"lazy\" decoding=\"async\" width=\"1024\" height=\"768\" src=\"http:\/\/sp1.kielce.eu\/wp-content\/uploads\/2021\/12\/20211205_162451-Medium.jpg\" alt=\"\" data-id=\"20316\" data-full-url=\"http:\/\/sp1.kielce.eu\/wp-content\/uploads\/2021\/12\/20211205_162451-Medium.jpg\" data-link=\"http:\/\/sp1.kielce.eu\/?attachment_id=20316\" class=\"wp-image-20316\" srcset=\"https:\/\/sp1.kielce.eu\/wp-content\/uploads\/2021\/12\/20211205_162451-Medium.jpg 1024w, https:\/\/sp1.kielce.eu\/wp-content\/uploads\/2021\/12\/20211205_162451-Medium-300x225.jpg 300w, https:\/\/sp1.kielce.eu\/wp-content\/uploads\/2021\/12\/20211205_162451-Medium-768x576.jpg 768w, https:\/\/sp1.kielce.eu\/wp-content\/uploads\/2021\/12\/20211205_162451-Medium-820x615.jpg 820w\" sizes=\"auto, (max-width: 1024px) 100vw, 1024px\" \/><\/a><\/figure><\/li><li class=\"blocks-gallery-item\"><figure><a href=\"http:\/\/sp1.kielce.eu\/wp-content\/uploads\/2021\/12\/Zdj\u00a6Ocie-1-Medium.jpg\"><img loading=\"lazy\" decoding=\"async\" width=\"1024\" height=\"768\" src=\"http:\/\/sp1.kielce.eu\/wp-content\/uploads\/2021\/12\/Zdj\u00a6Ocie-1-Medium.jpg\" alt=\"\" data-id=\"20317\" data-full-url=\"http:\/\/sp1.kielce.eu\/wp-content\/uploads\/2021\/12\/Zdj\u00a6Ocie-1-Medium.jpg\" data-link=\"http:\/\/sp1.kielce.eu\/?attachment_id=20317\" class=\"wp-image-20317\" srcset=\"https:\/\/sp1.kielce.eu\/wp-content\/uploads\/2021\/12\/Zdj\u00a6Ocie-1-Medium.jpg 1024w, https:\/\/sp1.kielce.eu\/wp-content\/uploads\/2021\/12\/Zdj\u00a6Ocie-1-Medium-300x225.jpg 300w, https:\/\/sp1.kielce.eu\/wp-content\/uploads\/2021\/12\/Zdj\u00a6Ocie-1-Medium-768x576.jpg 768w, https:\/\/sp1.kielce.eu\/wp-content\/uploads\/2021\/12\/Zdj\u00a6Ocie-1-Medium-820x615.jpg 820w\" sizes=\"auto, (max-width: 1024px) 100vw, 1024px\" \/><\/a><\/figure><\/li><li class=\"blocks-gallery-item\"><figure><a href=\"http:\/\/sp1.kielce.eu\/wp-content\/uploads\/2021\/12\/20211205_161433-Medium.jpg\"><img loading=\"lazy\" decoding=\"async\" width=\"1024\" height=\"768\" src=\"http:\/\/sp1.kielce.eu\/wp-content\/uploads\/2021\/12\/20211205_161433-Medium.jpg\" alt=\"\" data-id=\"20318\" data-full-url=\"http:\/\/sp1.kielce.eu\/wp-content\/uploads\/2021\/12\/20211205_161433-Medium.jpg\" data-link=\"http:\/\/sp1.kielce.eu\/?attachment_id=20318\" class=\"wp-image-20318\" srcset=\"https:\/\/sp1.kielce.eu\/wp-content\/uploads\/2021\/12\/20211205_161433-Medium.jpg 1024w, https:\/\/sp1.kielce.eu\/wp-content\/uploads\/2021\/12\/20211205_161433-Medium-300x225.jpg 300w, https:\/\/sp1.kielce.eu\/wp-content\/uploads\/2021\/12\/20211205_161433-Medium-768x576.jpg 768w, https:\/\/sp1.kielce.eu\/wp-content\/uploads\/2021\/12\/20211205_161433-Medium-820x615.jpg 820w\" sizes=\"auto, (max-width: 1024px) 100vw, 1024px\" \/><\/a><\/figure><\/li><li class=\"blocks-gallery-item\"><figure><a href=\"http:\/\/sp1.kielce.eu\/wp-content\/uploads\/2021\/12\/20211205_173005-Medium-rotated.jpg\"><img loading=\"lazy\" decoding=\"async\" width=\"675\" height=\"900\" src=\"http:\/\/sp1.kielce.eu\/wp-content\/uploads\/2021\/12\/20211205_173005-Medium-675x900.jpg\" alt=\"\" data-id=\"20319\" data-full-url=\"http:\/\/sp1.kielce.eu\/wp-content\/uploads\/2021\/12\/20211205_173005-Medium-rotated.jpg\" data-link=\"http:\/\/sp1.kielce.eu\/?attachment_id=20319\" class=\"wp-image-20319\" srcset=\"https:\/\/sp1.kielce.eu\/wp-content\/uploads\/2021\/12\/20211205_173005-Medium-675x900.jpg 675w, https:\/\/sp1.kielce.eu\/wp-content\/uploads\/2021\/12\/20211205_173005-Medium-225x300.jpg 225w, https:\/\/sp1.kielce.eu\/wp-content\/uploads\/2021\/12\/20211205_173005-Medium-rotated.jpg 768w\" sizes=\"auto, (max-width: 675px) 100vw, 675px\" \/><\/a><\/figure><\/li><\/ul><\/figure>\n","protected":false},"excerpt":{"rendered":"<p>W dniu 5 grudnia 2021r. reprezentanci Szkolnego Ko\u0142a Wolontariatuwraz z Pani\u0105 \u017banet\u0105 Szczepaniak \u2013 dyrektor [&hellip;]<\/p>\n","protected":false},"author":5,"featured_media":20317,"comment_status":"closed","ping_status":"open","sticky":false,"template":"","format":"standard","meta":{"footnotes":""},"categories":[36,163],"tags":[],"class_list":["post-20310","post","type-post","status-publish","format-standard","has-post-thumbnail","hentry","category-wydarzenia","category-skw"],"_links":{"self":[{"href":"https:\/\/sp1.kielce.eu\/index.php\/wp-json\/wp\/v2\/posts\/20310","targetHints":{"allow":["GET"]}}],"collection":[{"href":"https:\/\/sp1.kielce.eu\/index.php\/wp-json\/wp\/v2\/posts"}],"about":[{"href":"https:\/\/sp1.kielce.eu\/index.php\/wp-json\/wp\/v2\/types\/post"}],"author":[{"embeddable":true,"href":"https:\/\/sp1.kielce.eu\/index.php\/wp-json\/wp\/v2\/users\/5"}],"replies":[{"embeddable":true,"href":"https:\/\/sp1.kielce.eu\/index.php\/wp-json\/wp\/v2\/comments?post=20310"}],"version-history":[{"count":1,"href":"https:\/\/sp1.kielce.eu\/index.php\/wp-json\/wp\/v2\/posts\/20310\/revisions"}],"predecessor-version":[{"id":20320,"href":"https:\/\/sp1.kielce.eu\/index.php\/wp-json\/wp\/v2\/posts\/20310\/revisions\/20320"}],"wp:featuredmedia":[{"embeddable":true,"href":"https:\/\/sp1.kielce.eu\/index.php\/wp-json\/wp\/v2\/media\/20317"}],"wp:attachment":[{"href":"https:\/\/sp1.kielce.eu\/index.php\/wp-json\/wp\/v2\/media?parent=20310"}],"wp:term":[{"taxonomy":"category","embeddable":true,"href":"https:\/\/sp1.kielce.eu\/index.php\/wp-json\/wp\/v2\/categories?post=20310"},{"taxonomy":"post_tag","embeddable":true,"href":"https:\/\/sp1.kielce.eu\/index.php\/wp-json\/wp\/v2\/tags?post=20310"}],"curies":[{"name":"wp","href":"https:\/\/api.w.org\/{rel}","templated":true}]}}