{"id":20237,"date":"2021-12-06T15:45:00","date_gmt":"2021-12-06T14:45:00","guid":{"rendered":"http:\/\/sp1.kielce.eu\/?p=20237"},"modified":"2021-12-05T22:16:16","modified_gmt":"2021-12-05T21:16:16","slug":"podaruj-troche-ciepla","status":"publish","type":"post","link":"https:\/\/sp1.kielce.eu\/index.php\/2021\/12\/06\/podaruj-troche-ciepla\/","title":{"rendered":"Podaruj troch\u0119 CIEP\u0141A!"},"content":{"rendered":"\n<p>Ruszamy i&nbsp;my w&nbsp;naszym \u015brodowisku szkolnym z&nbsp;kolejn\u0105 akcj\u0105 charytatywn\u0105. Po bardzo udanej zbi\u00f3rce nowych przybor\u00f3w toaletowych, postanowili\u015bmy <strong>podarowa\u0107 troch\u0119 ciep\u0142a<\/strong> <strong>bezdomnym i&nbsp;potrzebuj\u0105cym. <\/strong>Za oknem zima, spad\u0142 pierwszy \u015bnieg, warto pomy\u015ble\u0107 o innych. Wok\u00f3\u0142 nas du\u017co jest bezdomnych i potrzebuj\u0105cych os\u00f3b, kt\u00f3rym niekoniecznie jest ciep\u0142o. Ale mo\u017cemy to zmieni\u0107, podarowa\u0107 im chocia\u017c <strong>odrobin\u0119 ciep\u0142a<\/strong> w&nbsp;tym szczeg\u00f3lnym czasie.<\/p>\n\n\n\n<p><strong>Zach\u0119camy do przynoszenia do szko\u0142y (do wystawionego tam pude\u0142ka) NOWYCH czapek i&nbsp;r\u0119kawiczek, kt\u00f3re zim\u0105 s\u0105 niezb\u0119dne!<\/strong><\/p>\n\n\n\n<p>Zostan\u0105 one przekazane podczas Wigilii dla bezdomnych- 24&nbsp;grudnia. <strong><u>Zebrane nakrycia g\u0142owy i&nbsp;r\u0105k mo\u017cemy przynosi\u0107 do 17&nbsp;grudnia (pi\u0105tek).<\/u><\/strong><\/p>\n\n\n\n<p>W poniedzia\u0142ek 20 grudnia, przedstawiciele naszego Szkolnego Ko\u0142a Wolontariatu \u201eJEDYNKA\u201d przeka\u017c\u0105 zebrane czapki i&nbsp;r\u0119kawiczki do&nbsp;Diecezjalnego Centrum Wolontariatu, ul.&nbsp;Ma\u0142a 17\/3.<\/p>\n\n\n\n<p>Zach\u0119camy do podzielenia si\u0119 dobrem!<\/p>\n\n\n\n<p>W imieniu bezdomnych i&nbsp;potrzebuj\u0105cych, <strong>dzi\u0119kujemy z&nbsp;g\u00f3ry za ka\u017cd\u0105 przyniesion\u0105 czapk\u0119 i&nbsp;r\u0119kawiczki<\/strong>!<\/p>\n\n\n\n<p class=\"has-text-align-right\">ks. Konrad Walerczak,<br>p. Agnieszka Rycombel,<br>p. Ma\u0142gorzata Wojciechowska,<br>p. Paulina Kondracka,<br>wychowawcy klas<\/p>\n","protected":false},"excerpt":{"rendered":"<p>Ruszamy i&nbsp;my w&nbsp;naszym \u015brodowisku szkolnym z&nbsp;kolejn\u0105 akcj\u0105 charytatywn\u0105. Po bardzo udanej zbi\u00f3rce nowych przybor\u00f3w toaletowych, [&hellip;]<\/p>\n","protected":false},"author":13,"featured_media":20238,"comment_status":"closed","ping_status":"open","sticky":false,"template":"","format":"standard","meta":{"footnotes":""},"categories":[163,23],"tags":[],"class_list":["post-20237","post","type-post","status-publish","format-standard","has-post-thumbnail","hentry","category-skw","category-charytatywne"],"_links":{"self":[{"href":"https:\/\/sp1.kielce.eu\/index.php\/wp-json\/wp\/v2\/posts\/20237","targetHints":{"allow":["GET"]}}],"collection":[{"href":"https:\/\/sp1.kielce.eu\/index.php\/wp-json\/wp\/v2\/posts"}],"about":[{"href":"https:\/\/sp1.kielce.eu\/index.php\/wp-json\/wp\/v2\/types\/post"}],"author":[{"embeddable":true,"href":"https:\/\/sp1.kielce.eu\/index.php\/wp-json\/wp\/v2\/users\/13"}],"replies":[{"embeddable":true,"href":"https:\/\/sp1.kielce.eu\/index.php\/wp-json\/wp\/v2\/comments?post=20237"}],"version-history":[{"count":1,"href":"https:\/\/sp1.kielce.eu\/index.php\/wp-json\/wp\/v2\/posts\/20237\/revisions"}],"predecessor-version":[{"id":20239,"href":"https:\/\/sp1.kielce.eu\/index.php\/wp-json\/wp\/v2\/posts\/20237\/revisions\/20239"}],"wp:featuredmedia":[{"embeddable":true,"href":"https:\/\/sp1.kielce.eu\/index.php\/wp-json\/wp\/v2\/media\/20238"}],"wp:attachment":[{"href":"https:\/\/sp1.kielce.eu\/index.php\/wp-json\/wp\/v2\/media?parent=20237"}],"wp:term":[{"taxonomy":"category","embeddable":true,"href":"https:\/\/sp1.kielce.eu\/index.php\/wp-json\/wp\/v2\/categories?post=20237"},{"taxonomy":"post_tag","embeddable":true,"href":"https:\/\/sp1.kielce.eu\/index.php\/wp-json\/wp\/v2\/tags?post=20237"}],"curies":[{"name":"wp","href":"https:\/\/api.w.org\/{rel}","templated":true}]}}