{"id":20232,"date":"2021-12-06T15:12:00","date_gmt":"2021-12-06T14:12:00","guid":{"rendered":"http:\/\/sp1.kielce.eu\/?p=20232"},"modified":"2021-12-05T22:13:27","modified_gmt":"2021-12-05T21:13:27","slug":"kartka-bozonarodzeniowa-dla-hospicjum","status":"publish","type":"post","link":"https:\/\/sp1.kielce.eu\/index.php\/2021\/12\/06\/kartka-bozonarodzeniowa-dla-hospicjum\/","title":{"rendered":"Kartka BO\u017bONARODZENIOWA dla Hospicjum!"},"content":{"rendered":"\n<p>W ramach <strong>P\u00f3l Nadziei<\/strong> w\u0142\u0105czmy si\u0119 jako Szko\u0142a w&nbsp;znan\u0105 ju\u017c nam inicjatyw\u0119 <strong>&#8222;Kartka dla Hospicjum&#8221;<\/strong>, kt\u00f3ra ubieg\u0142ym roku zako\u0144czy\u0142a si\u0119 wielkim odzewem tak wielu uczni\u00f3w ze wszystkich klas naszej \u201eJedynki\u201d.<\/p>\n\n\n\n<p><strong>&nbsp;<\/strong>Niestety to kolejny rok, w&nbsp;kt\u00f3rym oczekiwanie na Bo\u017ce Narodzenie i&nbsp;zapewne sam czas \u015awi\u0105t b\u0119dzie dla Pacjent\u00f3w i&nbsp;wielu chorych, samotnych naznaczony zwi\u0119kszon\u0105 izolacj\u0105. <strong>Pr\u00f3bujemy ten trudny czas uprzyjemni\u0107 na r\u00f3\u017cne sposoby, a&nbsp;jedn\u0105 z&nbsp;wa\u017cniejszych inicjatyw s\u0105 w\u0142a\u015bnie <u>kartki lub listy z&nbsp;pozdrowieniami dla Pacjent\u00f3w<\/u>.<\/strong><\/p>\n\n\n\n<p>Dlatego bardzo serdecznie <strong>zapraszamy Wszystkich do w\u0142\u0105czenia si\u0119 w&nbsp;akcj\u0119<\/strong>. <strong>Bardzo liczymy na starszych, m\u0142odszych i&nbsp;najm\u0142odszych uczni\u00f3w. <\/strong>Wszystkie Wasze karki, czy kr\u00f3tkie listy BO\u017bOnarodzeniowe, b\u0119d\u0105 ofiarowane pacjentom Hospicjum, a&nbsp;tak\u017ce innym osobom chorym, cierpi\u0105cym, czy \u017cyj\u0105cym samotnie na naszych osiedlach, a&nbsp;nale\u017c\u0105cych do parafii \u015bw. J\u00f3zefa Robotnika w&nbsp;Kielcach.<\/p>\n\n\n\n<p><strong>Termin dostarczenia kartek i&nbsp;list\u00f3w <u>do 20 grudnia (poniedzia\u0142ek) w\u0142\u0105cznie!<\/u><\/strong><\/p>\n\n\n\n<p>Dzi\u0119kujemy z&nbsp;g\u00f3ry za ka\u017cd\u0105 zrobion\u0105 kart\u0119, czy napisany list BO\u017bONarodzeniowy!<\/p>\n\n\n\n<p class=\"has-text-align-right\">ks. Konrad Walerczak,<br>p. Agnieszka Rycombel,<br>p. Ma\u0142gorzata Wojciechowska,<br>p. Paulina Kondracka,<br>wychowawcy klas.<\/p>\n\n\n\n<figure class=\"wp-block-gallery columns-1 is-cropped wp-block-gallery-1 is-layout-flex wp-block-gallery-is-layout-flex\"><ul class=\"blocks-gallery-grid\"><li class=\"blocks-gallery-item\"><figure><img loading=\"lazy\" decoding=\"async\" width=\"1200\" height=\"801\" src=\"http:\/\/sp1.kielce.eu\/wp-content\/uploads\/2021\/12\/ikona-boze-narodzenie-Copy.jpg\" alt=\"\" data-id=\"20233\" data-full-url=\"http:\/\/sp1.kielce.eu\/wp-content\/uploads\/2021\/12\/ikona-boze-narodzenie-Copy.jpg\" data-link=\"http:\/\/sp1.kielce.eu\/?attachment_id=20233\" class=\"wp-image-20233\" srcset=\"https:\/\/sp1.kielce.eu\/wp-content\/uploads\/2021\/12\/ikona-boze-narodzenie-Copy.jpg 1200w, https:\/\/sp1.kielce.eu\/wp-content\/uploads\/2021\/12\/ikona-boze-narodzenie-Copy-300x200.jpg 300w, https:\/\/sp1.kielce.eu\/wp-content\/uploads\/2021\/12\/ikona-boze-narodzenie-Copy-768x513.jpg 768w, https:\/\/sp1.kielce.eu\/wp-content\/uploads\/2021\/12\/ikona-boze-narodzenie-Copy-600x400.jpg 600w, https:\/\/sp1.kielce.eu\/wp-content\/uploads\/2021\/12\/ikona-boze-narodzenie-Copy-820x547.jpg 820w\" sizes=\"auto, (max-width: 1200px) 100vw, 1200px\" \/><\/figure><\/li><\/ul><\/figure>\n","protected":false},"excerpt":{"rendered":"<p>W ramach P\u00f3l Nadziei w\u0142\u0105czmy si\u0119 jako Szko\u0142a w&nbsp;znan\u0105 ju\u017c nam inicjatyw\u0119 &#8222;Kartka dla Hospicjum&#8221;, [&hellip;]<\/p>\n","protected":false},"author":13,"featured_media":20234,"comment_status":"closed","ping_status":"open","sticky":false,"template":"","format":"standard","meta":{"footnotes":""},"categories":[163,23],"tags":[],"class_list":["post-20232","post","type-post","status-publish","format-standard","has-post-thumbnail","hentry","category-skw","category-charytatywne"],"_links":{"self":[{"href":"https:\/\/sp1.kielce.eu\/index.php\/wp-json\/wp\/v2\/posts\/20232","targetHints":{"allow":["GET"]}}],"collection":[{"href":"https:\/\/sp1.kielce.eu\/index.php\/wp-json\/wp\/v2\/posts"}],"about":[{"href":"https:\/\/sp1.kielce.eu\/index.php\/wp-json\/wp\/v2\/types\/post"}],"author":[{"embeddable":true,"href":"https:\/\/sp1.kielce.eu\/index.php\/wp-json\/wp\/v2\/users\/13"}],"replies":[{"embeddable":true,"href":"https:\/\/sp1.kielce.eu\/index.php\/wp-json\/wp\/v2\/comments?post=20232"}],"version-history":[{"count":1,"href":"https:\/\/sp1.kielce.eu\/index.php\/wp-json\/wp\/v2\/posts\/20232\/revisions"}],"predecessor-version":[{"id":20236,"href":"https:\/\/sp1.kielce.eu\/index.php\/wp-json\/wp\/v2\/posts\/20232\/revisions\/20236"}],"wp:featuredmedia":[{"embeddable":true,"href":"https:\/\/sp1.kielce.eu\/index.php\/wp-json\/wp\/v2\/media\/20234"}],"wp:attachment":[{"href":"https:\/\/sp1.kielce.eu\/index.php\/wp-json\/wp\/v2\/media?parent=20232"}],"wp:term":[{"taxonomy":"category","embeddable":true,"href":"https:\/\/sp1.kielce.eu\/index.php\/wp-json\/wp\/v2\/categories?post=20232"},{"taxonomy":"post_tag","embeddable":true,"href":"https:\/\/sp1.kielce.eu\/index.php\/wp-json\/wp\/v2\/tags?post=20232"}],"curies":[{"name":"wp","href":"https:\/\/api.w.org\/{rel}","templated":true}]}}