{"id":20229,"date":"2021-12-05T22:05:54","date_gmt":"2021-12-05T21:05:54","guid":{"rendered":"http:\/\/sp1.kielce.eu\/?p=20229"},"modified":"2021-12-05T22:05:54","modified_gmt":"2021-12-05T21:05:54","slug":"nauczyciele-na-mikolajki","status":"publish","type":"post","link":"https:\/\/sp1.kielce.eu\/index.php\/2021\/12\/05\/nauczyciele-na-mikolajki\/","title":{"rendered":"Nauczyciele na Miko\u0142ajki"},"content":{"rendered":"\n<p class=\"has-text-align-center\">Ju\u017c Miko\u0142aj grzeje sanie.<br>Czego pragniesz niech si\u0119 stanie.<br>Ka\u017cde z marze\u0144 skrytych w g\u0142\u0119bi \u015awi\u0119ty Dziadek mo\u017ce spe\u0142ni\u0107.<\/p>\n\n\n\n<p class=\"has-text-align-center\">Pi\u0119knych i radosnych miko\u0142ajkowych chwil \u017cyczy&nbsp;Dyrekcja, Grono pedagogiczne i wszyscy pracownicy SP1 w Kielcach<img loading=\"lazy\" decoding=\"async\" src=\"\" alt=\"?\" width=\"16\" height=\"16\">&nbsp;<\/p>\n\n\n\n<p>Zesp\u00f3\u0142 ds Promocji<br>\u015apiewaj\u0105 Marta Okopie\u0144 i Emilia Orkisz<\/p>\n\n\n\n<figure class=\"wp-block-embed is-type-video is-provider-youtube wp-block-embed-youtube wp-embed-aspect-4-3 wp-has-aspect-ratio\"><div class=\"wp-block-embed__wrapper\">\n<iframe loading=\"lazy\" title=\"Filmik miko\u0142ajkowy SP1 w Kielcach\" width=\"1160\" height=\"870\" src=\"https:\/\/www.youtube.com\/embed\/r114pk_qgnw?feature=oembed\" frameborder=\"0\" allow=\"accelerometer; autoplay; clipboard-write; encrypted-media; gyroscope; picture-in-picture\" allowfullscreen><\/iframe>\n<\/div><\/figure>\n","protected":false},"excerpt":{"rendered":"<p>Ju\u017c Miko\u0142aj grzeje sanie.Czego pragniesz niech si\u0119 stanie.Ka\u017cde z marze\u0144 skrytych w g\u0142\u0119bi \u015awi\u0119ty Dziadek [&hellip;]<\/p>\n","protected":false},"author":13,"featured_media":20231,"comment_status":"closed","ping_status":"open","sticky":false,"template":"","format":"standard","meta":{"footnotes":""},"categories":[36],"tags":[],"class_list":["post-20229","post","type-post","status-publish","format-standard","has-post-thumbnail","hentry","category-wydarzenia"],"_links":{"self":[{"href":"https:\/\/sp1.kielce.eu\/index.php\/wp-json\/wp\/v2\/posts\/20229","targetHints":{"allow":["GET"]}}],"collection":[{"href":"https:\/\/sp1.kielce.eu\/index.php\/wp-json\/wp\/v2\/posts"}],"about":[{"href":"https:\/\/sp1.kielce.eu\/index.php\/wp-json\/wp\/v2\/types\/post"}],"author":[{"embeddable":true,"href":"https:\/\/sp1.kielce.eu\/index.php\/wp-json\/wp\/v2\/users\/13"}],"replies":[{"embeddable":true,"href":"https:\/\/sp1.kielce.eu\/index.php\/wp-json\/wp\/v2\/comments?post=20229"}],"version-history":[{"count":1,"href":"https:\/\/sp1.kielce.eu\/index.php\/wp-json\/wp\/v2\/posts\/20229\/revisions"}],"predecessor-version":[{"id":20230,"href":"https:\/\/sp1.kielce.eu\/index.php\/wp-json\/wp\/v2\/posts\/20229\/revisions\/20230"}],"wp:featuredmedia":[{"embeddable":true,"href":"https:\/\/sp1.kielce.eu\/index.php\/wp-json\/wp\/v2\/media\/20231"}],"wp:attachment":[{"href":"https:\/\/sp1.kielce.eu\/index.php\/wp-json\/wp\/v2\/media?parent=20229"}],"wp:term":[{"taxonomy":"category","embeddable":true,"href":"https:\/\/sp1.kielce.eu\/index.php\/wp-json\/wp\/v2\/categories?post=20229"},{"taxonomy":"post_tag","embeddable":true,"href":"https:\/\/sp1.kielce.eu\/index.php\/wp-json\/wp\/v2\/tags?post=20229"}],"curies":[{"name":"wp","href":"https:\/\/api.w.org\/{rel}","templated":true}]}}