{"id":2017,"date":"2017-05-22T22:59:22","date_gmt":"2017-05-22T20:59:22","guid":{"rendered":"http:\/\/sp1.kielce.eu\/?p=2017"},"modified":"2017-05-22T23:04:42","modified_gmt":"2017-05-22T21:04:42","slug":"agnieszka-tyszka","status":"publish","type":"post","link":"https:\/\/sp1.kielce.eu\/index.php\/2017\/05\/22\/agnieszka-tyszka\/","title":{"rendered":"Spotkanie z Agnieszk\u0105 Tyszk\u0105"},"content":{"rendered":"<p style=\"text-align: justify\">W dniu 28 kwietnia 2017 r. w Wojew\u00f3dzkim Domu Kultury w Kielcach odby\u0142o si\u0119 uroczyste podsumowanie Wojew\u00f3dzkiego Konkursu Literackiego \u201eList do pisarza\u201d, kt\u00f3rego organizatorami by\u0142a Pedagogiczna Biblioteka Wojew\u00f3dzka w Kielcach oraz Towarzystwo Nauczycieli Bibliotekarzy Szk\u00f3\u0142 Polskich Oddzia\u0142 w Kielcach.<\/p>\n<p style=\"text-align: justify\">Nasi uczniowie z klas sz\u00f3stych tak\u017ce napisali listy do pisarzy. Mieli okazj\u0119 przypomnie\u0107 sobie tradycyjn\u0105 sztuk\u0119 epistolografii oraz kaligrafii.<\/p>\n<p style=\"text-align: justify\">Aleksandra Wierzbicka z klasy 6b sw\u00f3j list skierowa\u0142a do wsp\u00f3\u0142czesnej pisarki \u2013 Agnieszki Tyszki &#8211; autorki ksi\u0105\u017cek m.in. ,,R\u00f3\u017ce w gara\u017cu\u201d, ,,Kawa dla kota\u201d, ,,Nawijka na skajpie\u201d czy te\u017c ,,Sma\u017cone tablety\u201d. Okaza\u0142o si\u0119, \u017ce na fina\u0142 konkursu zaproszono w\u0142a\u015bnie te powie\u015bciopisark\u0119. Ola mia\u0142a zaszczyt wr\u0119czy\u0107 sw\u00f3j list osobi\u015bcie.<\/p>\n<p style=\"text-align: justify\">Na spotkaniu autorskim byli obecni uczniowie z kl. 4c wraz z wychowawczyni\u0105 \u2013 p. Renat\u0105 Petrus. Dzieci wys\u0142ucha\u0142y rozmowy z Agnieszk\u0105 Tyszk\u0105 pt. ,,Ka\u017cda moja ksi\u0105\u017cka to list do Czytelnika\u201d. Dowiedzia\u0142y si\u0119, sk\u0105d pisarka czerpie inspiracj\u0119 do swoich ksi\u0105\u017cek. Udzia\u0142 w spotkaniu to jeden ze sposob\u00f3w upowszechniania czytelnictwa w naszej szkole.<\/p>\n<p style=\"text-align: justify\">Warto zobaczy\u0107 fotorelacj\u0119 z fina\u0142u konkursu na stronie Pedagogicznej Biblioteki Wojew\u00f3dzkiej<\/p>\n<p style=\"text-align: justify\"><a href=\"http:\/\/www.pbw.kielce.pl\/o-bibliotece\/galeria\/event\/Listdopisarza\">Tutaj<\/a><\/p>\n<p style=\"text-align: justify\">W Bibliotece Szkolnej tak\u017ce mo\u017cna znale\u017a\u0107 egzemplarze powie\u015bci Agnieszki Tyszki. Gor\u0105co polecamy, np. serie o ,,Zosi z ulicy Kociej\u201d<\/p>\n<p>&nbsp;<\/p>\n<p style=\"text-align: right\">\u00a0\u00a0\u00a0\u00a0\u00a0\u00a0\u00a0\u00a0\u00a0\u00a0\u00a0\u00a0\u00a0\u00a0\u00a0\u00a0\u00a0\u00a0\u00a0\u00a0\u00a0\u00a0\u00a0\u00a0\u00a0\u00a0\u00a0\u00a0\u00a0\u00a0\u00a0\u00a0\u00a0\u00a0\u00a0\u00a0\u00a0\u00a0\u00a0\u00a0\u00a0\u00a0\u00a0\u00a0\u00a0\u00a0\u00a0\u00a0\u00a0\u00a0\u00a0\u00a0\u00a0\u00a0\u00a0\u00a0\u00a0\u00a0\u00a0\u00a0\u00a0\u00a0\u00a0\u00a0\u00a0\u00a0\u00a0\u00a0\u00a0\u00a0\u00a0\u00a0\u00a0\u00a0 Dorota Broni\u015b<\/p>\n<p style=\"text-align: right\">\u00a0\u00a0\u00a0\u00a0\u00a0\u00a0\u00a0\u00a0\u00a0\u00a0\u00a0\u00a0\u00a0\u00a0\u00a0\u00a0\u00a0\u00a0\u00a0\u00a0\u00a0\u00a0\u00a0\u00a0\u00a0\u00a0\u00a0\u00a0\u00a0\u00a0\u00a0\u00a0\u00a0\u00a0\u00a0\u00a0\u00a0\u00a0\u00a0\u00a0\u00a0\u00a0\u00a0\u00a0\u00a0\u00a0\u00a0\u00a0\u00a0\u00a0\u00a0\u00a0\u00a0\u00a0\u00a0\u00a0\u00a0\u00a0\u00a0\u00a0\u00a0\u00a0\u00a0\u00a0\u00a0\u00a0\u00a0\u00a0\u00a0\u00a0 \u00a0 \u00a0Renata Kozie\u0142<\/p>\n<div id='gallery-1' class='gallery galleryid-2017 gallery-columns-1 gallery-size-thumbnail'><figure class='gallery-item'>\n\t\t\t<div class='gallery-icon landscape'>\n\t\t\t\t<a href='https:\/\/sp1.kielce.eu\/wp-content\/uploads\/2017\/05\/SAM_1879-Medium.jpg'><img loading=\"lazy\" decoding=\"async\" width=\"150\" height=\"150\" src=\"https:\/\/sp1.kielce.eu\/wp-content\/uploads\/2017\/05\/SAM_1879-Medium-150x150.jpg\" class=\"attachment-thumbnail size-thumbnail\" alt=\"Aleksandra Wierzbicka 6b\" aria-describedby=\"gallery-1-2018\" \/><\/a>\n\t\t\t<\/div>\n\t\t\t\t<figcaption class='wp-caption-text gallery-caption' id='gallery-1-2018'>\n\t\t\t\t01\n\t\t\t\t<\/figcaption><\/figure>\n\t\t<\/div>\n\n<p>&nbsp;<\/p>\n<p>&nbsp;<\/p>\n","protected":false},"excerpt":{"rendered":"<p>W dniu 28 kwietnia 2017 r. w Wojew\u00f3dzkim Domu Kultury w Kielcach odby\u0142o si\u0119 uroczyste [&hellip;]<\/p>\n","protected":false},"author":5,"featured_media":2018,"comment_status":"closed","ping_status":"open","sticky":false,"template":"","format":"standard","meta":{"footnotes":""},"categories":[72],"tags":[],"class_list":["post-2017","post","type-post","status-publish","format-standard","has-post-thumbnail","hentry","category-biblioteka"],"_links":{"self":[{"href":"https:\/\/sp1.kielce.eu\/index.php\/wp-json\/wp\/v2\/posts\/2017","targetHints":{"allow":["GET"]}}],"collection":[{"href":"https:\/\/sp1.kielce.eu\/index.php\/wp-json\/wp\/v2\/posts"}],"about":[{"href":"https:\/\/sp1.kielce.eu\/index.php\/wp-json\/wp\/v2\/types\/post"}],"author":[{"embeddable":true,"href":"https:\/\/sp1.kielce.eu\/index.php\/wp-json\/wp\/v2\/users\/5"}],"replies":[{"embeddable":true,"href":"https:\/\/sp1.kielce.eu\/index.php\/wp-json\/wp\/v2\/comments?post=2017"}],"version-history":[{"count":1,"href":"https:\/\/sp1.kielce.eu\/index.php\/wp-json\/wp\/v2\/posts\/2017\/revisions"}],"predecessor-version":[{"id":2019,"href":"https:\/\/sp1.kielce.eu\/index.php\/wp-json\/wp\/v2\/posts\/2017\/revisions\/2019"}],"wp:featuredmedia":[{"embeddable":true,"href":"https:\/\/sp1.kielce.eu\/index.php\/wp-json\/wp\/v2\/media\/2018"}],"wp:attachment":[{"href":"https:\/\/sp1.kielce.eu\/index.php\/wp-json\/wp\/v2\/media?parent=2017"}],"wp:term":[{"taxonomy":"category","embeddable":true,"href":"https:\/\/sp1.kielce.eu\/index.php\/wp-json\/wp\/v2\/categories?post=2017"},{"taxonomy":"post_tag","embeddable":true,"href":"https:\/\/sp1.kielce.eu\/index.php\/wp-json\/wp\/v2\/tags?post=2017"}],"curies":[{"name":"wp","href":"https:\/\/api.w.org\/{rel}","templated":true}]}}