{"id":20145,"date":"2021-12-02T09:19:00","date_gmt":"2021-12-02T08:19:00","guid":{"rendered":"http:\/\/sp1.kielce.eu\/?p=20145"},"modified":"2021-12-01T23:21:12","modified_gmt":"2021-12-01T22:21:12","slug":"air-track-projekt-unijny","status":"publish","type":"post","link":"https:\/\/sp1.kielce.eu\/index.php\/2021\/12\/02\/air-track-projekt-unijny\/","title":{"rendered":"AIR TRACK &#8211; PROJEKT UNIJNY"},"content":{"rendered":"\n<p>Spe\u0142niamy marzenia sportowej spo\u0142eczno\u015bci szkolnej.<br>Z projektu unijnego &#8222;Nowoczesna Edukacja w&nbsp;Jedynce\u201d, dostali\u015bmy dofinansowanie do zakupu \u015bcie\u017cki gimnastycznej &#8211; AIR TRACK.<br>\u015acie\u017cka gimnastyczna air track to sprz\u0119t gimnastyczny, kt\u00f3ry mo\u017ce pe\u0142ni\u0107 wiele funkcji. Z&nbsp;powodzeniem zast\u0119puje zar\u00f3wno materac, jak i&nbsp;klasyczn\u0105 \u015bcie\u017ck\u0119 akrobatyczn\u0105. Mo\u017ce by\u0107 bardzo mi\u0119kki, ale te\u017c spr\u0119\u017cysty i&nbsp;twardy. Wszystko zale\u017cy od przeznaczenia oraz r\u00f3\u017cnic w&nbsp;grubo\u015bci i&nbsp;ci\u015bnieniu. Polecana jest jako sprz\u0119t do gimnastyki i&nbsp;akrobatyki \u2013 zwi\u0119ksza bezpiecze\u0144stwo i&nbsp;komfort treningu, nie obci\u0105\u017ca staw\u00f3w. Air track to zatem doskona\u0142e rozwi\u0105zanie dla uczni\u00f3w uprawiaj\u0105cych t\u0105 dyscyplin\u0119 w&nbsp;naszej szkole.<\/p>\n\n\n\n<p class=\"has-text-align-right\">Nauczyciel wychowania fizycznego i trener gimnastyki<br>Marta Wi\u0119ckowska<\/p>\n\n\n\n<figure class=\"wp-block-gallery columns-5 is-cropped wp-block-gallery-1 is-layout-flex wp-block-gallery-is-layout-flex\"><ul class=\"blocks-gallery-grid\"><li class=\"blocks-gallery-item\"><figure><a href=\"http:\/\/sp1.kielce.eu\/wp-content\/uploads\/2021\/12\/IMG_20210826_145918-Copy.jpg\"><img loading=\"lazy\" decoding=\"async\" width=\"1200\" height=\"900\" src=\"http:\/\/sp1.kielce.eu\/wp-content\/uploads\/2021\/12\/IMG_20210826_145918-Copy.jpg\" alt=\"\" data-id=\"20146\" data-full-url=\"http:\/\/sp1.kielce.eu\/wp-content\/uploads\/2021\/12\/IMG_20210826_145918-Copy.jpg\" data-link=\"http:\/\/sp1.kielce.eu\/?attachment_id=20146\" class=\"wp-image-20146\" srcset=\"https:\/\/sp1.kielce.eu\/wp-content\/uploads\/2021\/12\/IMG_20210826_145918-Copy.jpg 1200w, https:\/\/sp1.kielce.eu\/wp-content\/uploads\/2021\/12\/IMG_20210826_145918-Copy-300x225.jpg 300w, https:\/\/sp1.kielce.eu\/wp-content\/uploads\/2021\/12\/IMG_20210826_145918-Copy-768x576.jpg 768w, https:\/\/sp1.kielce.eu\/wp-content\/uploads\/2021\/12\/IMG_20210826_145918-Copy-820x615.jpg 820w\" sizes=\"auto, (max-width: 1200px) 100vw, 1200px\" \/><\/a><\/figure><\/li><li class=\"blocks-gallery-item\"><figure><a href=\"http:\/\/sp1.kielce.eu\/wp-content\/uploads\/2021\/12\/IMG_20210826_145936-Copy.jpg\"><img loading=\"lazy\" decoding=\"async\" width=\"1200\" height=\"900\" src=\"http:\/\/sp1.kielce.eu\/wp-content\/uploads\/2021\/12\/IMG_20210826_145936-Copy.jpg\" alt=\"\" data-id=\"20147\" data-full-url=\"http:\/\/sp1.kielce.eu\/wp-content\/uploads\/2021\/12\/IMG_20210826_145936-Copy.jpg\" data-link=\"http:\/\/sp1.kielce.eu\/?attachment_id=20147\" class=\"wp-image-20147\" srcset=\"https:\/\/sp1.kielce.eu\/wp-content\/uploads\/2021\/12\/IMG_20210826_145936-Copy.jpg 1200w, https:\/\/sp1.kielce.eu\/wp-content\/uploads\/2021\/12\/IMG_20210826_145936-Copy-300x225.jpg 300w, https:\/\/sp1.kielce.eu\/wp-content\/uploads\/2021\/12\/IMG_20210826_145936-Copy-768x576.jpg 768w, https:\/\/sp1.kielce.eu\/wp-content\/uploads\/2021\/12\/IMG_20210826_145936-Copy-820x615.jpg 820w\" sizes=\"auto, (max-width: 1200px) 100vw, 1200px\" \/><\/a><\/figure><\/li><li class=\"blocks-gallery-item\"><figure><a href=\"http:\/\/sp1.kielce.eu\/wp-content\/uploads\/2021\/12\/IMG_20210826_150234-Copy.jpg\"><img loading=\"lazy\" decoding=\"async\" width=\"1200\" height=\"900\" src=\"http:\/\/sp1.kielce.eu\/wp-content\/uploads\/2021\/12\/IMG_20210826_150234-Copy.jpg\" alt=\"\" data-id=\"20148\" data-full-url=\"http:\/\/sp1.kielce.eu\/wp-content\/uploads\/2021\/12\/IMG_20210826_150234-Copy.jpg\" data-link=\"http:\/\/sp1.kielce.eu\/?attachment_id=20148\" class=\"wp-image-20148\" srcset=\"https:\/\/sp1.kielce.eu\/wp-content\/uploads\/2021\/12\/IMG_20210826_150234-Copy.jpg 1200w, https:\/\/sp1.kielce.eu\/wp-content\/uploads\/2021\/12\/IMG_20210826_150234-Copy-300x225.jpg 300w, https:\/\/sp1.kielce.eu\/wp-content\/uploads\/2021\/12\/IMG_20210826_150234-Copy-768x576.jpg 768w, https:\/\/sp1.kielce.eu\/wp-content\/uploads\/2021\/12\/IMG_20210826_150234-Copy-820x615.jpg 820w\" sizes=\"auto, (max-width: 1200px) 100vw, 1200px\" \/><\/a><\/figure><\/li><li class=\"blocks-gallery-item\"><figure><a href=\"http:\/\/sp1.kielce.eu\/wp-content\/uploads\/2021\/12\/IMG_20210826_150353-Copy.jpg\"><img loading=\"lazy\" decoding=\"async\" width=\"675\" height=\"900\" src=\"http:\/\/sp1.kielce.eu\/wp-content\/uploads\/2021\/12\/IMG_20210826_150353-Copy.jpg\" alt=\"\" data-id=\"20149\" data-full-url=\"http:\/\/sp1.kielce.eu\/wp-content\/uploads\/2021\/12\/IMG_20210826_150353-Copy.jpg\" data-link=\"http:\/\/sp1.kielce.eu\/?attachment_id=20149\" class=\"wp-image-20149\" srcset=\"https:\/\/sp1.kielce.eu\/wp-content\/uploads\/2021\/12\/IMG_20210826_150353-Copy.jpg 675w, https:\/\/sp1.kielce.eu\/wp-content\/uploads\/2021\/12\/IMG_20210826_150353-Copy-225x300.jpg 225w\" sizes=\"auto, (max-width: 675px) 100vw, 675px\" \/><\/a><\/figure><\/li><li class=\"blocks-gallery-item\"><figure><a href=\"http:\/\/sp1.kielce.eu\/wp-content\/uploads\/2021\/12\/IMG_20210826_150533-Copy.jpg\"><img loading=\"lazy\" decoding=\"async\" width=\"1200\" height=\"900\" src=\"http:\/\/sp1.kielce.eu\/wp-content\/uploads\/2021\/12\/IMG_20210826_150533-Copy.jpg\" alt=\"\" data-id=\"20150\" data-full-url=\"http:\/\/sp1.kielce.eu\/wp-content\/uploads\/2021\/12\/IMG_20210826_150533-Copy.jpg\" data-link=\"http:\/\/sp1.kielce.eu\/?attachment_id=20150\" class=\"wp-image-20150\" srcset=\"https:\/\/sp1.kielce.eu\/wp-content\/uploads\/2021\/12\/IMG_20210826_150533-Copy.jpg 1200w, https:\/\/sp1.kielce.eu\/wp-content\/uploads\/2021\/12\/IMG_20210826_150533-Copy-300x225.jpg 300w, https:\/\/sp1.kielce.eu\/wp-content\/uploads\/2021\/12\/IMG_20210826_150533-Copy-768x576.jpg 768w, https:\/\/sp1.kielce.eu\/wp-content\/uploads\/2021\/12\/IMG_20210826_150533-Copy-820x615.jpg 820w\" sizes=\"auto, (max-width: 1200px) 100vw, 1200px\" \/><\/a><\/figure><\/li><li class=\"blocks-gallery-item\"><figure><a href=\"http:\/\/sp1.kielce.eu\/wp-content\/uploads\/2021\/12\/IMG_20210826_150536-Copy.jpg\"><img loading=\"lazy\" decoding=\"async\" width=\"1200\" height=\"900\" src=\"http:\/\/sp1.kielce.eu\/wp-content\/uploads\/2021\/12\/IMG_20210826_150536-Copy.jpg\" alt=\"\" data-id=\"20151\" data-full-url=\"http:\/\/sp1.kielce.eu\/wp-content\/uploads\/2021\/12\/IMG_20210826_150536-Copy.jpg\" data-link=\"http:\/\/sp1.kielce.eu\/?attachment_id=20151\" class=\"wp-image-20151\" srcset=\"https:\/\/sp1.kielce.eu\/wp-content\/uploads\/2021\/12\/IMG_20210826_150536-Copy.jpg 1200w, https:\/\/sp1.kielce.eu\/wp-content\/uploads\/2021\/12\/IMG_20210826_150536-Copy-300x225.jpg 300w, https:\/\/sp1.kielce.eu\/wp-content\/uploads\/2021\/12\/IMG_20210826_150536-Copy-768x576.jpg 768w, https:\/\/sp1.kielce.eu\/wp-content\/uploads\/2021\/12\/IMG_20210826_150536-Copy-820x615.jpg 820w\" sizes=\"auto, (max-width: 1200px) 100vw, 1200px\" \/><\/a><\/figure><\/li><li class=\"blocks-gallery-item\"><figure><a href=\"http:\/\/sp1.kielce.eu\/wp-content\/uploads\/2021\/12\/IMG_20210826_151040-Copy.jpg\"><img loading=\"lazy\" decoding=\"async\" width=\"1200\" height=\"900\" src=\"http:\/\/sp1.kielce.eu\/wp-content\/uploads\/2021\/12\/IMG_20210826_151040-Copy.jpg\" alt=\"\" data-id=\"20152\" data-full-url=\"http:\/\/sp1.kielce.eu\/wp-content\/uploads\/2021\/12\/IMG_20210826_151040-Copy.jpg\" data-link=\"http:\/\/sp1.kielce.eu\/?attachment_id=20152\" class=\"wp-image-20152\" srcset=\"https:\/\/sp1.kielce.eu\/wp-content\/uploads\/2021\/12\/IMG_20210826_151040-Copy.jpg 1200w, https:\/\/sp1.kielce.eu\/wp-content\/uploads\/2021\/12\/IMG_20210826_151040-Copy-300x225.jpg 300w, https:\/\/sp1.kielce.eu\/wp-content\/uploads\/2021\/12\/IMG_20210826_151040-Copy-768x576.jpg 768w, https:\/\/sp1.kielce.eu\/wp-content\/uploads\/2021\/12\/IMG_20210826_151040-Copy-820x615.jpg 820w\" sizes=\"auto, (max-width: 1200px) 100vw, 1200px\" \/><\/a><\/figure><\/li><li class=\"blocks-gallery-item\"><figure><a href=\"http:\/\/sp1.kielce.eu\/wp-content\/uploads\/2021\/12\/IMG_20210826_151212-Copy.jpg\"><img loading=\"lazy\" decoding=\"async\" width=\"1200\" height=\"900\" src=\"http:\/\/sp1.kielce.eu\/wp-content\/uploads\/2021\/12\/IMG_20210826_151212-Copy.jpg\" alt=\"\" data-id=\"20153\" data-full-url=\"http:\/\/sp1.kielce.eu\/wp-content\/uploads\/2021\/12\/IMG_20210826_151212-Copy.jpg\" data-link=\"http:\/\/sp1.kielce.eu\/?attachment_id=20153\" class=\"wp-image-20153\" srcset=\"https:\/\/sp1.kielce.eu\/wp-content\/uploads\/2021\/12\/IMG_20210826_151212-Copy.jpg 1200w, https:\/\/sp1.kielce.eu\/wp-content\/uploads\/2021\/12\/IMG_20210826_151212-Copy-300x225.jpg 300w, https:\/\/sp1.kielce.eu\/wp-content\/uploads\/2021\/12\/IMG_20210826_151212-Copy-768x576.jpg 768w, https:\/\/sp1.kielce.eu\/wp-content\/uploads\/2021\/12\/IMG_20210826_151212-Copy-820x615.jpg 820w\" sizes=\"auto, (max-width: 1200px) 100vw, 1200px\" \/><\/a><\/figure><\/li><li class=\"blocks-gallery-item\"><figure><a href=\"http:\/\/sp1.kielce.eu\/wp-content\/uploads\/2021\/12\/IMG_20210826_151213-Copy.jpg\"><img loading=\"lazy\" decoding=\"async\" width=\"1200\" height=\"900\" src=\"http:\/\/sp1.kielce.eu\/wp-content\/uploads\/2021\/12\/IMG_20210826_151213-Copy.jpg\" alt=\"\" data-id=\"20154\" data-full-url=\"http:\/\/sp1.kielce.eu\/wp-content\/uploads\/2021\/12\/IMG_20210826_151213-Copy.jpg\" data-link=\"http:\/\/sp1.kielce.eu\/?attachment_id=20154\" class=\"wp-image-20154\" srcset=\"https:\/\/sp1.kielce.eu\/wp-content\/uploads\/2021\/12\/IMG_20210826_151213-Copy.jpg 1200w, https:\/\/sp1.kielce.eu\/wp-content\/uploads\/2021\/12\/IMG_20210826_151213-Copy-300x225.jpg 300w, https:\/\/sp1.kielce.eu\/wp-content\/uploads\/2021\/12\/IMG_20210826_151213-Copy-768x576.jpg 768w, https:\/\/sp1.kielce.eu\/wp-content\/uploads\/2021\/12\/IMG_20210826_151213-Copy-820x615.jpg 820w\" sizes=\"auto, (max-width: 1200px) 100vw, 1200px\" \/><\/a><\/figure><\/li><\/ul><\/figure>\n","protected":false},"excerpt":{"rendered":"<p>Spe\u0142niamy marzenia sportowej spo\u0142eczno\u015bci szkolnej.Z projektu unijnego &#8222;Nowoczesna Edukacja w&nbsp;Jedynce\u201d, dostali\u015bmy dofinansowanie do zakupu \u015bcie\u017cki [&hellip;]<\/p>\n","protected":false},"author":13,"featured_media":20155,"comment_status":"closed","ping_status":"open","sticky":false,"template":"","format":"standard","meta":{"footnotes":""},"categories":[11],"tags":[],"class_list":["post-20145","post","type-post","status-publish","format-standard","has-post-thumbnail","hentry","category-zawody-sportowe"],"_links":{"self":[{"href":"https:\/\/sp1.kielce.eu\/index.php\/wp-json\/wp\/v2\/posts\/20145","targetHints":{"allow":["GET"]}}],"collection":[{"href":"https:\/\/sp1.kielce.eu\/index.php\/wp-json\/wp\/v2\/posts"}],"about":[{"href":"https:\/\/sp1.kielce.eu\/index.php\/wp-json\/wp\/v2\/types\/post"}],"author":[{"embeddable":true,"href":"https:\/\/sp1.kielce.eu\/index.php\/wp-json\/wp\/v2\/users\/13"}],"replies":[{"embeddable":true,"href":"https:\/\/sp1.kielce.eu\/index.php\/wp-json\/wp\/v2\/comments?post=20145"}],"version-history":[{"count":1,"href":"https:\/\/sp1.kielce.eu\/index.php\/wp-json\/wp\/v2\/posts\/20145\/revisions"}],"predecessor-version":[{"id":20156,"href":"https:\/\/sp1.kielce.eu\/index.php\/wp-json\/wp\/v2\/posts\/20145\/revisions\/20156"}],"wp:featuredmedia":[{"embeddable":true,"href":"https:\/\/sp1.kielce.eu\/index.php\/wp-json\/wp\/v2\/media\/20155"}],"wp:attachment":[{"href":"https:\/\/sp1.kielce.eu\/index.php\/wp-json\/wp\/v2\/media?parent=20145"}],"wp:term":[{"taxonomy":"category","embeddable":true,"href":"https:\/\/sp1.kielce.eu\/index.php\/wp-json\/wp\/v2\/categories?post=20145"},{"taxonomy":"post_tag","embeddable":true,"href":"https:\/\/sp1.kielce.eu\/index.php\/wp-json\/wp\/v2\/tags?post=20145"}],"curies":[{"name":"wp","href":"https:\/\/api.w.org\/{rel}","templated":true}]}}