{"id":20025,"date":"2021-11-26T10:24:27","date_gmt":"2021-11-26T09:24:27","guid":{"rendered":"http:\/\/sp1.kielce.eu\/?p=20025"},"modified":"2021-11-26T10:24:27","modified_gmt":"2021-11-26T09:24:27","slug":"uwaga-konkurs-na-najpiekniejsza-ozdobe-choinkowa-i-swiateczna","status":"publish","type":"post","link":"https:\/\/sp1.kielce.eu\/index.php\/2021\/11\/26\/uwaga-konkurs-na-najpiekniejsza-ozdobe-choinkowa-i-swiateczna\/","title":{"rendered":"Uwaga konkurs na \u201eNajpi\u0119kniejsz\u0105 ozdob\u0119 choinkow\u0105 i \u015bwi\u0105teczn\u0105"},"content":{"rendered":"\n<ol class=\"wp-block-list\" type=\"1\"><li><strong>Cele konkursu<\/strong><\/li><li>Kultywowanie tradycji zwi\u0105zanych ze&nbsp;\u015awi\u0119tami Bo\u017cego Narodzenia.<\/li><li>Rozwijanie wyobra\u017ani oraz&nbsp;pobudzanie aktywno\u015bci tw\u00f3rczej uczestnik\u00f3w.<\/li><li>Rozwijanie wra\u017cliwo\u015bci estetycznej.<\/li><li>Stworzenie mo\u017cliwo\u015bci prezentacji w\u0142asnych dokona\u0144 tw\u00f3rczych.<\/li><\/ol>\n\n\n\n<p><strong>&nbsp;Uczestnicy<\/strong><\/p>\n\n\n\n<p><strong>&nbsp;<\/strong>Konkurs adresowany jest do&nbsp; uczni\u00f3w klas 1-8<\/p>\n\n\n\n<ol class=\"wp-block-list\" type=\"1\"><li>Prace oceniane b\u0119d\u0105 w&nbsp;kategorii indywidualnej .Ka\u017cdy uczestnik<\/li><\/ol>\n\n\n\n<p>mo\u017ce z\u0142o\u017cy\u0107 do&nbsp;konkursu kilka prac<\/p>\n\n\n\n<p><strong>&nbsp;Tematem konkursu jest<\/strong>:&nbsp;<strong>Najpi\u0119kniejsza ozdoba choinkowa lub \u015bwi\u0105teczna np.&nbsp;stroik.<\/strong><\/p>\n\n\n\n<p>Przez ozdob\u0119 choinkow\u0105 rozumie si\u0119: bombki&nbsp; i&nbsp;dowolne tradycyjne ozdoby wisz\u0105ce.<\/p>\n\n\n\n<p><strong>Technika wykonania<\/strong>&nbsp;\u2013 dowolna. Przyk\u0142adowe materia\u0142y plastyczne: tkanina, filc, we\u0142na, akcesoria pasmanteryjne, wst\u0105\u017cki, papier, bibu\u0142a, farby, s\u0142oma, koraliki, brokat, kordonek, etc.<\/p>\n\n\n\n<p>Wymogi techniczne wykonania prac:<\/p>\n\n\n\n<p>\u2013 ka\u017cda ozdoba musi mie\u0107 przytwierdzon\u0105 zawieszk\u0119, sznureczek lub haczyk umo\u017cliwiaj\u0105cy zawieszenie na&nbsp;choince.<\/p>\n\n\n\n<p>Stroik \u015bwi\u0105teczny mo\u017ce by\u0107 wykonany z&nbsp;dowolnych materia\u0142\u00f3w.<\/p>\n\n\n\n<p>Ka\u017cda praca powinna mie\u0107 przytwierdzon\u0105 metryczk\u0119 z&nbsp;imieniem, nazwiskiem uczestnika&nbsp; wiekiem, klas\u0105.&nbsp;<\/p>\n\n\n\n<ol class=\"wp-block-list\" type=\"1\"><li><strong>Termin i&nbsp;warunki dostarczenia prac<\/strong><\/li><\/ol>\n\n\n\n<p>Prace plastyczne nale\u017cy sk\u0142ada\u0107 do p. Anety Trzci\u0144skiej &nbsp;do&nbsp;10 grudnia 2021 r.&nbsp;<\/p>\n\n\n\n<ol class=\"wp-block-list\" type=\"1\"><li><strong>Rozstrzygni\u0119cie konkursu i&nbsp;nagrody<\/strong><\/li><\/ol>\n\n\n\n<p>Oceny prac konkursowych dokona Komisja powo\u0142ana przez Organizatora. Przy ocenie prac b\u0119d\u0105 brane pod&nbsp;uwag\u0119 nast\u0119puj\u0105ce kryteria:<\/p>\n\n\n\n<p>\u2013 nawi\u0105zanie do&nbsp;tradycji Bo\u017cego Narodzenia<\/p>\n\n\n\n<p>\u2013 pomys\u0142owo\u015b\u0107<\/p>\n\n\n\n<p>\u2013 estetyka wykonania<\/p>\n\n\n\n<p>\u2013 wk\u0142ad pracy<\/p>\n\n\n\n<p>\u00a0Wyniki konkursu opublikowane zostan\u0105 na\u00a0stronie internetowej \u00a0szko\u0142y\u00a0<\/p>\n\n\n\n<p class=\"has-text-align-right\">Aneta Trzci\u0144ska<\/p>\n","protected":false},"excerpt":{"rendered":"<p>Cele konkursu Kultywowanie tradycji zwi\u0105zanych ze&nbsp;\u015awi\u0119tami Bo\u017cego Narodzenia. Rozwijanie wyobra\u017ani oraz&nbsp;pobudzanie aktywno\u015bci tw\u00f3rczej uczestnik\u00f3w. Rozwijanie [&hellip;]<\/p>\n","protected":false},"author":5,"featured_media":20026,"comment_status":"closed","ping_status":"open","sticky":false,"template":"","format":"standard","meta":{"footnotes":""},"categories":[36],"tags":[],"class_list":["post-20025","post","type-post","status-publish","format-standard","has-post-thumbnail","hentry","category-wydarzenia"],"_links":{"self":[{"href":"https:\/\/sp1.kielce.eu\/index.php\/wp-json\/wp\/v2\/posts\/20025","targetHints":{"allow":["GET"]}}],"collection":[{"href":"https:\/\/sp1.kielce.eu\/index.php\/wp-json\/wp\/v2\/posts"}],"about":[{"href":"https:\/\/sp1.kielce.eu\/index.php\/wp-json\/wp\/v2\/types\/post"}],"author":[{"embeddable":true,"href":"https:\/\/sp1.kielce.eu\/index.php\/wp-json\/wp\/v2\/users\/5"}],"replies":[{"embeddable":true,"href":"https:\/\/sp1.kielce.eu\/index.php\/wp-json\/wp\/v2\/comments?post=20025"}],"version-history":[{"count":1,"href":"https:\/\/sp1.kielce.eu\/index.php\/wp-json\/wp\/v2\/posts\/20025\/revisions"}],"predecessor-version":[{"id":20027,"href":"https:\/\/sp1.kielce.eu\/index.php\/wp-json\/wp\/v2\/posts\/20025\/revisions\/20027"}],"wp:featuredmedia":[{"embeddable":true,"href":"https:\/\/sp1.kielce.eu\/index.php\/wp-json\/wp\/v2\/media\/20026"}],"wp:attachment":[{"href":"https:\/\/sp1.kielce.eu\/index.php\/wp-json\/wp\/v2\/media?parent=20025"}],"wp:term":[{"taxonomy":"category","embeddable":true,"href":"https:\/\/sp1.kielce.eu\/index.php\/wp-json\/wp\/v2\/categories?post=20025"},{"taxonomy":"post_tag","embeddable":true,"href":"https:\/\/sp1.kielce.eu\/index.php\/wp-json\/wp\/v2\/tags?post=20025"}],"curies":[{"name":"wp","href":"https:\/\/api.w.org\/{rel}","templated":true}]}}