{"id":20020,"date":"2021-11-26T10:21:55","date_gmt":"2021-11-26T09:21:55","guid":{"rendered":"http:\/\/sp1.kielce.eu\/?p=20020"},"modified":"2021-11-26T10:21:55","modified_gmt":"2021-11-26T09:21:55","slug":"realizacja-narodowego-programu-rozwoju-czytelnictwa","status":"publish","type":"post","link":"https:\/\/sp1.kielce.eu\/index.php\/2021\/11\/26\/realizacja-narodowego-programu-rozwoju-czytelnictwa\/","title":{"rendered":"Realizacja Narodowego Programu Rozwoju Czytelnictwa"},"content":{"rendered":"\n<p>W ramach Narodowego Programu Rozwoju Czytelnictwa\u00a0 uczniowie na l. bibliotecznych wykonywali zak\u0142adki do ksi\u0105\u017cek o tematyce patriotycznej, min z wizerunkiem Papie\u017ca Jana Paw\u0142a II, oraz Kardyna\u0142a Stefana Wyszy\u0144skiego<\/p>\n\n\n\n<p class=\"has-text-align-right\">Aneta Trzci\u0144ska<\/p>\n\n\n\n<figure class=\"wp-block-gallery columns-3 is-cropped wp-block-gallery-1 is-layout-flex wp-block-gallery-is-layout-flex\"><ul class=\"blocks-gallery-grid\"><li class=\"blocks-gallery-item\"><figure><a href=\"http:\/\/sp1.kielce.eu\/wp-content\/uploads\/2021\/11\/1637426326639-Medium.jpg\"><img loading=\"lazy\" decoding=\"async\" width=\"1024\" height=\"768\" src=\"http:\/\/sp1.kielce.eu\/wp-content\/uploads\/2021\/11\/1637426326639-Medium.jpg\" alt=\"\" data-id=\"20021\" data-full-url=\"http:\/\/sp1.kielce.eu\/wp-content\/uploads\/2021\/11\/1637426326639-Medium.jpg\" data-link=\"http:\/\/sp1.kielce.eu\/?attachment_id=20021\" class=\"wp-image-20021\" srcset=\"https:\/\/sp1.kielce.eu\/wp-content\/uploads\/2021\/11\/1637426326639-Medium.jpg 1024w, https:\/\/sp1.kielce.eu\/wp-content\/uploads\/2021\/11\/1637426326639-Medium-300x225.jpg 300w, https:\/\/sp1.kielce.eu\/wp-content\/uploads\/2021\/11\/1637426326639-Medium-768x576.jpg 768w, https:\/\/sp1.kielce.eu\/wp-content\/uploads\/2021\/11\/1637426326639-Medium-820x615.jpg 820w\" sizes=\"auto, (max-width: 1024px) 100vw, 1024px\" \/><\/a><\/figure><\/li><li class=\"blocks-gallery-item\"><figure><a href=\"http:\/\/sp1.kielce.eu\/wp-content\/uploads\/2021\/11\/1637426326681-Medium.jpg\"><img loading=\"lazy\" decoding=\"async\" width=\"1024\" height=\"768\" src=\"http:\/\/sp1.kielce.eu\/wp-content\/uploads\/2021\/11\/1637426326681-Medium.jpg\" alt=\"\" data-id=\"20022\" data-full-url=\"http:\/\/sp1.kielce.eu\/wp-content\/uploads\/2021\/11\/1637426326681-Medium.jpg\" data-link=\"http:\/\/sp1.kielce.eu\/?attachment_id=20022\" class=\"wp-image-20022\" srcset=\"https:\/\/sp1.kielce.eu\/wp-content\/uploads\/2021\/11\/1637426326681-Medium.jpg 1024w, https:\/\/sp1.kielce.eu\/wp-content\/uploads\/2021\/11\/1637426326681-Medium-300x225.jpg 300w, https:\/\/sp1.kielce.eu\/wp-content\/uploads\/2021\/11\/1637426326681-Medium-768x576.jpg 768w, https:\/\/sp1.kielce.eu\/wp-content\/uploads\/2021\/11\/1637426326681-Medium-820x615.jpg 820w\" sizes=\"auto, (max-width: 1024px) 100vw, 1024px\" \/><\/a><\/figure><\/li><li class=\"blocks-gallery-item\"><figure><a href=\"http:\/\/sp1.kielce.eu\/wp-content\/uploads\/2021\/11\/R.jpg\"><img loading=\"lazy\" decoding=\"async\" width=\"1200\" height=\"827\" src=\"http:\/\/sp1.kielce.eu\/wp-content\/uploads\/2021\/11\/R.jpg\" alt=\"\" data-id=\"20023\" data-full-url=\"http:\/\/sp1.kielce.eu\/wp-content\/uploads\/2021\/11\/R.jpg\" data-link=\"http:\/\/sp1.kielce.eu\/?attachment_id=20023\" class=\"wp-image-20023\" srcset=\"https:\/\/sp1.kielce.eu\/wp-content\/uploads\/2021\/11\/R.jpg 1200w, https:\/\/sp1.kielce.eu\/wp-content\/uploads\/2021\/11\/R-300x207.jpg 300w, https:\/\/sp1.kielce.eu\/wp-content\/uploads\/2021\/11\/R-768x529.jpg 768w, https:\/\/sp1.kielce.eu\/wp-content\/uploads\/2021\/11\/R-820x565.jpg 820w\" sizes=\"auto, (max-width: 1200px) 100vw, 1200px\" \/><\/a><\/figure><\/li><\/ul><\/figure>\n","protected":false},"excerpt":{"rendered":"<p>W ramach Narodowego Programu Rozwoju Czytelnictwa\u00a0 uczniowie na l. bibliotecznych wykonywali zak\u0142adki do ksi\u0105\u017cek o [&hellip;]<\/p>\n","protected":false},"author":5,"featured_media":20023,"comment_status":"closed","ping_status":"open","sticky":false,"template":"","format":"standard","meta":{"footnotes":""},"categories":[36,72],"tags":[],"class_list":["post-20020","post","type-post","status-publish","format-standard","has-post-thumbnail","hentry","category-wydarzenia","category-biblioteka"],"_links":{"self":[{"href":"https:\/\/sp1.kielce.eu\/index.php\/wp-json\/wp\/v2\/posts\/20020","targetHints":{"allow":["GET"]}}],"collection":[{"href":"https:\/\/sp1.kielce.eu\/index.php\/wp-json\/wp\/v2\/posts"}],"about":[{"href":"https:\/\/sp1.kielce.eu\/index.php\/wp-json\/wp\/v2\/types\/post"}],"author":[{"embeddable":true,"href":"https:\/\/sp1.kielce.eu\/index.php\/wp-json\/wp\/v2\/users\/5"}],"replies":[{"embeddable":true,"href":"https:\/\/sp1.kielce.eu\/index.php\/wp-json\/wp\/v2\/comments?post=20020"}],"version-history":[{"count":1,"href":"https:\/\/sp1.kielce.eu\/index.php\/wp-json\/wp\/v2\/posts\/20020\/revisions"}],"predecessor-version":[{"id":20024,"href":"https:\/\/sp1.kielce.eu\/index.php\/wp-json\/wp\/v2\/posts\/20020\/revisions\/20024"}],"wp:featuredmedia":[{"embeddable":true,"href":"https:\/\/sp1.kielce.eu\/index.php\/wp-json\/wp\/v2\/media\/20023"}],"wp:attachment":[{"href":"https:\/\/sp1.kielce.eu\/index.php\/wp-json\/wp\/v2\/media?parent=20020"}],"wp:term":[{"taxonomy":"category","embeddable":true,"href":"https:\/\/sp1.kielce.eu\/index.php\/wp-json\/wp\/v2\/categories?post=20020"},{"taxonomy":"post_tag","embeddable":true,"href":"https:\/\/sp1.kielce.eu\/index.php\/wp-json\/wp\/v2\/tags?post=20020"}],"curies":[{"name":"wp","href":"https:\/\/api.w.org\/{rel}","templated":true}]}}