{"id":20015,"date":"2021-11-26T10:08:41","date_gmt":"2021-11-26T09:08:41","guid":{"rendered":"http:\/\/sp1.kielce.eu\/?p=20015"},"modified":"2021-11-26T10:08:41","modified_gmt":"2021-11-26T09:08:41","slug":"mistrzostwa-kielc-w-druzynowym-tenisie-stolowym-chlopcow-igrzyska-dzieci-rocznik-2009-i-ml-w-roku-szkolnym-2021-2022","status":"publish","type":"post","link":"https:\/\/sp1.kielce.eu\/index.php\/2021\/11\/26\/mistrzostwa-kielc-w-druzynowym-tenisie-stolowym-chlopcow-igrzyska-dzieci-rocznik-2009-i-ml-w-roku-szkolnym-2021-2022\/","title":{"rendered":"Mistrzostwa Kielc w dru\u017cynowym tenisie sto\u0142owym ch\u0142opc\u00f3w igrzyska dzieci &#8211; rocznik 2009 i m\u0142. w roku szkolnym 2021\/2022"},"content":{"rendered":"\n<p>Dnia 23.11.2021 nasza szko\u0142a bra\u0142a udzia\u0142 w Mistrzostwach Kielc w dru\u017cynowym tenisie sto\u0142owym ch\u0142opc\u00f3w. Reprezentowali nas ch\u0142opcy z klasy VII c w sk\u0142adzie Adam Walasek oraz Franciszek Regucki . Ch\u0142opcy awansowali do dalszego etapu rozgrywek. \u017bycz\u0119 dalszych sukces\u00f3w w nast\u0119pnej fazie zawod\u00f3w.<\/p>\n\n\n\n<p class=\"has-text-align-right\">Nauczyciel Wychowania Fizycznego&nbsp;<\/p>\n\n\n\n<p class=\"has-text-align-right\">Remigiusz Krzywda<\/p>\n\n\n\n<figure class=\"wp-block-gallery columns-2 is-cropped wp-block-gallery-1 is-layout-flex wp-block-gallery-is-layout-flex\"><ul class=\"blocks-gallery-grid\"><li class=\"blocks-gallery-item\"><figure><a href=\"http:\/\/sp1.kielce.eu\/wp-content\/uploads\/2021\/11\/20211123_122334-Medium.jpg\"><img loading=\"lazy\" decoding=\"async\" width=\"1024\" height=\"768\" src=\"http:\/\/sp1.kielce.eu\/wp-content\/uploads\/2021\/11\/20211123_122334-Medium.jpg\" alt=\"\" data-id=\"20016\" data-full-url=\"http:\/\/sp1.kielce.eu\/wp-content\/uploads\/2021\/11\/20211123_122334-Medium.jpg\" data-link=\"http:\/\/sp1.kielce.eu\/?attachment_id=20016\" class=\"wp-image-20016\" srcset=\"https:\/\/sp1.kielce.eu\/wp-content\/uploads\/2021\/11\/20211123_122334-Medium.jpg 1024w, https:\/\/sp1.kielce.eu\/wp-content\/uploads\/2021\/11\/20211123_122334-Medium-300x225.jpg 300w, https:\/\/sp1.kielce.eu\/wp-content\/uploads\/2021\/11\/20211123_122334-Medium-768x576.jpg 768w, https:\/\/sp1.kielce.eu\/wp-content\/uploads\/2021\/11\/20211123_122334-Medium-820x615.jpg 820w\" sizes=\"auto, (max-width: 1024px) 100vw, 1024px\" \/><\/a><\/figure><\/li><li class=\"blocks-gallery-item\"><figure><a href=\"http:\/\/sp1.kielce.eu\/wp-content\/uploads\/2021\/11\/20211123_122405-Medium-rotated.jpg\"><img loading=\"lazy\" decoding=\"async\" width=\"675\" height=\"900\" src=\"http:\/\/sp1.kielce.eu\/wp-content\/uploads\/2021\/11\/20211123_122405-Medium-675x900.jpg\" alt=\"\" data-id=\"20017\" data-full-url=\"http:\/\/sp1.kielce.eu\/wp-content\/uploads\/2021\/11\/20211123_122405-Medium-rotated.jpg\" data-link=\"http:\/\/sp1.kielce.eu\/?attachment_id=20017\" class=\"wp-image-20017\" srcset=\"https:\/\/sp1.kielce.eu\/wp-content\/uploads\/2021\/11\/20211123_122405-Medium-675x900.jpg 675w, https:\/\/sp1.kielce.eu\/wp-content\/uploads\/2021\/11\/20211123_122405-Medium-225x300.jpg 225w, https:\/\/sp1.kielce.eu\/wp-content\/uploads\/2021\/11\/20211123_122405-Medium-rotated.jpg 768w\" sizes=\"auto, (max-width: 675px) 100vw, 675px\" \/><\/a><\/figure><\/li><\/ul><\/figure>\n","protected":false},"excerpt":{"rendered":"<p>Dnia 23.11.2021 nasza szko\u0142a bra\u0142a udzia\u0142 w Mistrzostwach Kielc w dru\u017cynowym tenisie sto\u0142owym ch\u0142opc\u00f3w. Reprezentowali [&hellip;]<\/p>\n","protected":false},"author":5,"featured_media":20016,"comment_status":"closed","ping_status":"open","sticky":false,"template":"","format":"standard","meta":{"footnotes":""},"categories":[36,11],"tags":[],"class_list":["post-20015","post","type-post","status-publish","format-standard","has-post-thumbnail","hentry","category-wydarzenia","category-zawody-sportowe"],"_links":{"self":[{"href":"https:\/\/sp1.kielce.eu\/index.php\/wp-json\/wp\/v2\/posts\/20015","targetHints":{"allow":["GET"]}}],"collection":[{"href":"https:\/\/sp1.kielce.eu\/index.php\/wp-json\/wp\/v2\/posts"}],"about":[{"href":"https:\/\/sp1.kielce.eu\/index.php\/wp-json\/wp\/v2\/types\/post"}],"author":[{"embeddable":true,"href":"https:\/\/sp1.kielce.eu\/index.php\/wp-json\/wp\/v2\/users\/5"}],"replies":[{"embeddable":true,"href":"https:\/\/sp1.kielce.eu\/index.php\/wp-json\/wp\/v2\/comments?post=20015"}],"version-history":[{"count":1,"href":"https:\/\/sp1.kielce.eu\/index.php\/wp-json\/wp\/v2\/posts\/20015\/revisions"}],"predecessor-version":[{"id":20018,"href":"https:\/\/sp1.kielce.eu\/index.php\/wp-json\/wp\/v2\/posts\/20015\/revisions\/20018"}],"wp:featuredmedia":[{"embeddable":true,"href":"https:\/\/sp1.kielce.eu\/index.php\/wp-json\/wp\/v2\/media\/20016"}],"wp:attachment":[{"href":"https:\/\/sp1.kielce.eu\/index.php\/wp-json\/wp\/v2\/media?parent=20015"}],"wp:term":[{"taxonomy":"category","embeddable":true,"href":"https:\/\/sp1.kielce.eu\/index.php\/wp-json\/wp\/v2\/categories?post=20015"},{"taxonomy":"post_tag","embeddable":true,"href":"https:\/\/sp1.kielce.eu\/index.php\/wp-json\/wp\/v2\/tags?post=20015"}],"curies":[{"name":"wp","href":"https:\/\/api.w.org\/{rel}","templated":true}]}}