{"id":19993,"date":"2021-11-24T23:08:29","date_gmt":"2021-11-24T22:08:29","guid":{"rendered":"http:\/\/sp1.kielce.eu\/?p=19993"},"modified":"2021-11-24T23:08:29","modified_gmt":"2021-11-24T22:08:29","slug":"ratownicy-marzen-to-my","status":"publish","type":"post","link":"https:\/\/sp1.kielce.eu\/index.php\/2021\/11\/24\/ratownicy-marzen-to-my\/","title":{"rendered":"Ratownicy marze\u0144 \u2013 to my!"},"content":{"rendered":"\n<p>&nbsp;&nbsp;&nbsp;&nbsp;&nbsp;&nbsp;&nbsp;&nbsp;&nbsp;&nbsp;&nbsp; W pi\u0105tek, 19&nbsp;listopada&nbsp;br., w&nbsp;naszej szkole go\u015bcili\u015bmy wspania\u0142ych motywator\u00f3w z&nbsp;Caritas Polska, p.&nbsp;Leszka Szawi\u0144skiego, koordynatora projektu i&nbsp;p.&nbsp;Dominik\u0119 W\u00f3jtowicz, sta\u0142\u0105 wolontariuszk\u0119 ze \u015awietlicy Caritas \u201eU&nbsp;J\u00f3zefa\u201d, kt\u00f3rzy przeprowadzili <strong>dla uczni\u00f3w klas 7-ch, szkolenie-warsztaty profilaktyczne pt.&nbsp;\u201eRatownicy marze\u0144\u201d.<\/strong><\/p>\n\n\n\n<p>Celem szkolenia-warsztat\u00f3w by\u0142o <strong>wydobycie z&nbsp;uczni\u00f3w wi\u0119kszej \u015bwiadomo\u015bci tego kim s\u0105 i&nbsp;jakie warto\u015bci, marzenia, zdolno\u015bci w&nbsp;sobie posiadaj\u0105<\/strong>, kt\u00f3re razem z&nbsp;innymi mog\u0105 w&nbsp;pe\u0142ni rozwija\u0107 w&nbsp;samym sobie i&nbsp;pom\u00f3c je rozwija\u0107 u&nbsp;innych.<\/p>\n\n\n\n<p>Przez trzy jednostki lekcyjne, uczniowie podzieleni na dwie grupy mogli bardziej pozna\u0107 samego siebie, koleg\u00f3w i&nbsp;kole\u017canki, w&nbsp;ten spos\u00f3b g\u0142\u0119biej si\u0119 zintegrowa\u0107, podzieli\u0107 swoimi do\u015bwiadczeniami, porozmawia\u0107, zadawa\u0107 pytania, a&nbsp;to wszystko, dzi\u0119ki bardzo dobrze opracowanym warsztatom, bazuj\u0105cym na do\u015bwiadczeniu ucznia, wykorzystuj\u0105cym metodologi\u0119 aktywno-uczestnicz\u0105c\u0105.<\/p>\n\n\n\n<p>Okazuje si\u0119, \u017ce <strong>Ratownicy marze\u0144 to<\/strong> nie tyle prowadz\u0105cy zaj\u0119cia, co <strong>ka\u017cdy z&nbsp;nas<\/strong>! <strong>To my ratujemy w&nbsp;sobie prawdziwe warto\u015bci i&nbsp;marzenia, i&nbsp;pomagamy ratowa\u0107 je innym.<\/strong><\/p>\n\n\n\n<p>W zaj\u0119ciach pomagali nam, m.in.&nbsp;bohaterowie bajek, \u201ePingwiny z&nbsp;Madagaskaru\u201d; niepe\u0142nosprawny zdobywca dw\u00f3ch biegun\u00f3w &#8211; Jan Mela, czy Nicky Vujicic, cz\u0142owiek bez r\u0105k i&nbsp;n\u00f3g, aktor w&nbsp;filmie \u201eCyrk motyli\u201d.<\/p>\n\n\n\n<p>Oto <strong>9&nbsp;bezcennych wskaz\u00f3wek<\/strong>, kt\u00f3re warto na co dzie\u0144 stosowa\u0107 w&nbsp;\u017cyciu, a&nbsp;kt\u00f3re w&nbsp;spos\u00f3b praktyczny odkryli\u015bmy na warsztatach:<\/p>\n\n\n\n<ol class=\"wp-block-list\" type=\"1\"><li><strong>Akceptuj swoje uczucia<\/strong><\/li><li><strong>Panuj nad tym co robisz<\/strong><\/li><li><strong>B\u0105d\u017a czujny \/ b\u0105d\u017a czujna<\/strong><\/li><li><strong>Odpu\u015b\u0107 sobie i innym<\/strong><\/li><li><strong>Odkrywaj \u017ar\u00f3d\u0142a wsparcia<\/strong><\/li><li><strong>Patrz daleko<\/strong><\/li><li><strong>Szukaj tego co dobre<\/strong><\/li><li><strong>Buduj z tego co masz<\/strong><\/li><li><strong>Wyjd\u017a naprzeciw <\/strong>(z takim oto napisem ka\u017cdy z&nbsp;uczestnik\u00f3w warsztat\u00f3w otrzyma\u0142 czerwone serce, eko-d\u0142upopis oraz kompas)<\/li><\/ol>\n\n\n\n<p>Bardzo dzi\u0119kujemy naszej Dyrekcji i\u00a0Rodzicom dzieci, za wyra\u017cenie zgody na przeprowadzenia tak dobrego szkolenia w\u00a0formie warsztat\u00f3w dla naszych 7-klasist\u00f3w. A\u00a0samym uczniom gratulujemy tak wspania\u0142ego, czynnego i\u00a0radosnego zaanga\u017cowania w\u00a0warsztaty, kt\u00f3re na pewno zapisa\u0142y si\u0119 na d\u0142ugie lata w\u00a0ich \u017cyciu! <\/p>\n\n\n\n<p class=\"has-text-align-right\">ks. Konrad Walerczak,<br>p. Beata Smag\u00f3r,<br>Wychowawcy klas 7-ch<\/p>\n\n\n\n<figure class=\"wp-block-gallery columns-5 is-cropped wp-block-gallery-1 is-layout-flex wp-block-gallery-is-layout-flex\"><ul class=\"blocks-gallery-grid\"><li class=\"blocks-gallery-item\"><figure><a href=\"http:\/\/sp1.kielce.eu\/wp-content\/uploads\/2021\/11\/20211119-110530-Copy.jpg\"><img loading=\"lazy\" decoding=\"async\" width=\"675\" height=\"900\" src=\"http:\/\/sp1.kielce.eu\/wp-content\/uploads\/2021\/11\/20211119-110530-Copy.jpg\" alt=\"\" data-id=\"19994\" data-full-url=\"http:\/\/sp1.kielce.eu\/wp-content\/uploads\/2021\/11\/20211119-110530-Copy.jpg\" data-link=\"http:\/\/sp1.kielce.eu\/?attachment_id=19994\" class=\"wp-image-19994\" srcset=\"https:\/\/sp1.kielce.eu\/wp-content\/uploads\/2021\/11\/20211119-110530-Copy.jpg 675w, https:\/\/sp1.kielce.eu\/wp-content\/uploads\/2021\/11\/20211119-110530-Copy-225x300.jpg 225w\" sizes=\"auto, (max-width: 675px) 100vw, 675px\" \/><\/a><\/figure><\/li><li class=\"blocks-gallery-item\"><figure><a href=\"http:\/\/sp1.kielce.eu\/wp-content\/uploads\/2021\/11\/20211119-110542-Copy.jpg\"><img loading=\"lazy\" decoding=\"async\" width=\"1200\" height=\"900\" src=\"http:\/\/sp1.kielce.eu\/wp-content\/uploads\/2021\/11\/20211119-110542-Copy.jpg\" alt=\"\" data-id=\"19995\" data-full-url=\"http:\/\/sp1.kielce.eu\/wp-content\/uploads\/2021\/11\/20211119-110542-Copy.jpg\" data-link=\"http:\/\/sp1.kielce.eu\/?attachment_id=19995\" class=\"wp-image-19995\" srcset=\"https:\/\/sp1.kielce.eu\/wp-content\/uploads\/2021\/11\/20211119-110542-Copy.jpg 1200w, https:\/\/sp1.kielce.eu\/wp-content\/uploads\/2021\/11\/20211119-110542-Copy-300x225.jpg 300w, https:\/\/sp1.kielce.eu\/wp-content\/uploads\/2021\/11\/20211119-110542-Copy-768x576.jpg 768w, https:\/\/sp1.kielce.eu\/wp-content\/uploads\/2021\/11\/20211119-110542-Copy-820x615.jpg 820w\" sizes=\"auto, (max-width: 1200px) 100vw, 1200px\" \/><\/a><\/figure><\/li><li class=\"blocks-gallery-item\"><figure><a href=\"http:\/\/sp1.kielce.eu\/wp-content\/uploads\/2021\/11\/20211119-111045-Copy.jpg\"><img loading=\"lazy\" decoding=\"async\" width=\"675\" height=\"900\" src=\"http:\/\/sp1.kielce.eu\/wp-content\/uploads\/2021\/11\/20211119-111045-Copy.jpg\" alt=\"\" data-id=\"19996\" data-full-url=\"http:\/\/sp1.kielce.eu\/wp-content\/uploads\/2021\/11\/20211119-111045-Copy.jpg\" data-link=\"http:\/\/sp1.kielce.eu\/?attachment_id=19996\" class=\"wp-image-19996\" srcset=\"https:\/\/sp1.kielce.eu\/wp-content\/uploads\/2021\/11\/20211119-111045-Copy.jpg 675w, https:\/\/sp1.kielce.eu\/wp-content\/uploads\/2021\/11\/20211119-111045-Copy-225x300.jpg 225w\" sizes=\"auto, (max-width: 675px) 100vw, 675px\" \/><\/a><\/figure><\/li><li class=\"blocks-gallery-item\"><figure><a href=\"http:\/\/sp1.kielce.eu\/wp-content\/uploads\/2021\/11\/20211119-111059-Copy.jpg\"><img loading=\"lazy\" decoding=\"async\" width=\"1200\" height=\"900\" src=\"http:\/\/sp1.kielce.eu\/wp-content\/uploads\/2021\/11\/20211119-111059-Copy.jpg\" alt=\"\" data-id=\"19997\" data-full-url=\"http:\/\/sp1.kielce.eu\/wp-content\/uploads\/2021\/11\/20211119-111059-Copy.jpg\" data-link=\"http:\/\/sp1.kielce.eu\/?attachment_id=19997\" class=\"wp-image-19997\" srcset=\"https:\/\/sp1.kielce.eu\/wp-content\/uploads\/2021\/11\/20211119-111059-Copy.jpg 1200w, https:\/\/sp1.kielce.eu\/wp-content\/uploads\/2021\/11\/20211119-111059-Copy-300x225.jpg 300w, https:\/\/sp1.kielce.eu\/wp-content\/uploads\/2021\/11\/20211119-111059-Copy-768x576.jpg 768w, https:\/\/sp1.kielce.eu\/wp-content\/uploads\/2021\/11\/20211119-111059-Copy-820x615.jpg 820w\" sizes=\"auto, (max-width: 1200px) 100vw, 1200px\" \/><\/a><\/figure><\/li><li class=\"blocks-gallery-item\"><figure><a href=\"http:\/\/sp1.kielce.eu\/wp-content\/uploads\/2021\/11\/20211119-111122-Copy.jpg\"><img loading=\"lazy\" decoding=\"async\" width=\"675\" height=\"900\" src=\"http:\/\/sp1.kielce.eu\/wp-content\/uploads\/2021\/11\/20211119-111122-Copy.jpg\" alt=\"\" data-id=\"19998\" data-full-url=\"http:\/\/sp1.kielce.eu\/wp-content\/uploads\/2021\/11\/20211119-111122-Copy.jpg\" data-link=\"http:\/\/sp1.kielce.eu\/?attachment_id=19998\" class=\"wp-image-19998\" srcset=\"https:\/\/sp1.kielce.eu\/wp-content\/uploads\/2021\/11\/20211119-111122-Copy.jpg 675w, https:\/\/sp1.kielce.eu\/wp-content\/uploads\/2021\/11\/20211119-111122-Copy-225x300.jpg 225w\" sizes=\"auto, (max-width: 675px) 100vw, 675px\" \/><\/a><\/figure><\/li><li class=\"blocks-gallery-item\"><figure><a href=\"http:\/\/sp1.kielce.eu\/wp-content\/uploads\/2021\/11\/20211119-111140-0-Copy.jpg\"><img loading=\"lazy\" decoding=\"async\" width=\"1200\" height=\"900\" src=\"http:\/\/sp1.kielce.eu\/wp-content\/uploads\/2021\/11\/20211119-111140-0-Copy.jpg\" alt=\"\" data-id=\"19999\" data-full-url=\"http:\/\/sp1.kielce.eu\/wp-content\/uploads\/2021\/11\/20211119-111140-0-Copy.jpg\" data-link=\"http:\/\/sp1.kielce.eu\/?attachment_id=19999\" class=\"wp-image-19999\" srcset=\"https:\/\/sp1.kielce.eu\/wp-content\/uploads\/2021\/11\/20211119-111140-0-Copy.jpg 1200w, https:\/\/sp1.kielce.eu\/wp-content\/uploads\/2021\/11\/20211119-111140-0-Copy-300x225.jpg 300w, https:\/\/sp1.kielce.eu\/wp-content\/uploads\/2021\/11\/20211119-111140-0-Copy-768x576.jpg 768w, https:\/\/sp1.kielce.eu\/wp-content\/uploads\/2021\/11\/20211119-111140-0-Copy-820x615.jpg 820w\" sizes=\"auto, (max-width: 1200px) 100vw, 1200px\" \/><\/a><\/figure><\/li><li class=\"blocks-gallery-item\"><figure><a href=\"http:\/\/sp1.kielce.eu\/wp-content\/uploads\/2021\/11\/20211119-114033-0-Copy.jpg\"><img loading=\"lazy\" decoding=\"async\" width=\"1200\" height=\"900\" src=\"http:\/\/sp1.kielce.eu\/wp-content\/uploads\/2021\/11\/20211119-114033-0-Copy.jpg\" alt=\"\" data-id=\"20000\" data-full-url=\"http:\/\/sp1.kielce.eu\/wp-content\/uploads\/2021\/11\/20211119-114033-0-Copy.jpg\" data-link=\"http:\/\/sp1.kielce.eu\/?attachment_id=20000\" class=\"wp-image-20000\" srcset=\"https:\/\/sp1.kielce.eu\/wp-content\/uploads\/2021\/11\/20211119-114033-0-Copy.jpg 1200w, https:\/\/sp1.kielce.eu\/wp-content\/uploads\/2021\/11\/20211119-114033-0-Copy-300x225.jpg 300w, https:\/\/sp1.kielce.eu\/wp-content\/uploads\/2021\/11\/20211119-114033-0-Copy-768x576.jpg 768w, https:\/\/sp1.kielce.eu\/wp-content\/uploads\/2021\/11\/20211119-114033-0-Copy-820x615.jpg 820w\" sizes=\"auto, (max-width: 1200px) 100vw, 1200px\" \/><\/a><\/figure><\/li><li class=\"blocks-gallery-item\"><figure><a href=\"http:\/\/sp1.kielce.eu\/wp-content\/uploads\/2021\/11\/20211119-130809-Copy.jpg\"><img loading=\"lazy\" decoding=\"async\" width=\"675\" height=\"900\" src=\"http:\/\/sp1.kielce.eu\/wp-content\/uploads\/2021\/11\/20211119-130809-Copy.jpg\" alt=\"\" data-id=\"20001\" data-full-url=\"http:\/\/sp1.kielce.eu\/wp-content\/uploads\/2021\/11\/20211119-130809-Copy.jpg\" data-link=\"http:\/\/sp1.kielce.eu\/?attachment_id=20001\" class=\"wp-image-20001\" srcset=\"https:\/\/sp1.kielce.eu\/wp-content\/uploads\/2021\/11\/20211119-130809-Copy.jpg 675w, https:\/\/sp1.kielce.eu\/wp-content\/uploads\/2021\/11\/20211119-130809-Copy-225x300.jpg 225w\" sizes=\"auto, (max-width: 675px) 100vw, 675px\" \/><\/a><\/figure><\/li><li class=\"blocks-gallery-item\"><figure><a href=\"http:\/\/sp1.kielce.eu\/wp-content\/uploads\/2021\/11\/20211119-130821-Copy.jpg\"><img loading=\"lazy\" decoding=\"async\" width=\"675\" height=\"900\" src=\"http:\/\/sp1.kielce.eu\/wp-content\/uploads\/2021\/11\/20211119-130821-Copy.jpg\" alt=\"\" data-id=\"20002\" data-full-url=\"http:\/\/sp1.kielce.eu\/wp-content\/uploads\/2021\/11\/20211119-130821-Copy.jpg\" data-link=\"http:\/\/sp1.kielce.eu\/?attachment_id=20002\" class=\"wp-image-20002\" srcset=\"https:\/\/sp1.kielce.eu\/wp-content\/uploads\/2021\/11\/20211119-130821-Copy.jpg 675w, https:\/\/sp1.kielce.eu\/wp-content\/uploads\/2021\/11\/20211119-130821-Copy-225x300.jpg 225w\" sizes=\"auto, (max-width: 675px) 100vw, 675px\" \/><\/a><\/figure><\/li><li class=\"blocks-gallery-item\"><figure><a href=\"http:\/\/sp1.kielce.eu\/wp-content\/uploads\/2021\/11\/20211119-145919-Copy.jpg\"><img loading=\"lazy\" decoding=\"async\" width=\"1200\" height=\"900\" src=\"http:\/\/sp1.kielce.eu\/wp-content\/uploads\/2021\/11\/20211119-145919-Copy.jpg\" alt=\"\" data-id=\"20003\" data-full-url=\"http:\/\/sp1.kielce.eu\/wp-content\/uploads\/2021\/11\/20211119-145919-Copy.jpg\" data-link=\"http:\/\/sp1.kielce.eu\/?attachment_id=20003\" class=\"wp-image-20003\" srcset=\"https:\/\/sp1.kielce.eu\/wp-content\/uploads\/2021\/11\/20211119-145919-Copy.jpg 1200w, https:\/\/sp1.kielce.eu\/wp-content\/uploads\/2021\/11\/20211119-145919-Copy-300x225.jpg 300w, https:\/\/sp1.kielce.eu\/wp-content\/uploads\/2021\/11\/20211119-145919-Copy-768x576.jpg 768w, https:\/\/sp1.kielce.eu\/wp-content\/uploads\/2021\/11\/20211119-145919-Copy-820x615.jpg 820w\" sizes=\"auto, (max-width: 1200px) 100vw, 1200px\" \/><\/a><\/figure><\/li><\/ul><\/figure>\n","protected":false},"excerpt":{"rendered":"<p>&nbsp;&nbsp;&nbsp;&nbsp;&nbsp;&nbsp;&nbsp;&nbsp;&nbsp;&nbsp;&nbsp; W pi\u0105tek, 19&nbsp;listopada&nbsp;br., w&nbsp;naszej szkole go\u015bcili\u015bmy wspania\u0142ych motywator\u00f3w z&nbsp;Caritas Polska, p.&nbsp;Leszka Szawi\u0144skiego, koordynatora projektu [&hellip;]<\/p>\n","protected":false},"author":13,"featured_media":20004,"comment_status":"closed","ping_status":"open","sticky":false,"template":"","format":"standard","meta":{"footnotes":""},"categories":[36],"tags":[],"class_list":["post-19993","post","type-post","status-publish","format-standard","has-post-thumbnail","hentry","category-wydarzenia"],"_links":{"self":[{"href":"https:\/\/sp1.kielce.eu\/index.php\/wp-json\/wp\/v2\/posts\/19993","targetHints":{"allow":["GET"]}}],"collection":[{"href":"https:\/\/sp1.kielce.eu\/index.php\/wp-json\/wp\/v2\/posts"}],"about":[{"href":"https:\/\/sp1.kielce.eu\/index.php\/wp-json\/wp\/v2\/types\/post"}],"author":[{"embeddable":true,"href":"https:\/\/sp1.kielce.eu\/index.php\/wp-json\/wp\/v2\/users\/13"}],"replies":[{"embeddable":true,"href":"https:\/\/sp1.kielce.eu\/index.php\/wp-json\/wp\/v2\/comments?post=19993"}],"version-history":[{"count":1,"href":"https:\/\/sp1.kielce.eu\/index.php\/wp-json\/wp\/v2\/posts\/19993\/revisions"}],"predecessor-version":[{"id":20005,"href":"https:\/\/sp1.kielce.eu\/index.php\/wp-json\/wp\/v2\/posts\/19993\/revisions\/20005"}],"wp:featuredmedia":[{"embeddable":true,"href":"https:\/\/sp1.kielce.eu\/index.php\/wp-json\/wp\/v2\/media\/20004"}],"wp:attachment":[{"href":"https:\/\/sp1.kielce.eu\/index.php\/wp-json\/wp\/v2\/media?parent=19993"}],"wp:term":[{"taxonomy":"category","embeddable":true,"href":"https:\/\/sp1.kielce.eu\/index.php\/wp-json\/wp\/v2\/categories?post=19993"},{"taxonomy":"post_tag","embeddable":true,"href":"https:\/\/sp1.kielce.eu\/index.php\/wp-json\/wp\/v2\/tags?post=19993"}],"curies":[{"name":"wp","href":"https:\/\/api.w.org\/{rel}","templated":true}]}}