{"id":19851,"date":"2021-11-18T12:48:21","date_gmt":"2021-11-18T11:48:21","guid":{"rendered":"http:\/\/sp1.kielce.eu\/?p=19851"},"modified":"2021-11-18T12:48:21","modified_gmt":"2021-11-18T11:48:21","slug":"murem-za-polskim-mundurem","status":"publish","type":"post","link":"https:\/\/sp1.kielce.eu\/index.php\/2021\/11\/18\/murem-za-polskim-mundurem\/","title":{"rendered":"Murem Za Polskim Mundurem"},"content":{"rendered":"\n<p class=\"has-text-align-center\">Szko\u0142a Podstawowa nr 1 im. Stanis\u0142awa Staszica kultywuje patriotyczne tradycje. <br>St\u0105d nasza inicjatywa \u2013 <br>w\u0142\u0105czamy si\u0119 w\u00a0og\u00f3lnopolsk\u0105 akcj\u0119 <strong># Murem Za Polskim Mundurem.<\/strong><\/p>\n\n\n\n<p>Polega ona na wspieraniu s\u0142u\u017cb mundurowych broni\u0105cych granic naszego kraju i\u00a0strzeg\u0105cych bezpiecze\u0144stwa wszystkich Polak\u00f3w. Jednym z\u00a0jej wyraz\u00f3w sta\u0142o si\u0119 wy\u015bwietlenie na gmachu Sejmu iluminacji z\u00a0has\u0142em akcji, a\u00a0tak\u017ce wiele innych inicjatyw podejmowanych na terenie Polski. Swoj\u0105 solidarno\u015b\u0107 z\u00a0akcj\u0105 mo\u017cna zamanifestowa\u0107 na r\u00f3\u017cne sposoby, np.\u00a0poprzez wywieszenie flagi.<\/p>\n\n\n\n<p>Nasi uczniowie b\u0119d\u0105 mogli w\u0142\u0105czy\u0107 si\u0119 do tej szczytnej akcji poprzez wykonanie prac plastycznych \u2013 kartek z&nbsp;wyrazami symbolicznego wsparcia, wdzi\u0119czno\u015bci i&nbsp;podzi\u0119kowania za pe\u0142nion\u0105 s\u0142u\u017cb\u0119. Do ka\u017cdej kartki prosimy o&nbsp;doklejenie ma\u0142ej czekoladki. Tak przygotowane upominki, dzi\u0119ki Poczcie Polskiej, zostan\u0105 przekazane obro\u0144com naszych granic. Poczta Polska planuje wyda\u0107 i&nbsp;udost\u0119pni\u0107 elektronicznie tak\u017ce specjalny album z&nbsp;przys\u0142anymi pracami, jako podsumowanie akcji.<\/p>\n\n\n\n<p>Opiekunem akcji jest Du\u017cy i&nbsp;Ma\u0142y Samorz\u0105d Uczniowski. Wykonane prace prosimy dostarcza\u0107 do biblioteki szkolnej. Przy tworzeniu kartek pomocni b\u0119d\u0105 nauczyciele plastyki i&nbsp;techniki.<\/p>\n\n\n\n<p class=\"has-text-align-right\">R. Kozie\u0142<\/p>\n","protected":false},"excerpt":{"rendered":"<p>Szko\u0142a Podstawowa nr 1 im. Stanis\u0142awa Staszica kultywuje patriotyczne tradycje. St\u0105d nasza inicjatywa \u2013 w\u0142\u0105czamy [&hellip;]<\/p>\n","protected":false},"author":13,"featured_media":19852,"comment_status":"closed","ping_status":"open","sticky":false,"template":"","format":"standard","meta":{"footnotes":""},"categories":[72,170,18],"tags":[],"class_list":["post-19851","post","type-post","status-publish","format-standard","has-post-thumbnail","hentry","category-biblioteka","category-msu","category-samorzad-uczniowoski"],"_links":{"self":[{"href":"https:\/\/sp1.kielce.eu\/index.php\/wp-json\/wp\/v2\/posts\/19851","targetHints":{"allow":["GET"]}}],"collection":[{"href":"https:\/\/sp1.kielce.eu\/index.php\/wp-json\/wp\/v2\/posts"}],"about":[{"href":"https:\/\/sp1.kielce.eu\/index.php\/wp-json\/wp\/v2\/types\/post"}],"author":[{"embeddable":true,"href":"https:\/\/sp1.kielce.eu\/index.php\/wp-json\/wp\/v2\/users\/13"}],"replies":[{"embeddable":true,"href":"https:\/\/sp1.kielce.eu\/index.php\/wp-json\/wp\/v2\/comments?post=19851"}],"version-history":[{"count":1,"href":"https:\/\/sp1.kielce.eu\/index.php\/wp-json\/wp\/v2\/posts\/19851\/revisions"}],"predecessor-version":[{"id":19853,"href":"https:\/\/sp1.kielce.eu\/index.php\/wp-json\/wp\/v2\/posts\/19851\/revisions\/19853"}],"wp:featuredmedia":[{"embeddable":true,"href":"https:\/\/sp1.kielce.eu\/index.php\/wp-json\/wp\/v2\/media\/19852"}],"wp:attachment":[{"href":"https:\/\/sp1.kielce.eu\/index.php\/wp-json\/wp\/v2\/media?parent=19851"}],"wp:term":[{"taxonomy":"category","embeddable":true,"href":"https:\/\/sp1.kielce.eu\/index.php\/wp-json\/wp\/v2\/categories?post=19851"},{"taxonomy":"post_tag","embeddable":true,"href":"https:\/\/sp1.kielce.eu\/index.php\/wp-json\/wp\/v2\/tags?post=19851"}],"curies":[{"name":"wp","href":"https:\/\/api.w.org\/{rel}","templated":true}]}}