{"id":19825,"date":"2021-11-17T23:47:29","date_gmt":"2021-11-17T22:47:29","guid":{"rendered":"http:\/\/sp1.kielce.eu\/?p=19825"},"modified":"2021-11-17T23:47:29","modified_gmt":"2021-11-17T22:47:29","slug":"redagujemy-gazetke-parafialna","status":"publish","type":"post","link":"https:\/\/sp1.kielce.eu\/index.php\/2021\/11\/17\/redagujemy-gazetke-parafialna\/","title":{"rendered":"Redagujemy gazetk\u0119 parafialn\u0105"},"content":{"rendered":"\n<p>Uczniowie klas 1-3, pod kierunkiem katechetki \u2013 s.&nbsp;Faustyny Czajkowskiej, w\u0142\u0105czyli si\u0119 w&nbsp;redagowanie gazetki parafialnej \u201eW&nbsp;Rodzinie J\u00f3zefa\u201d. Ca\u0142y, listopadowy numer gazetki po\u015bwi\u0119cony by\u0142 Jubileuszowi Stulecia istnienia Si\u00f3str Pasjonistek.<\/p>\n\n\n\n<p>Dzieci samodzielnie wykona\u0142y ilustracje zamieszczone w&nbsp;gazetce. Przedstawi\u0142y stacje drogi krzy\u017cowej oraz portrety si\u00f3str pasjonistek. Rysunki wykonali m.in.:&nbsp;Micha\u0142 Jeziorski 2c, Lidia Brama 2c, Zofia So\u0142tysiak 2c, Laura Marks 2c, Maria Mazur 2c, Franciszek Wi\u015bniewski 2c, Kalina Steczek 2c, Olivier Sobczyk 2c, Izabela Kubicka 2c, Anna Caraco 2b, Lena Majchrzyk 2a, Zuzanna Chaja 1a, Klaudia Masternak 1a, Antonina Bandura 1a, Julia Wypych 1a Nadia Turek 1b.<\/p>\n\n\n\n<p class=\"has-text-align-right\">W gazetce mo\u017cna przeczyta\u0107 artyku\u0142y o\u00a0dzia\u0142alno\u015bci misyjnej, o\u00a0duchowo\u015bci i\u00a0pocz\u0105tkach istnienia Zgromadzenia.<\/p>\n\n\n\n<p class=\"has-text-align-right\"><em>s. Faustyna Czajkowska CSP<\/em><\/p>\n\n\n\n<figure class=\"wp-block-gallery columns-3 is-cropped wp-block-gallery-1 is-layout-flex wp-block-gallery-is-layout-flex\"><ul class=\"blocks-gallery-grid\"><li class=\"blocks-gallery-item\"><figure><a href=\"http:\/\/sp1.kielce.eu\/wp-content\/uploads\/2021\/11\/zdjecie2-Copy-1.jpg\"><img loading=\"lazy\" decoding=\"async\" width=\"1200\" height=\"675\" src=\"http:\/\/sp1.kielce.eu\/wp-content\/uploads\/2021\/11\/zdjecie2-Copy-1.jpg\" alt=\"\" data-id=\"19826\" data-full-url=\"http:\/\/sp1.kielce.eu\/wp-content\/uploads\/2021\/11\/zdjecie2-Copy-1.jpg\" data-link=\"http:\/\/sp1.kielce.eu\/?attachment_id=19826\" class=\"wp-image-19826\" srcset=\"https:\/\/sp1.kielce.eu\/wp-content\/uploads\/2021\/11\/zdjecie2-Copy-1.jpg 1200w, https:\/\/sp1.kielce.eu\/wp-content\/uploads\/2021\/11\/zdjecie2-Copy-1-300x169.jpg 300w, https:\/\/sp1.kielce.eu\/wp-content\/uploads\/2021\/11\/zdjecie2-Copy-1-768x432.jpg 768w, https:\/\/sp1.kielce.eu\/wp-content\/uploads\/2021\/11\/zdjecie2-Copy-1-820x461.jpg 820w\" sizes=\"auto, (max-width: 1200px) 100vw, 1200px\" \/><\/a><\/figure><\/li><li class=\"blocks-gallery-item\"><figure><a href=\"http:\/\/sp1.kielce.eu\/wp-content\/uploads\/2021\/11\/zdjecie3-Copy-1.jpg\"><img loading=\"lazy\" decoding=\"async\" width=\"1200\" height=\"675\" src=\"http:\/\/sp1.kielce.eu\/wp-content\/uploads\/2021\/11\/zdjecie3-Copy-1.jpg\" alt=\"\" data-id=\"19827\" data-full-url=\"http:\/\/sp1.kielce.eu\/wp-content\/uploads\/2021\/11\/zdjecie3-Copy-1.jpg\" data-link=\"http:\/\/sp1.kielce.eu\/?attachment_id=19827\" class=\"wp-image-19827\" srcset=\"https:\/\/sp1.kielce.eu\/wp-content\/uploads\/2021\/11\/zdjecie3-Copy-1.jpg 1200w, https:\/\/sp1.kielce.eu\/wp-content\/uploads\/2021\/11\/zdjecie3-Copy-1-300x169.jpg 300w, https:\/\/sp1.kielce.eu\/wp-content\/uploads\/2021\/11\/zdjecie3-Copy-1-768x432.jpg 768w, https:\/\/sp1.kielce.eu\/wp-content\/uploads\/2021\/11\/zdjecie3-Copy-1-820x461.jpg 820w\" sizes=\"auto, (max-width: 1200px) 100vw, 1200px\" \/><\/a><\/figure><\/li><li class=\"blocks-gallery-item\"><figure><a href=\"http:\/\/sp1.kielce.eu\/wp-content\/uploads\/2021\/11\/zdjecie3.jpg\"><img loading=\"lazy\" decoding=\"async\" width=\"1366\" height=\"768\" src=\"http:\/\/sp1.kielce.eu\/wp-content\/uploads\/2021\/11\/zdjecie3.jpg\" alt=\"\" data-id=\"19828\" data-full-url=\"http:\/\/sp1.kielce.eu\/wp-content\/uploads\/2021\/11\/zdjecie3.jpg\" data-link=\"http:\/\/sp1.kielce.eu\/?attachment_id=19828\" class=\"wp-image-19828\" srcset=\"https:\/\/sp1.kielce.eu\/wp-content\/uploads\/2021\/11\/zdjecie3.jpg 1366w, https:\/\/sp1.kielce.eu\/wp-content\/uploads\/2021\/11\/zdjecie3-300x169.jpg 300w, https:\/\/sp1.kielce.eu\/wp-content\/uploads\/2021\/11\/zdjecie3-768x432.jpg 768w, https:\/\/sp1.kielce.eu\/wp-content\/uploads\/2021\/11\/zdjecie3-820x461.jpg 820w\" sizes=\"auto, (max-width: 1366px) 100vw, 1366px\" \/><\/a><\/figure><\/li><\/ul><\/figure>\n","protected":false},"excerpt":{"rendered":"<p>Uczniowie klas 1-3, pod kierunkiem katechetki \u2013 s.&nbsp;Faustyny Czajkowskiej, w\u0142\u0105czyli si\u0119 w&nbsp;redagowanie gazetki parafialnej \u201eW&nbsp;Rodzinie [&hellip;]<\/p>\n","protected":false},"author":13,"featured_media":19829,"comment_status":"closed","ping_status":"open","sticky":false,"template":"","format":"standard","meta":{"footnotes":""},"categories":[36],"tags":[],"class_list":["post-19825","post","type-post","status-publish","format-standard","has-post-thumbnail","hentry","category-wydarzenia"],"_links":{"self":[{"href":"https:\/\/sp1.kielce.eu\/index.php\/wp-json\/wp\/v2\/posts\/19825","targetHints":{"allow":["GET"]}}],"collection":[{"href":"https:\/\/sp1.kielce.eu\/index.php\/wp-json\/wp\/v2\/posts"}],"about":[{"href":"https:\/\/sp1.kielce.eu\/index.php\/wp-json\/wp\/v2\/types\/post"}],"author":[{"embeddable":true,"href":"https:\/\/sp1.kielce.eu\/index.php\/wp-json\/wp\/v2\/users\/13"}],"replies":[{"embeddable":true,"href":"https:\/\/sp1.kielce.eu\/index.php\/wp-json\/wp\/v2\/comments?post=19825"}],"version-history":[{"count":1,"href":"https:\/\/sp1.kielce.eu\/index.php\/wp-json\/wp\/v2\/posts\/19825\/revisions"}],"predecessor-version":[{"id":19830,"href":"https:\/\/sp1.kielce.eu\/index.php\/wp-json\/wp\/v2\/posts\/19825\/revisions\/19830"}],"wp:featuredmedia":[{"embeddable":true,"href":"https:\/\/sp1.kielce.eu\/index.php\/wp-json\/wp\/v2\/media\/19829"}],"wp:attachment":[{"href":"https:\/\/sp1.kielce.eu\/index.php\/wp-json\/wp\/v2\/media?parent=19825"}],"wp:term":[{"taxonomy":"category","embeddable":true,"href":"https:\/\/sp1.kielce.eu\/index.php\/wp-json\/wp\/v2\/categories?post=19825"},{"taxonomy":"post_tag","embeddable":true,"href":"https:\/\/sp1.kielce.eu\/index.php\/wp-json\/wp\/v2\/tags?post=19825"}],"curies":[{"name":"wp","href":"https:\/\/api.w.org\/{rel}","templated":true}]}}