{"id":19807,"date":"2021-11-17T08:37:54","date_gmt":"2021-11-17T07:37:54","guid":{"rendered":"http:\/\/sp1.kielce.eu\/?p=19807"},"modified":"2021-11-22T08:35:09","modified_gmt":"2021-11-22T07:35:09","slug":"kielce-oaza-czystego-powietrza","status":"publish","type":"post","link":"https:\/\/sp1.kielce.eu\/index.php\/2021\/11\/17\/kielce-oaza-czystego-powietrza\/","title":{"rendered":"Kielce OAZ\u0104 czystego powietrza"},"content":{"rendered":"\n<p>Uczniowie naszej szko\u0142y wzi\u0119li udzia\u0142 w konkursie zorganizowanym przez&nbsp;Wydzia\u0142 Gospodarki Komunalnej i \u015arodowiska&nbsp;Urz\u0119du&nbsp;Miasta Kielce&nbsp;pod has\u0142em&nbsp;&#8211;&nbsp;\u201eKielce OAZ\u0104 czystego powietrza\u201d.&nbsp;<\/p>\n\n\n\n<p>Celem akcji by\u0142o&nbsp;propagowanie w\u0142a\u015bciwych postaw i&nbsp;zachowa\u0144&nbsp;ekologicznych, kt\u00f3re&nbsp;maj\u0105&nbsp;ogromny&nbsp;wp\u0142yw na zanieczyszczenie atmosfery i na zdrowie cz\u0142owieka.&nbsp;Wiemy doskonale, \u017ce Polska zajmuje&nbsp;niechlubne&nbsp;miejsce po\u015br\u00f3d najbardziej&nbsp;zanieczyszczonych pa\u0144stw Europy,&nbsp;spowodowane g\u0142\u00f3wnie nisk\u0105 emisj\u0105,&nbsp;dlatego tak wa\u017cna jest edukacja na ten temat.&nbsp;Na zaj\u0119ciach&nbsp;z&nbsp;techniki&nbsp;prowadzonych przez pani\u0105 Anet\u0119 Trzci\u0144sk\u0105 uczniowie&nbsp;przygotowywali prace plastyczne na temat zanieczyszcze\u0144&nbsp;powietrza, kt\u00f3re p\u00f3\u017aniej przyozdobi\u0142y nasz szkolny korytarz.&nbsp;Ponadto&nbsp;spo\u0142eczno\u015b\u0107 szkolna bra\u0142a udzia\u0142 w konkursie plastycznym na temat \u201eKielce Oaz\u0105 czystego powietrza\u201d.&nbsp;Opr\u00f3cz tego&nbsp;na g\u0142\u00f3wnym holu przy wej\u015bciu do szko\u0142y zosta\u0142a przygotowana pi\u0119kna&nbsp;wystawa na temat&nbsp;zanieczyszczenia&nbsp;powietrza. Uczniowie i nauczyciele mogli&nbsp;dowiedzie\u0107 si\u0119 z niej nast\u0119puj\u0105cych wiadomo\u015bci&nbsp;min.:&nbsp;Co to jest smog? Jakie gazy zanieczyszczaj\u0105 powietrze? Jakie choroby wywo\u0142uje z\u0142y stan powietrza u ludzi?&nbsp;Jak mo\u017cna przeciwdzia\u0142a\u0107 smogowi?&nbsp;Jak wygl\u0105da zanieczyszczenie powietrza na terenie Polski?&nbsp;<\/p>\n\n\n\n<p>Zesp\u00f3\u0142 d.s. promocji zdrowia&nbsp;<\/p>\n\n\n\n<p class=\"has-text-align-right\">Krystyna Banasik&nbsp;<\/p>\n\n\n\n<p class=\"has-text-align-right\">Anna Mazur&nbsp;<\/p>\n\n\n\n<p class=\"has-text-align-right\">El\u017cbieta Biesiada&nbsp;<\/p>\n\n\n\n<p class=\"has-text-align-right\"><\/p>\n\n\n\n<figure class=\"wp-block-gallery columns-3 is-cropped wp-block-gallery-1 is-layout-flex wp-block-gallery-is-layout-flex\"><ul class=\"blocks-gallery-grid\"><li class=\"blocks-gallery-item\"><figure><a href=\"http:\/\/sp1.kielce.eu\/wp-content\/uploads\/2021\/11\/MicrosoftTeams-image-Medium-1.png\"><img loading=\"lazy\" decoding=\"async\" width=\"1365\" height=\"768\" src=\"http:\/\/sp1.kielce.eu\/wp-content\/uploads\/2021\/11\/MicrosoftTeams-image-Medium-1.png\" alt=\"\" data-id=\"19808\" data-full-url=\"http:\/\/sp1.kielce.eu\/wp-content\/uploads\/2021\/11\/MicrosoftTeams-image-Medium-1.png\" data-link=\"http:\/\/sp1.kielce.eu\/?attachment_id=19808\" class=\"wp-image-19808\" srcset=\"https:\/\/sp1.kielce.eu\/wp-content\/uploads\/2021\/11\/MicrosoftTeams-image-Medium-1.png 1365w, https:\/\/sp1.kielce.eu\/wp-content\/uploads\/2021\/11\/MicrosoftTeams-image-Medium-1-300x169.png 300w, https:\/\/sp1.kielce.eu\/wp-content\/uploads\/2021\/11\/MicrosoftTeams-image-Medium-1-768x432.png 768w, https:\/\/sp1.kielce.eu\/wp-content\/uploads\/2021\/11\/MicrosoftTeams-image-Medium-1-820x461.png 820w\" sizes=\"auto, (max-width: 1365px) 100vw, 1365px\" \/><\/a><\/figure><\/li><li class=\"blocks-gallery-item\"><figure><a href=\"http:\/\/sp1.kielce.eu\/wp-content\/uploads\/2021\/11\/MicrosoftTeams-image1-Medium-1.png\"><img loading=\"lazy\" decoding=\"async\" width=\"1365\" height=\"768\" src=\"http:\/\/sp1.kielce.eu\/wp-content\/uploads\/2021\/11\/MicrosoftTeams-image1-Medium-1.png\" alt=\"\" data-id=\"19809\" data-full-url=\"http:\/\/sp1.kielce.eu\/wp-content\/uploads\/2021\/11\/MicrosoftTeams-image1-Medium-1.png\" data-link=\"http:\/\/sp1.kielce.eu\/?attachment_id=19809\" class=\"wp-image-19809\" srcset=\"https:\/\/sp1.kielce.eu\/wp-content\/uploads\/2021\/11\/MicrosoftTeams-image1-Medium-1.png 1365w, https:\/\/sp1.kielce.eu\/wp-content\/uploads\/2021\/11\/MicrosoftTeams-image1-Medium-1-300x169.png 300w, https:\/\/sp1.kielce.eu\/wp-content\/uploads\/2021\/11\/MicrosoftTeams-image1-Medium-1-768x432.png 768w, https:\/\/sp1.kielce.eu\/wp-content\/uploads\/2021\/11\/MicrosoftTeams-image1-Medium-1-820x461.png 820w\" sizes=\"auto, (max-width: 1365px) 100vw, 1365px\" \/><\/a><\/figure><\/li><li class=\"blocks-gallery-item\"><figure><a href=\"http:\/\/sp1.kielce.eu\/wp-content\/uploads\/2021\/11\/MicrosoftTeams-image2-Medium-1.png\"><img loading=\"lazy\" decoding=\"async\" width=\"1365\" height=\"768\" src=\"http:\/\/sp1.kielce.eu\/wp-content\/uploads\/2021\/11\/MicrosoftTeams-image2-Medium-1.png\" alt=\"\" data-id=\"19810\" data-full-url=\"http:\/\/sp1.kielce.eu\/wp-content\/uploads\/2021\/11\/MicrosoftTeams-image2-Medium-1.png\" data-link=\"http:\/\/sp1.kielce.eu\/?attachment_id=19810\" class=\"wp-image-19810\" srcset=\"https:\/\/sp1.kielce.eu\/wp-content\/uploads\/2021\/11\/MicrosoftTeams-image2-Medium-1.png 1365w, https:\/\/sp1.kielce.eu\/wp-content\/uploads\/2021\/11\/MicrosoftTeams-image2-Medium-1-300x169.png 300w, https:\/\/sp1.kielce.eu\/wp-content\/uploads\/2021\/11\/MicrosoftTeams-image2-Medium-1-768x432.png 768w, https:\/\/sp1.kielce.eu\/wp-content\/uploads\/2021\/11\/MicrosoftTeams-image2-Medium-1-820x461.png 820w\" sizes=\"auto, (max-width: 1365px) 100vw, 1365px\" \/><\/a><\/figure><\/li><li class=\"blocks-gallery-item\"><figure><a href=\"http:\/\/sp1.kielce.eu\/wp-content\/uploads\/2021\/11\/MicrosoftTeams-image3-Medium.png\"><img loading=\"lazy\" decoding=\"async\" width=\"1365\" height=\"768\" src=\"http:\/\/sp1.kielce.eu\/wp-content\/uploads\/2021\/11\/MicrosoftTeams-image3-Medium.png\" alt=\"\" data-id=\"19811\" data-full-url=\"http:\/\/sp1.kielce.eu\/wp-content\/uploads\/2021\/11\/MicrosoftTeams-image3-Medium.png\" data-link=\"http:\/\/sp1.kielce.eu\/?attachment_id=19811\" class=\"wp-image-19811\" srcset=\"https:\/\/sp1.kielce.eu\/wp-content\/uploads\/2021\/11\/MicrosoftTeams-image3-Medium.png 1365w, https:\/\/sp1.kielce.eu\/wp-content\/uploads\/2021\/11\/MicrosoftTeams-image3-Medium-300x169.png 300w, https:\/\/sp1.kielce.eu\/wp-content\/uploads\/2021\/11\/MicrosoftTeams-image3-Medium-768x432.png 768w, https:\/\/sp1.kielce.eu\/wp-content\/uploads\/2021\/11\/MicrosoftTeams-image3-Medium-820x461.png 820w\" sizes=\"auto, (max-width: 1365px) 100vw, 1365px\" \/><\/a><\/figure><\/li><\/ul><\/figure>\n\n\n\n<p><\/p>\n\n\n\n<p class=\"has-text-align-right\">&nbsp;<\/p>\n","protected":false},"excerpt":{"rendered":"<p>Uczniowie naszej szko\u0142y wzi\u0119li udzia\u0142 w konkursie zorganizowanym przez&nbsp;Wydzia\u0142 Gospodarki Komunalnej i \u015arodowiska&nbsp;Urz\u0119du&nbsp;Miasta Kielce&nbsp;pod has\u0142em&nbsp;&#8211;&nbsp;\u201eKielce [&hellip;]<\/p>\n","protected":false},"author":5,"featured_media":19808,"comment_status":"closed","ping_status":"open","sticky":false,"template":"","format":"standard","meta":{"footnotes":""},"categories":[36,24],"tags":[],"class_list":["post-19807","post","type-post","status-publish","format-standard","has-post-thumbnail","hentry","category-wydarzenia","category-zdrowie"],"_links":{"self":[{"href":"https:\/\/sp1.kielce.eu\/index.php\/wp-json\/wp\/v2\/posts\/19807","targetHints":{"allow":["GET"]}}],"collection":[{"href":"https:\/\/sp1.kielce.eu\/index.php\/wp-json\/wp\/v2\/posts"}],"about":[{"href":"https:\/\/sp1.kielce.eu\/index.php\/wp-json\/wp\/v2\/types\/post"}],"author":[{"embeddable":true,"href":"https:\/\/sp1.kielce.eu\/index.php\/wp-json\/wp\/v2\/users\/5"}],"replies":[{"embeddable":true,"href":"https:\/\/sp1.kielce.eu\/index.php\/wp-json\/wp\/v2\/comments?post=19807"}],"version-history":[{"count":2,"href":"https:\/\/sp1.kielce.eu\/index.php\/wp-json\/wp\/v2\/posts\/19807\/revisions"}],"predecessor-version":[{"id":19926,"href":"https:\/\/sp1.kielce.eu\/index.php\/wp-json\/wp\/v2\/posts\/19807\/revisions\/19926"}],"wp:featuredmedia":[{"embeddable":true,"href":"https:\/\/sp1.kielce.eu\/index.php\/wp-json\/wp\/v2\/media\/19808"}],"wp:attachment":[{"href":"https:\/\/sp1.kielce.eu\/index.php\/wp-json\/wp\/v2\/media?parent=19807"}],"wp:term":[{"taxonomy":"category","embeddable":true,"href":"https:\/\/sp1.kielce.eu\/index.php\/wp-json\/wp\/v2\/categories?post=19807"},{"taxonomy":"post_tag","embeddable":true,"href":"https:\/\/sp1.kielce.eu\/index.php\/wp-json\/wp\/v2\/tags?post=19807"}],"curies":[{"name":"wp","href":"https:\/\/api.w.org\/{rel}","templated":true}]}}